{"id":1408,"date":"2012-12-03T21:11:08","date_gmt":"2012-12-03T23:11:08","guid":{"rendered":"http:\/\/ultimato.com.br\/sites\/timcarriker\/?p=1408"},"modified":"2012-12-03T21:11:33","modified_gmt":"2012-12-03T23:11:33","slug":"conversando-com-seu-pai","status":"publish","type":"post","link":"https:\/\/ultimato.com.br\/sites\/timcarriker\/2012\/12\/03\/conversando-com-seu-pai\/","title":{"rendered":"Conversando com seu Pai"},"content":{"rendered":"<p>Semana 43: Lucas 11.1-4<\/p>\n<blockquote><p>De uma feita, estava Jesus orando em certo lugar; quando terminou, um dos seus disc\u00edpulos lhe pediu: Senhor, ensina-nos a orar como tamb\u00e9m Jo\u00e3o ensinou aos seus disc\u00edpulos.\u00a0Ent\u00e3o, ele os ensinou: Quando orardes, dizei: Pai, santificado seja o teu nome; venha o teu reino;\u00a0o p\u00e3o nosso cotidiano d\u00e1-nos de dia em dia;\u00a0perdoa-nos os nossos pecados, pois tamb\u00e9m n\u00f3s perdoamos a todo o que nos deve; e n\u00e3o nos deixes cair em tenta\u00e7\u00e3o.<\/p><\/blockquote>\n<p>A passagem come\u00e7a com Jesus orando. Isto n\u00e3o apresenta um problema teol\u00f3gico para voc\u00ea? Se ele pr\u00f3prio era Deus, por que orava? E orava para quem? Certamente voc\u00ea est\u00e1 aguardando uma resposta esperta de mim para \u201cresolver\u201d isto. Pode continuar esperando, porque nenhuma das explica\u00e7\u00f5es acerca da trindade \u00e9 totalmente adequada. Mas veja a ora\u00e7\u00e3o anterior a esta, no cap\u00edtulo 10. Veja como na pr\u00f3pria ora\u00e7\u00e3o Jesus ocupa um papel \u00fanico com Deus, um que somente ele pode ocupar, algo que j\u00e1 aponta para a sua uni\u00e3o com o Pai. E isto era maravilhoso para os disc\u00edpulos, mais incr\u00edvel que qualquer coisa que os profetas e reis antes deles haviam experimentado (10.23).<!--more--><\/p>\n<p>E esta coisa maravilhosa era decorrente do relacionamento \u00edntimo de Jesus com o Pai, um relacionamento que era cultivado pela conversa aberta, simples e objetivo. Quando este tipo de conversa \u00e9 dirigido para a divindade, ela se torna conhecida como \u201cora\u00e7\u00e3o\u201d. A ora\u00e7\u00e3o \u00e9 conversa, e Jesus conversava muito com seu pai. N\u00e3o era necess\u00e1rio marcar uma reuni\u00e3o para fazer isso. N\u00e3o havia rotinas onde convinha inserir uma \u201cora\u00e7\u00e3o\u201d. Isto porque a ora\u00e7\u00e3o para Jesus, n\u00e3o era formalidade, uma pe\u00e7a que se acrescentava \u00e0 liturgia ou ao in\u00edcio duma reuni\u00e3o. A ora\u00e7\u00e3o era conversa. E conversa se faz que se tem algo para falar, n\u00e3o meramente em hora marcada.<\/p>\n<p>Jesus orava e isto impressionou os disc\u00edpulos. Quem sabe eles queriam algo da intimidade que Jesus tinha com Deus. E ent\u00e3o, pediam para Jesus \u201censinar\u201d como orar. E Jesus atendeu ao seu pedido. S\u00f3 que a gente n\u00e3o se deve enganar. A \u00eanfase aqui n\u00e3o est\u00e1 na t\u00e9cnica. T\u00e9cnica \u00e9 mania de americano. Tamb\u00e9m a \u00eanfase n\u00e3o est\u00e1 no conte\u00fado. Isto \u00e9 uma preocupa\u00e7\u00e3o moderna. Claro, podemos aprender algo tanto de t\u00e9cnica quanto de conte\u00fado quando estudamos esta ora\u00e7\u00e3o. Mas Jesus parece estar querendo mostrar uma outra coisa para os seus disc\u00edpulos. Ele est\u00e1 querendo revelar algo do pr\u00f3prio car\u00e1ter de Deus. Ele est\u00e1 dizendo que Deus, primeiro \u00e9 Pai (grego = <em>pater<\/em>, do hebraico = <em>abba<\/em>). Ele \u00e9 pai e como todo bom pai, ele quer conversar com seus filhos.<\/p>\n<p>E como conversamos com Deus Pai? Primeiro, honrando-o. Em portugu\u00eas fazemos isto nos dirigindo ao nosso pai como \u201csenhor\u201d. \u201cPai, o senhor bl\u00e1, bl\u00e1, bl\u00e1, bl\u00e1, bl\u00e1?\u201d No caso de Deus, dizemos, \u201cPai, santificado seja seu nome.\u201d O nome de Deus representa sua pr\u00f3pria pessoa e por isso, deve ser reconhecido como \u201csanto\u201d. N\u00f3s fazemos isto para guardar a honra de Deus&#8230;santificamos o seu nome. E pedimos o pleno estabelecimento do seu governo para mostrar nossa lealdade total a sua causa. A honra de Deus pede a nossa lealdade.<br \/>\nSendo pai, \u00e9 dele que adquirimos o nosso sustento: \u201cd\u00e1-nos cada dia o alimento que precisamos\u201d.<\/p>\n<p>E tendo compaix\u00e3o e miseric\u00f3rdia como atributos fundamentais, n\u00f3s tamb\u00e9m temos a obriga\u00e7\u00e3o de viver vidas temperadas, compassivas, dadas, amorosas, perdoadoras.<\/p>\n<p>Finalmente, como todas as crian\u00e7as, filhos de pais, pedimos livramento das coisas ruins que possam nos derrubar.<br \/>\nNisto tudo, somos levados a contemplar a paternidade de Deus e a natureza desta paternidade: santo, exigindo de lealdade, compassivo e protetor&#8230;todas caracter\u00edsticas dum pai ideal.<\/p>\n<p><strong>Ora\u00e7\u00e3o<\/strong><\/p>\n<blockquote><p>Pai, santificado seja o teu nome; venha o teu reino;\u00a0o p\u00e3o nosso cotidiano d\u00e1-nos de dia em dia;\u00a0perdoa-nos os nossos pecados, pois tamb\u00e9m n\u00f3s perdoamos a todo o que nos deve; e n\u00e3o nos deixes cair em tenta\u00e7\u00e3o. Am\u00e9m<\/p><\/blockquote>\n","protected":false},"excerpt":{"rendered":"<p>Semana 43: Lucas 11.1-4 De uma feita, estava Jesus orando em certo lugar; quando terminou, um dos seus disc\u00edpulos lhe pediu: Senhor, ensina-nos a orar como tamb\u00e9m Jo\u00e3o ensinou aos seus disc\u00edpulos.\u00a0Ent\u00e3o, ele os ensinou: Quando orardes, dizei: Pai, santificado seja o teu nome; venha o teu reino;\u00a0o p\u00e3o nosso cotidiano d\u00e1-nos de dia em [&hellip;]<\/p>\n","protected":false},"author":25,"featured_media":1409,"comment_status":"open","ping_status":"open","sticky":false,"template":"","format":"standard","meta":{"ngg_post_thumbnail":0,"footnotes":""},"categories":[5447,12073],"tags":[],"class_list":["post-1408","post","type-post","status-publish","format-standard","has-post-thumbnail","hentry","category-devocional","category-lucas"],"_links":{"self":[{"href":"https:\/\/ultimato.com.br\/sites\/timcarriker\/wp-json\/wp\/v2\/posts\/1408","targetHints":{"allow":["GET"]}}],"collection":[{"href":"https:\/\/ultimato.com.br\/sites\/timcarriker\/wp-json\/wp\/v2\/posts"}],"about":[{"href":"https:\/\/ultimato.com.br\/sites\/timcarriker\/wp-json\/wp\/v2\/types\/post"}],"author":[{"embeddable":true,"href":"https:\/\/ultimato.com.br\/sites\/timcarriker\/wp-json\/wp\/v2\/users\/25"}],"replies":[{"embeddable":true,"href":"https:\/\/ultimato.com.br\/sites\/timcarriker\/wp-json\/wp\/v2\/comments?post=1408"}],"version-history":[{"count":3,"href":"https:\/\/ultimato.com.br\/sites\/timcarriker\/wp-json\/wp\/v2\/posts\/1408\/revisions"}],"predecessor-version":[{"id":1412,"href":"https:\/\/ultimato.com.br\/sites\/timcarriker\/wp-json\/wp\/v2\/posts\/1408\/revisions\/1412"}],"wp:featuredmedia":[{"embeddable":true,"href":"https:\/\/ultimato.com.br\/sites\/timcarriker\/wp-json\/wp\/v2\/media\/1409"}],"wp:attachment":[{"href":"https:\/\/ultimato.com.br\/sites\/timcarriker\/wp-json\/wp\/v2\/media?parent=1408"}],"wp:term":[{"taxonomy":"category","embeddable":true,"href":"https:\/\/ultimato.com.br\/sites\/timcarriker\/wp-json\/wp\/v2\/categories?post=1408"},{"taxonomy":"post_tag","embeddable":true,"href":"https:\/\/ultimato.com.br\/sites\/timcarriker\/wp-json\/wp\/v2\/tags?post=1408"}],"curies":[{"name":"wp","href":"https:\/\/api.w.org\/{rel}","templated":true}]}}