{"id":1310,"date":"2012-08-28T19:34:14","date_gmt":"2012-08-28T21:34:14","guid":{"rendered":"http:\/\/ultimato.com.br\/sites\/timcarriker\/?p=1310"},"modified":"2012-09-06T12:14:09","modified_gmt":"2012-09-06T14:14:09","slug":"eles-estavam-com-medo","status":"publish","type":"post","link":"https:\/\/ultimato.com.br\/sites\/timcarriker\/2012\/08\/28\/eles-estavam-com-medo\/","title":{"rendered":"Eles estavam com medo&#8230;"},"content":{"rendered":"<p>Semana 35: Lucas 9.37-45<\/p>\n<blockquote><p>No dia seguinte eles desceram do monte, e uma grande multid\u00e3o veio se encontrar com Jesus.\u00a0A\u00ed um homem que estava no meio do povo come\u00e7ou a gritar: \u2014 Mestre, pe\u00e7o ao senhor pelo meu filho, o meu \u00fanico filho!\u00a0Um esp\u00edrito mau o agarra, e, de repente, o menino d\u00e1 um grito e come\u00e7a a ter convuls\u00f5es e a espumar pela boca. O esp\u00edrito o maltrata e n\u00e3o o solta de jeito nenhum.\u00a0J\u00e1 pedi aos disc\u00edpulos do senhor que expulsassem o esp\u00edrito mau, mas eles n\u00e3o conseguiram.\u00a0Jesus respondeu: \u2014 Gente m\u00e1 e sem f\u00e9! At\u00e9 quando ficarei com voc\u00eas? At\u00e9 quando terei de ag\u00fcent\u00e1-los? Ent\u00e3o disse ao homem: \u2014 Traga o seu filho aqui.\u00a0Quando o menino estava chegando, teve um ataque, e o dem\u00f4nio o jogou no ch\u00e3o. Ent\u00e3o Jesus deu uma ordem ao esp\u00edrito mau, curou o menino e o entregou ao pai.\u00a0E <strong>todos ficaram admirados<\/strong> com o grande poder de Deus. <strong>Todos estavam admirados com o que Jesus fazia<\/strong>, e ele disse aos disc\u00edpulos:\u00a0\u2014 N\u00e3o esque\u00e7am o que vou dizer a voc\u00eas: o Filho do Homem ser\u00e1 entregue nas m\u00e3os dos homens.\u00a0<strong>Mas eles n\u00e3o entenderam isso, pois o que essas palavras queriam dizer tinha sido escondido deles para que n\u00e3o as entendessem. E eles estavam com medo<\/strong> de fazer perguntas a Jesus sobre o assunto.<\/p><\/blockquote>\n<p>Continuamos com a tema da admira\u00e7\u00e3o, da incompreens\u00e3o e do medo dos disc\u00edpulos, tr\u00eas caracter\u00edsticas que parecem n\u00e3o coabit\u00e1veis, mas evidentemente s\u00e3o.<!--more--><\/p>\n<p>Quais foram as circunst\u00e2ncias desta confus\u00e3o dos disc\u00edpulos?<\/p>\n<p>Um homem havia pedido que Jesus expulsasse o dem\u00f4nio da sua filha depois do insucesso de faz\u00ea-lo por parte dos disc\u00edpulos. Diante disto, Jesus desabafa:\u00a0\u201cGente m\u00e1 e sem f\u00e9! At\u00e9 quando ficarei com voc\u00eas? At\u00e9 quando terei de ag\u00fcent\u00e1-los?\u201d Repare bem o uso do plural. De quem Jesus est\u00e1 faando? Est\u00e1 chateado com quem? O pai de filha aflita ou os disc\u00edpulos? Obviamente o plural se refere aos disc\u00edpulos. Ent\u00e3o&#8230;<\/p>\n<p>Jesus, com a maior simplesidade e tranquilidade trata da menina. Poder\u00edamos fazer longa reflex\u00e3o aqui sobre as implica\u00e7\u00f5es da simplesmente do trato de Jesus e mais tarde, dos ap\u00f3stolos, comparado com o drama e ora\u00e7\u00f5es elaboradas\u2014para ingl\u00eas v\u00ea\u2014de alguns minist\u00e9rios hoje de exorcismo e cura. E \u00e0s vezes imagino se n\u00e3o era isto mesmo o &#8220;estilo&#8221; e o procedimento dos disc\u00edpulos quando foram pedidos para expulsar o dem\u00f4nio. Admitidamente \u00e9 especula\u00e7\u00e3o minha, mas havia\u00a0<em>algum<\/em> motivo pela chatea\u00e7\u00e3o de Jesus. Que foi este motivo, sen\u00e3o o mal \u00eaxito dos disc\u00edpulos no seu minist\u00e9rio?<\/p>\n<p>Faltou-lhes admira\u00e7\u00e3o? N\u00e3o. A passagem deixa claro que os disc\u00edpulos permaneceram admirados com o minist\u00e9rio de Jesus. Mas a explica\u00e7\u00e3o posterior de Lucas <em>parece<\/em> apontar para a defici\u00eancia dos disc\u00edpulos que provocou a chatea\u00e7\u00e3o de Jesus.\u00a0<em>Novamente<\/em>, pela &#8220;n&#8221; vez, Jesus falou que o Filho do Homem ter\u00e1 que sofer. Eis a confus\u00e3o. Como mencionamos antes, a nomenclatura do &#8220;Filho do Homem&#8221; se referia, ao menos em Daniel, a uma figura sobrenatural. Como, ent\u00e3o, uma figura divina poder\u00e1 sofrer? Como isto \u00e9 poss\u00edvel? As evid\u00eancias\u2014a manifesta\u00e7\u00e3o de grande poder no minist\u00e9rio de Jesus\u2014n\u00e3o &#8220;provam&#8221; que Jesus seria uma figura invenc\u00edvel? Eles n\u00e3o entenderam. N\u00e3o poderiam correlacionar minist\u00e9rio eficaz com uma postura que, aos olhos humanos, poder\u00e1 ser derrubado.<\/p>\n<p>E eis o dilema e o desafio do minist\u00e9rio at\u00e9 os dias de hoje. Como resolv\u00ea-lo? Que pensas tu?<\/p>\n<p><strong>Ora\u00e7\u00e3o<\/strong><\/p>\n<blockquote><p>N\u00f3s Te louvamos Deus eterno e todo-poderoso e Te agradecemos pela Tua gra\u00e7a manifesta nas nossas vidas. Ensinas-nos a viver pela f\u00e9, mesmo em meio de circunst\u00e2ncias que parecem nos derrubar. Em nome de Jesus. Am\u00e9m.<\/p><\/blockquote>\n","protected":false},"excerpt":{"rendered":"<p>Semana 35: Lucas 9.37-45 No dia seguinte eles desceram do monte, e uma grande multid\u00e3o veio se encontrar com Jesus.\u00a0A\u00ed um homem que estava no meio do povo come\u00e7ou a gritar: \u2014 Mestre, pe\u00e7o ao senhor pelo meu filho, o meu \u00fanico filho!\u00a0Um esp\u00edrito mau o agarra, e, de repente, o menino d\u00e1 um grito [&hellip;]<\/p>\n","protected":false},"author":25,"featured_media":1318,"comment_status":"open","ping_status":"open","sticky":false,"template":"","format":"standard","meta":{"ngg_post_thumbnail":0,"footnotes":""},"categories":[5447,12073],"tags":[],"class_list":["post-1310","post","type-post","status-publish","format-standard","has-post-thumbnail","hentry","category-devocional","category-lucas"],"_links":{"self":[{"href":"https:\/\/ultimato.com.br\/sites\/timcarriker\/wp-json\/wp\/v2\/posts\/1310","targetHints":{"allow":["GET"]}}],"collection":[{"href":"https:\/\/ultimato.com.br\/sites\/timcarriker\/wp-json\/wp\/v2\/posts"}],"about":[{"href":"https:\/\/ultimato.com.br\/sites\/timcarriker\/wp-json\/wp\/v2\/types\/post"}],"author":[{"embeddable":true,"href":"https:\/\/ultimato.com.br\/sites\/timcarriker\/wp-json\/wp\/v2\/users\/25"}],"replies":[{"embeddable":true,"href":"https:\/\/ultimato.com.br\/sites\/timcarriker\/wp-json\/wp\/v2\/comments?post=1310"}],"version-history":[{"count":14,"href":"https:\/\/ultimato.com.br\/sites\/timcarriker\/wp-json\/wp\/v2\/posts\/1310\/revisions"}],"predecessor-version":[{"id":1329,"href":"https:\/\/ultimato.com.br\/sites\/timcarriker\/wp-json\/wp\/v2\/posts\/1310\/revisions\/1329"}],"wp:featuredmedia":[{"embeddable":true,"href":"https:\/\/ultimato.com.br\/sites\/timcarriker\/wp-json\/wp\/v2\/media\/1318"}],"wp:attachment":[{"href":"https:\/\/ultimato.com.br\/sites\/timcarriker\/wp-json\/wp\/v2\/media?parent=1310"}],"wp:term":[{"taxonomy":"category","embeddable":true,"href":"https:\/\/ultimato.com.br\/sites\/timcarriker\/wp-json\/wp\/v2\/categories?post=1310"},{"taxonomy":"post_tag","embeddable":true,"href":"https:\/\/ultimato.com.br\/sites\/timcarriker\/wp-json\/wp\/v2\/tags?post=1310"}],"curies":[{"name":"wp","href":"https:\/\/api.w.org\/{rel}","templated":true}]}}