{"id":1302,"date":"2012-08-21T22:22:28","date_gmt":"2012-08-22T00:22:28","guid":{"rendered":"http:\/\/ultimato.com.br\/sites\/timcarriker\/?p=1302"},"modified":"2012-08-21T22:25:05","modified_gmt":"2012-08-22T00:25:05","slug":"sabes-o-que-dizes","status":"publish","type":"post","link":"https:\/\/ultimato.com.br\/sites\/timcarriker\/2012\/08\/21\/sabes-o-que-dizes\/","title":{"rendered":"Sabes o que dizes?"},"content":{"rendered":"<p>Semana 34: Lucas 9.28-36<\/p>\n<blockquote><p>\u201cMais ou menos uma semana depois de ter dito essas coisas, Jesus levou Pedro, Jo\u00e3o e Tiago e subiu o monte para orar. Enquanto orava, o seu rosto mudou de apar\u00eancia, e a sua roupa ficou muito branca e brilhante. De repente, dois homens apareceram ali e come\u00e7aram a falar com ele. Eram Mois\u00e9s e Elias, que estavam cercados por um brilho celestial. Eles falavam com Jesus a respeito da morte que, de acordo com a vontade de Deus, ele ia sofrer em Jerusal\u00e9m. Pedro e os seus companheiros estavam dormindo profundamente, mas acordaram e viram a gl\u00f3ria de Jesus e os dois homens que estavam com ele. Quando esses dois homens estavam se afastando de Jesus, Pedro disse: \u2014 Mestre, como \u00e9 bom estarmos aqui! Vamos armar tr\u00eas barracas: uma para o senhor, outra para Mois\u00e9s e outra para Elias. <strong>Pedro n\u00e3o sabia o que estava dizendo.<\/strong> <!--more-->Ele ainda estava falando, quando apareceu uma nuvem e os cobriu. Os disc\u00edpulos ficaram com medo quando a nuvem desceu sobre eles. E da nuvem veio uma voz, que disse: \u2014 Este \u00e9 o meu Filho, o meu escolhido. Escutem o que ele diz! Quando a voz parou, eles viram que Jesus estava sozinho. Os disc\u00edpulos ficaram calados e naquela ocasi\u00e3o n\u00e3o disseram nada a ningu\u00e9m sobre o que tinham visto.<\/p><\/blockquote>\n<p>Diversas vezes ao longo destas devocionais reparamos que a compreens\u00e3o dos prop\u00f3sitos de Deus em Jesus Cristo n\u00e3o s\u00e3o evidentes simplesmente pelo bom racioc\u00ednio. Exige uma certa disposi\u00e7\u00e3o que em outros lugares os autores do Novo Testamento chamam de\u00a0\u201cf\u00e9\u201d. Muitas vezes, at\u00e9 aqui, as pessoas que n\u00e3o demonstram esta f\u00e9, que insistem em aplicar os mesmos crit\u00e9rios de an\u00e1lise que est\u00e3o acostumados s\u00e3o os fariseus e os escribas, isto \u00e9, os l\u00edderes religiosos. Nem sempre, mas geralmente. Mas esta vez\u00a0\u2014\u00a0e n\u00e3o \u00e9 a primeira vez que isto ocorre em Lucas\u00a0\u2014\u00a0o\u00a0\u201cincr\u00e9dulo\u201d \u00e9 um disc\u00edpulo. Ali\u00e1s, ele \u00e9 o l\u00edder entre os disc\u00edpulos (j\u00e1 reparou que Pedro sempre figura no in\u00edcio das listas dos disc\u00edpulos\u00a0nos Evangelhos?).\u00a0\u201cPedro n\u00e3o sabia o que estava dizendo\u201d. Estava voando, e n\u00e3o era a primeira e nem a \u00faltima vez! O mais incr\u00edvel ainda era o contexto da sua confus\u00e3o&#8230;<\/p>\n<p>O contexto era a\u00a0\u201ctransfigura\u00e7\u00e3o\u201d, o encontro de Jesus com o profeta\u00a0mais popular das Escrituras at\u00e9 ent\u00e3o, Elias, e a pessoa mais importante para os judeus (at\u00e9 hoje) nas Escrituras at\u00e9 ent\u00e3o, Mois\u00e9s. Para os disc\u00edpulos, n\u00e3o havia prova maior da autenticidade das palavras e obras de Jesus. E Pedro, mais uma vez, n\u00e3o sacou. Pelo menos \u00e9 isto que a passagem nos diz. Mas espera a\u00ed. Ser\u00e1 que a rea\u00e7\u00e3o de Pedro realmente era diferente que aquela que voc\u00ea ou eu teria diante das mesmas circunst\u00e2ncias? Ele apenas queria ser um bom hospedeiro, deixar um pouco de conforto para os\u00a0\u201cgrandes\u201d e aproveitar um pouco mais (no bom sentido) da oportunidade de estar com eles. Qual era o problema?<\/p>\n<p>Sinceramente n\u00e3o sei dizer precisamente. Posso apenas especular espiritualizando alguma moral como se faz geralmente quando se fala desta passagem.<\/p>\n<p>Hoje tomei caf\u00e9 com um pastor colega, amigo de 35 anos, pastor da igreja onde vou pregar este domingo. Ele pediu que eu compartilhasse o que esta igreja precisa fazer ou mudar para alcan\u00e7ar mais efetivamente a sua comunidade. F\u00e1cil, n\u00e3o?! Tentei falar algumas ideias para ele na hora mas tive a estranha sensa\u00e7\u00e3o que\u00a0\u201cn\u00e3o sabia o que estava dizendo\u201d! Ou seja, o desfio era muito acima de mim. Quantas vezes isto acontece nas nossas vidas? As circunst\u00e2ncias simplesmente ficam acima do que a gente pode alcan\u00e7ar.<\/p>\n<p>E o nosso desafio permanece o mesmo que os disc\u00edpulos: ouvir o Filho escolhido de Deus e escutar o que ele diz!<\/p>\n<p><strong>Ora\u00e7\u00e3o<\/strong><\/p>\n<blockquote><p>Pai, nos d\u00ea ouvidos para ouvir e a percep\u00e7\u00e3o para compreender a incumb\u00eancia que nos deu e capacite-nos pelo Seu Esp\u00edrito. Em nome de Jesus. Am\u00e9m.<\/p><\/blockquote>\n","protected":false},"excerpt":{"rendered":"<p>Semana 34: Lucas 9.28-36 \u201cMais ou menos uma semana depois de ter dito essas coisas, Jesus levou Pedro, Jo\u00e3o e Tiago e subiu o monte para orar. Enquanto orava, o seu rosto mudou de apar\u00eancia, e a sua roupa ficou muito branca e brilhante. De repente, dois homens apareceram ali e come\u00e7aram a falar com [&hellip;]<\/p>\n","protected":false},"author":25,"featured_media":1305,"comment_status":"open","ping_status":"open","sticky":false,"template":"","format":"standard","meta":{"ngg_post_thumbnail":0,"footnotes":""},"categories":[116,5447,12073],"tags":[],"class_list":["post-1302","post","type-post","status-publish","format-standard","has-post-thumbnail","hentry","category-blog","category-devocional","category-lucas"],"_links":{"self":[{"href":"https:\/\/ultimato.com.br\/sites\/timcarriker\/wp-json\/wp\/v2\/posts\/1302","targetHints":{"allow":["GET"]}}],"collection":[{"href":"https:\/\/ultimato.com.br\/sites\/timcarriker\/wp-json\/wp\/v2\/posts"}],"about":[{"href":"https:\/\/ultimato.com.br\/sites\/timcarriker\/wp-json\/wp\/v2\/types\/post"}],"author":[{"embeddable":true,"href":"https:\/\/ultimato.com.br\/sites\/timcarriker\/wp-json\/wp\/v2\/users\/25"}],"replies":[{"embeddable":true,"href":"https:\/\/ultimato.com.br\/sites\/timcarriker\/wp-json\/wp\/v2\/comments?post=1302"}],"version-history":[{"count":5,"href":"https:\/\/ultimato.com.br\/sites\/timcarriker\/wp-json\/wp\/v2\/posts\/1302\/revisions"}],"predecessor-version":[{"id":1307,"href":"https:\/\/ultimato.com.br\/sites\/timcarriker\/wp-json\/wp\/v2\/posts\/1302\/revisions\/1307"}],"wp:featuredmedia":[{"embeddable":true,"href":"https:\/\/ultimato.com.br\/sites\/timcarriker\/wp-json\/wp\/v2\/media\/1305"}],"wp:attachment":[{"href":"https:\/\/ultimato.com.br\/sites\/timcarriker\/wp-json\/wp\/v2\/media?parent=1302"}],"wp:term":[{"taxonomy":"category","embeddable":true,"href":"https:\/\/ultimato.com.br\/sites\/timcarriker\/wp-json\/wp\/v2\/categories?post=1302"},{"taxonomy":"post_tag","embeddable":true,"href":"https:\/\/ultimato.com.br\/sites\/timcarriker\/wp-json\/wp\/v2\/tags?post=1302"}],"curies":[{"name":"wp","href":"https:\/\/api.w.org\/{rel}","templated":true}]}}