{"id":13,"date":"2012-02-06T12:54:49","date_gmt":"2012-02-06T12:54:49","guid":{"rendered":"http:\/\/ultimato.com.br\/sites\/timcarriker\/?p=13"},"modified":"2012-02-18T21:54:27","modified_gmt":"2012-02-18T23:54:27","slug":"amigos-amigos-nada-a-parte","status":"publish","type":"post","link":"https:\/\/ultimato.com.br\/sites\/timcarriker\/2012\/02\/06\/amigos-amigos-nada-a-parte\/","title":{"rendered":"Amigos, amigos&#8230; nada \u00e0 parte"},"content":{"rendered":"<div><em>Mando sauda\u00e7\u00f5es a Priscila e ao seu marido \u00c1quila,\u2026 ao meu querido amigo Ep\u00eaneto,\u2026 a Maria,\u2026 a Andr\u00f4nico e \u00e0 irm\u00e3 J\u00fania,\u2026 a<\/em><\/div>\n<p><em>Ampliato,\u2026 a Urbano,\u2026 ao meu querido amigo Est\u00e1quis,\u2026 a Apeles,\u2026 ao pessoal da fam\u00edlia de Arist\u00f3bulo,\u2026 a Herodi\u00e3o,\u2026 aos irm\u00e3os no Senhor da fam\u00edlia de Narciso,\u2026 a Trifena e a Trifosa,\u2026 \u00e0 minha querida amiga P\u00e9rside,\u2026 a Rufo\u2026 e \u00e0 m\u00e3e dele, que sempre me tratou como filho.\u2026 aos irm\u00e3os As\u00edncrito, Flegonte, Hermes, P\u00e1trobas, Hermase a todos os irm\u00e3os que est\u00e3o com eles.\u2026 a Fil\u00f3logo e a J\u00falia; a Nereu e \u00e0 sua irm\u00e3; ao irm\u00e3o Olimpos e a todas as pessoas do povo de Deus que est\u00e3o com eles.\u2026 Tim\u00f3teo,\u2026 L\u00facio, Jas\u00e3o e Sos\u00edpatro,\u2026 Gaio\u2026 Erasto\u2026 e o nosso irm\u00e3o Quarto\u2026<\/em><\/p>\n<p>Paulo em Romanos 16.2\u202623 (NTLH)<!--more--><\/p>\n<p>Estamos no in\u00edcio de 2012 e recentemente completei um estudo da Carta aos Romanos. O final desta carta me traz um desafio importante enquanto penso no in\u00edcio do novo ano: o papel dos bons relacionamentos no estabelecimento do plano de Deus para o nosso mundo e o exerc\u00edcio da miss\u00e3o que Deus deu para a sua igreja.<\/p>\n<p>Quando leio esta lista acima n\u00e3o posso deixar de lembrar dos meus primeiros dias no Brasil em 1977. Tantos nomes que eu nunca tinha ouvido falar! Eu estava muito mais acostumado com nomes do tipo: John, Jim, David, Bill, Jane, Sally, Liz. Tive tamb\u00e9m que decifrar os apelidos: Z\u00e9, Z\u00ed, Malu, Nando, e assim vai. Talvez a lista de Romanos tamb\u00e9m impressione por causa dos nomes estranhos. Mas se voc\u00ea conseguir ver al\u00e9m disso, perceber\u00e1 algo extraordin\u00e1rio: Paulo teve muitos amigos e eles eram amigos\u00a0<strong>\u00edntimos<\/strong>. Outra coisa: ele sabia que o que importava nesta vida eram os relacionamentos. Claro que a teologia \u00e9 importante. A exposi\u00e7\u00e3o b\u00edblica \u00e9 importante. E muito, afinal, Paulo gastou muita tinta com estas coisas aqui mesmo, nesta carta. Mas no final do dia, importava tamb\u00e9m os relacionamentos e as amizades.<\/p>\n<p>Muitos pensam na Carta aos Romanos como um tratado teol\u00f3gico, a magna carta de Paulo. E sem d\u00favida, ela \u00e9 densa em reflex\u00e3o teol\u00f3gica, tanto que serviu de grande motor de partida para a Reforma Protestante. Mas obviamente Paulo n\u00e3o estava pensando na Reforma Protestante quando escreveu esta carta. Pensava no qu\u00ea? No seu pr\u00f3ximo desafio mission\u00e1rio, imenso em compara\u00e7\u00e3o com os desafios anteriores nas prov\u00edncias orientais do Imp\u00e9rio Romano. Pensava em avan\u00e7ar at\u00e9 as prov\u00edncias ocidentais, at\u00e9 a Espanha e, por isso, precisava da simpatia dos crist\u00e3os romanos para encaminh\u00e1-lo (15.24).Logo, a Carta aos Romanos era uma carta de apresenta\u00e7\u00e3o de um mission\u00e1rio, o qual, ali\u00e1s, j\u00e1 era not\u00f3rio, ainda que um tanto controvertido. E \u00e9 por causa da controv\u00e9rsia existente a seu respeito, especialmente com rela\u00e7\u00e3o \u00e0 sua posi\u00e7\u00e3o sobre a inclus\u00e3o dos gentios crist\u00e3os sem a exig\u00eancia da circuncis\u00e3o, que havia a necessidade da sua minuciosa explica\u00e7\u00e3o teol\u00f3gica, bem fundada biblicamente.*<\/p>\n<p>E qual era a explica\u00e7\u00e3o? Que Deus se revelou na morte e ressurrei\u00e7\u00e3o de Jesus e est\u00e1 agora no processo de endireitar (a palavra t\u00e9cnica \u00e9 \u201cjustificar\u201d) todas as coisas, come\u00e7ando com um povo renovado de Deus que vive de acordo com os seus prop\u00f3sitos. E isto, por sua vez, exige um tipo de comunh\u00e3o e uni\u00e3o que somente nasce de amizades feitas no c\u00e9u.<\/p>\n<p>Por que os bons relacionamentos s\u00e3o importantes? Porque a justifica\u00e7\u00e3o pela f\u00e9, assunto dos primeiros oito cap\u00edtulos, n\u00e3o s\u00f3 nos coloca em justa rela\u00e7\u00e3o com Deus, mas tamb\u00e9m restabelece justos relacionamentos com o nosso pr\u00f3ximo, como por exemplo, entre gentios e judeus, assunto dos cap\u00edtulos 9 a 11, e tamb\u00e9m entre pessoas diferentes dentro da igreja, assunto dos cap\u00edtulos 12 a 15.<\/p>\n<p>Agora deu para entender porque Paulo terminou a sua carta saudando os seus amigos? \u00c9 porque isto \u00e9 a consequ\u00eancia da a\u00e7\u00e3o do evangelho nas nossas vidas. Uma palavra de outra sorte complicada, a justifica\u00e7\u00e3o, se traduz em churrasco juntos, f\u00e9rias juntas, conversas abertas e carinhosas, atos de miseric\u00f3rdia e socorro. A palavra teol\u00f3gica \u201cjustifica\u00e7\u00e3o\u201d se traduz no dia-a-dia crist\u00e3o em atos de amor (Romanos 12-13) e em relacionamentos n\u00e3o competitivos, mas sim, altru\u00edstas (Romanos 14). Os relacionamentos justos n\u00e3o s\u00f3 se referem negativamente aos tratamentos n\u00e3o opressivos e n\u00e3o ego\u00edstas. Mas se referem tamb\u00e9m positivamente aos relacionamentos regidos pelo amor, \u00e0 base de toda a amizade (ali\u00e1s, as duas palavras, amor e amizade, t\u00eam a mesma raiz).<\/p>\n<p>Ent\u00e3o, como Paulo saudava os seus amigos com muito carinho, quero tamb\u00e9m saudar cada um de voc\u00eas com o mesmo amor. Espero que, por meio desta coluna, possamos fazer novas amizades e aprofundar as velhas. Deus os aben\u00e7oe neste in\u00edcio de 2012!<\/p>\n<p>Que possamos celebrar a vinda daquele que possibilitou amizades divinas, porque a justi\u00e7a que ele trouxe possibilita a justi\u00e7a em n\u00f3s que se manifesta nas nossas amizades.<\/p>\n<p>* A maioria das cita\u00e7\u00f5es b\u00edblicas feitas por Paulo se encontra nesta \u00fanica carta.<\/p>\n","protected":false},"excerpt":{"rendered":"<p>Mando sauda\u00e7\u00f5es a Priscila e ao seu marido \u00c1quila,\u2026 ao meu querido amigo Ep\u00eaneto,\u2026 a Maria,\u2026 a Andr\u00f4nico e \u00e0 irm\u00e3 J\u00fania,\u2026 a Ampliato,\u2026 a Urbano,\u2026 ao meu querido amigo Est\u00e1quis,\u2026 a Apeles,\u2026 ao pessoal da fam\u00edlia de Arist\u00f3bulo,\u2026 a Herodi\u00e3o,\u2026 aos irm\u00e3os no Senhor da fam\u00edlia de Narciso,\u2026 a Trifena e a Trifosa,\u2026 \u00e0 [&hellip;]<\/p>\n","protected":false},"author":24,"featured_media":988,"comment_status":"open","ping_status":"open","sticky":false,"template":"","format":"standard","meta":{"ngg_post_thumbnail":0,"footnotes":""},"categories":[116],"tags":[12030,4783,164],"class_list":["post-13","post","type-post","status-publish","format-standard","has-post-thumbnail","hentry","category-blog","tag-casamento-e-familia","tag-espiritualidade","tag-vida-crista"],"_links":{"self":[{"href":"https:\/\/ultimato.com.br\/sites\/timcarriker\/wp-json\/wp\/v2\/posts\/13","targetHints":{"allow":["GET"]}}],"collection":[{"href":"https:\/\/ultimato.com.br\/sites\/timcarriker\/wp-json\/wp\/v2\/posts"}],"about":[{"href":"https:\/\/ultimato.com.br\/sites\/timcarriker\/wp-json\/wp\/v2\/types\/post"}],"author":[{"embeddable":true,"href":"https:\/\/ultimato.com.br\/sites\/timcarriker\/wp-json\/wp\/v2\/users\/24"}],"replies":[{"embeddable":true,"href":"https:\/\/ultimato.com.br\/sites\/timcarriker\/wp-json\/wp\/v2\/comments?post=13"}],"version-history":[{"count":9,"href":"https:\/\/ultimato.com.br\/sites\/timcarriker\/wp-json\/wp\/v2\/posts\/13\/revisions"}],"predecessor-version":[{"id":989,"href":"https:\/\/ultimato.com.br\/sites\/timcarriker\/wp-json\/wp\/v2\/posts\/13\/revisions\/989"}],"wp:featuredmedia":[{"embeddable":true,"href":"https:\/\/ultimato.com.br\/sites\/timcarriker\/wp-json\/wp\/v2\/media\/988"}],"wp:attachment":[{"href":"https:\/\/ultimato.com.br\/sites\/timcarriker\/wp-json\/wp\/v2\/media?parent=13"}],"wp:term":[{"taxonomy":"category","embeddable":true,"href":"https:\/\/ultimato.com.br\/sites\/timcarriker\/wp-json\/wp\/v2\/categories?post=13"},{"taxonomy":"post_tag","embeddable":true,"href":"https:\/\/ultimato.com.br\/sites\/timcarriker\/wp-json\/wp\/v2\/tags?post=13"}],"curies":[{"name":"wp","href":"https:\/\/api.w.org\/{rel}","templated":true}]}}