{"id":1294,"date":"2012-08-13T14:25:25","date_gmt":"2012-08-13T16:25:25","guid":{"rendered":"http:\/\/ultimato.com.br\/sites\/timcarriker\/?p=1294"},"modified":"2012-08-13T14:32:41","modified_gmt":"2012-08-13T16:32:41","slug":"quem-e-jesus-para-voce","status":"publish","type":"post","link":"https:\/\/ultimato.com.br\/sites\/timcarriker\/2012\/08\/13\/quem-e-jesus-para-voce\/","title":{"rendered":"Quem \u00e9 Jesus para voc\u00ea?"},"content":{"rendered":"<p>Semana 33: Lucas 9.18-27<\/p>\n<blockquote><p>Certa vez Jesus estava sozinho, orando, e os disc\u00edpulos chegaram perto dele. Ent\u00e3o ele perguntou: \u2014 Quem o povo diz que eu sou? Eles responderam: \u2014 Alguns dizem que o senhor \u00e9 Jo\u00e3o Batista; outros, que \u00e9 Elias; e outros, que \u00e9 um dos profetas antigos que ressuscitou. \u2014 E voc\u00eas? Quem voc\u00eas dizem que eu sou? \u2014 perguntou Jesus. Pedro respondeu: \u2014 O Messias que Deus enviou. Ent\u00e3o Jesus proibiu os disc\u00edpulos de contarem isso a qualquer pessoa. E continuou: \u2014 O Filho do Homem ter\u00e1 de sofrer muito. Ele ser\u00e1 rejeitado pelos l\u00edderes judeus, pelos chefes dos sacerdotes e pelos mestres da Lei. Ser\u00e1 morto e, no terceiro dia, ser\u00e1 ressuscitado. Depois disse a todos: \u2014 Se algu\u00e9m quer ser meu seguidor, que esque\u00e7a os seus pr\u00f3prios interesses, esteja pronto cada dia para morrer como eu vou morrer e me acompanhe. Pois quem p\u00f5e os seus pr\u00f3prios interesses em primeiro lugar nunca ter\u00e1 a vida verdadeira; mas quem esquece a si mesmo por minha causa ter\u00e1 a vida verdadeira. O que adianta algu\u00e9m ganhar o mundo inteiro, mas perder a vida verdadeira e ser destru\u00eddo? Pois, se algu\u00e9m tiver vergonha de mim e do meu ensinamento, ent\u00e3o o Filho do Homem tamb\u00e9m ter\u00e1 vergonha dessa pessoa, quando ele vier na sua gl\u00f3ria e na gl\u00f3ria do Pai e dos santos anjos. Eu afirmo a voc\u00eas que est\u00e3o aqui algumas pessoas que n\u00e3o morrer\u00e3o antes de ver o Reino de Deus.<\/p><\/blockquote>\n<p><em>Quem \u00e9 Jesus para voc\u00ea?<\/em> Confesso que nunca gostei das perguntas que terminam em\u00a0\u201cpara voc\u00ea\u201d. Especialmente quando se trata da B\u00edblia. Afinal, que importa que significa\u00a0\u201cpara voc\u00ea\u201d? N\u00e3o \u00e9 mais importante que significa ponto final? Ou seja, a pergunta hist\u00f3rica sempre me parece mais importante que a pergunta existencial. A verdade que existe de facto\u00a0\u00e9 mais importante que a verdade que \u201cexiste\u201d na minha cabe\u00e7a (e talvez em mais nenhum outro lugar!). Entretanto, na passagem acima, Jesus faz a pergunta existencial&#8230; eventualmente.<!--more--><\/p>\n<p>Primeiro, ele faz a pergunta hist\u00f3rica:\u00a0\u201cQuem o povo diz que sou?\u201d E a resposta vem em termos hist\u00f3ricos (e bem plaus\u00edveis dentro daquele contexto): Jo\u00e3o Batista (o mais not\u00f3rio profeta da atualidade), Elias (o mais not\u00f3rio profeta da hist\u00f3ria), ou um dos profetas antigos que ressuscitou (e n\u00e3o um profeta qualquer!). Ou seja, certamente Jesus era algu\u00e9m grande. Foi ent\u00e3o que Jesus perguntou aos seus disc\u00edpulos quem\u00a0<em>eles<\/em> diziam que ele era. Claro que a pergunta hist\u00f3rica era importante. Claro que importava que ele era, de fato. Mas mais importante ainda era a disposi\u00e7\u00e3o dos seus disc\u00edpulos\u00a0<em>agir<\/em> e\u00a0<em>se comprometer<\/em> a partir das suas conclus\u00f5es.<\/p>\n<p>Geralmente os comentaristas reparam a resposta de Pedro (o Messias que Deus enviou) mas n\u00e3o a resposta do pr\u00f3prio Jesus (O Filho do Homem que sofrer\u00e1 muito). Talvez isso seja porque hoje n\u00f3s atribu\u00edmos ao termo &#8220;messias&#8221; um gama todo\u00a0de conota\u00e7\u00f5es que em retrospectiva atribuimos a Jesus: Filho de Deus, divino, pr\u00f3prio Deus, etc. Mas na \u00e9poca de Jesus, &#8220;messias&#8221; significava simplesmente &#8220;ungido&#8221; e muitas pessoas poderiam ser unigidas: sacerdotes, profetas, etc. Se bem que &#8220;o Messias que Deus enviou&#8221; provavelmente se referia \u00e0quela pessoa na linhagem de Davi que Deus enviaria para tirar Israel definitivamente da sua escravid\u00e3o. Mesmo assim, era uma refer\u00eancia a um ser\u00a0<em>humano<\/em>, diferente do\u00a0<em>Filho do Homem<\/em>.<\/p>\n<p>Isto cria certa confus\u00e3o hoje em dia porque &#8220;Filho\u00a0<em>de Deus&#8221;\u00a0<\/em>parece se referir a uma pessoa<em> divina<\/em> enquanto &#8220;Filho do <em>Homem<\/em>&#8221; parece se referi a uma pessoa <em>humana<\/em>. Mas no Antigo Testamento era exatamente o contr\u00e1rio. O &#8220;Filho de Deus&#8221; se referia ao prometido descendente (humano) de Davi enquanto &#8220;o Filho do Homem&#8221; \u00e0 figura sobrenatural que acompanhava o Anci\u00e3o de Dias em Daniel e reinar\u00e1 sobre as na\u00e7\u00f5es (Dn 7.13-14). Mais um detalhe: a linguagem sobre o Filho do Homem n\u00e3o cruzava no Antigo Testamento com a linguagem e as passagens que falavam do messias, do Filho de Deus ou do Servo Sofredor (Isa\u00edas 53). Entretanto, Jesus radicalmente fez esta associa\u00e7\u00e3o com o \u00faltimo, o Servo sofredor, ao dizer,\u00a0\u201co Filho do Homem ter\u00e1 de sofrer muito&#8230;\u201d E a\u00ed a gente percebe a import\u00e2ncia da &#8220;pergunta existencial&#8221;&#8230;<\/p>\n<p>Pois seguir Jesus n\u00e3o \u00e9 quest\u00e3o de simplesmente afirmar que ele \u00e9 quem atrav\u00e9s de quem Deus cumprir\u00e1 as suas promessas. Se bem que isto j\u00e1 \u00e9 grande afirma\u00e7\u00e3o! Mas \u00e9 mais que isto. \u00c9 entender a\u00a0<em>maneira<\/em> pelo qual ele &#8220;conquistou o mundo&#8221;, por meio do sofrimento. E por deriva\u00e7\u00e3o, como Jesus pr\u00f3prio avisa, a maneira que os seus seguidores ter\u00e3o que seguir no mesmo caminho, o caminho de sofrimento. Pois assim os seus prop\u00f3sitos se completar\u00e3o na nossa hist\u00f3ria e no nosso mundo.<\/p>\n<p>E ent\u00e3o&#8230; quem \u00e9 Jesus para voc\u00ea?<\/p>\n<p><strong>Ora\u00e7\u00e3o<\/strong><\/p>\n<blockquote><p>Pai, bondoso, d\u00e1-nos ouvidos para ouvir e olhos para ver, e a coragem e gra\u00e7a para seguir o caminho de Jesus. Em Seu nome oramos. Am\u00e9m.<\/p><\/blockquote>\n","protected":false},"excerpt":{"rendered":"<p>Semana 33: Lucas 9.18-27 Certa vez Jesus estava sozinho, orando, e os disc\u00edpulos chegaram perto dele. Ent\u00e3o ele perguntou: \u2014 Quem o povo diz que eu sou? Eles responderam: \u2014 Alguns dizem que o senhor \u00e9 Jo\u00e3o Batista; outros, que \u00e9 Elias; e outros, que \u00e9 um dos profetas antigos que ressuscitou. \u2014 E voc\u00eas? [&hellip;]<\/p>\n","protected":false},"author":25,"featured_media":1295,"comment_status":"open","ping_status":"open","sticky":false,"template":"","format":"standard","meta":{"ngg_post_thumbnail":0,"footnotes":""},"categories":[5447,12073],"tags":[],"class_list":["post-1294","post","type-post","status-publish","format-standard","has-post-thumbnail","hentry","category-devocional","category-lucas"],"_links":{"self":[{"href":"https:\/\/ultimato.com.br\/sites\/timcarriker\/wp-json\/wp\/v2\/posts\/1294","targetHints":{"allow":["GET"]}}],"collection":[{"href":"https:\/\/ultimato.com.br\/sites\/timcarriker\/wp-json\/wp\/v2\/posts"}],"about":[{"href":"https:\/\/ultimato.com.br\/sites\/timcarriker\/wp-json\/wp\/v2\/types\/post"}],"author":[{"embeddable":true,"href":"https:\/\/ultimato.com.br\/sites\/timcarriker\/wp-json\/wp\/v2\/users\/25"}],"replies":[{"embeddable":true,"href":"https:\/\/ultimato.com.br\/sites\/timcarriker\/wp-json\/wp\/v2\/comments?post=1294"}],"version-history":[{"count":3,"href":"https:\/\/ultimato.com.br\/sites\/timcarriker\/wp-json\/wp\/v2\/posts\/1294\/revisions"}],"predecessor-version":[{"id":1297,"href":"https:\/\/ultimato.com.br\/sites\/timcarriker\/wp-json\/wp\/v2\/posts\/1294\/revisions\/1297"}],"wp:featuredmedia":[{"embeddable":true,"href":"https:\/\/ultimato.com.br\/sites\/timcarriker\/wp-json\/wp\/v2\/media\/1295"}],"wp:attachment":[{"href":"https:\/\/ultimato.com.br\/sites\/timcarriker\/wp-json\/wp\/v2\/media?parent=1294"}],"wp:term":[{"taxonomy":"category","embeddable":true,"href":"https:\/\/ultimato.com.br\/sites\/timcarriker\/wp-json\/wp\/v2\/categories?post=1294"},{"taxonomy":"post_tag","embeddable":true,"href":"https:\/\/ultimato.com.br\/sites\/timcarriker\/wp-json\/wp\/v2\/tags?post=1294"}],"curies":[{"name":"wp","href":"https:\/\/api.w.org\/{rel}","templated":true}]}}