{"id":1288,"date":"2012-08-06T15:43:41","date_gmt":"2012-08-06T17:43:41","guid":{"rendered":"http:\/\/ultimato.com.br\/sites\/timcarriker\/?p=1288"},"modified":"2012-08-06T15:43:41","modified_gmt":"2012-08-06T17:43:41","slug":"saber-receber-bem","status":"publish","type":"post","link":"https:\/\/ultimato.com.br\/sites\/timcarriker\/2012\/08\/06\/saber-receber-bem\/","title":{"rendered":"Saber receber bem"},"content":{"rendered":"<p>Semana 32: Lucas 9.11-17<\/p>\n<p>&nbsp;<\/p>\n<blockquote><p>Mas as multid\u00f5es souberam disso e o seguiram. E Jesus os recebeu, falou a respeito do Reino de Deus e curou os que precisavam ser curados. Estava anoitecendo, e por isso os doze ap\u00f3stolos foram e disseram a Jesus: \u2014 Mande esta gente embora. Eles podem ir aos povoados e s\u00edtios que ficam por perto daqui e l\u00e1 encontrar\u00e3o o que comer e onde ficar, pois este lugar \u00e9 deserto. Mas Jesus respondeu: \u2014 D\u00eaem voc\u00eas mesmos comida a eles. Os disc\u00edpulos disseram: \u2014 S\u00f3 temos cinco p\u00e3es e dois peixes. O senhor quer que a gente v\u00e1 comprar comida para toda esta multid\u00e3o? Estavam ali mais ou menos cinco mil homens. Jesus ordenou aos seus disc\u00edpulos: \u2014 Mandem o povo sentar-se em grupos de mais ou menos cinq\u00fcenta pessoas. Os disc\u00edpulos obedeceram e mandaram que todos se sentassem.\u00a0A\u00ed Jesus pegou os cinco p\u00e3es e os dois peixes, olhou para o c\u00e9u e deu gra\u00e7as a Deus por eles. Depois partiu os p\u00e3es e os peixes e os entregou aos disc\u00edpulos para que eles distribu\u00edssem ao povo.\u00a0Todos comeram e ficaram satisfeitos, e os disc\u00edpulos ainda encheram doze cestos com os peda\u00e7os que sobraram.<!--more--><\/p><\/blockquote>\n<p>Na \u00faltima reflex\u00e3o, terminamos com a leitura do primeiro vers\u00edculo dos sete acima. De certo modo, nesta passagem observamos o outro lado da moeda da \u00faltima li\u00e7\u00e3o. Ou seja, se Jesus sabia se afastar daqueles que nada se interessam em segui-lo mas, ao contr\u00e1rio, queriam somente\u00a0encurralh\u00e1-lo, Jesus tamb\u00e9m\u00a0sabia receber as pessoas que estavam com necessidade e estavam dispostas a acompanh\u00e1-lo mesmo que a hora tenha ficado tarde. Jesus sabia acolher, e sabia bem melhor que os seus disc\u00edpulos.<\/p>\n<p>Nesta passagem geralmente ficamos t\u00e3o impressionado pela maneira que Jesus cuidava da fome f\u00edsica das pessoas que negligenciamos esta observa\u00e7\u00e3o preliminar: o fato de Jesus n\u00e3o mandar as multid\u00f5es para as suas respectivas casas e a sua insist\u00eancia em atend\u00ea-las. Os disc\u00edpulos achavam que isto n\u00e3o seria conveniente e n\u00e3o queriam lidar com o desafio de tratar antes, a necessidade f\u00edsica e log\u00edstica. Penso em quantas vezes n\u00f3s, disc\u00edpulos de Jesus, negligenciamos as oportunidades de minist\u00e9rio e as necessidades mais profundas das pessoas por causa das inconveni\u00eancias log\u00edsticas que estas necessidades poderia nos causar. As nossas preocupa\u00e7\u00f5es &#8220;institucionais&#8221; acabam ofuscando e at\u00e9 impedindo a nossa a\u00e7\u00e3o. E pensamos que temos &#8220;bons motivos&#8221; para isso. Tais como, &#8220;n\u00e3o temos tempo&#8221;, &#8220;isto est\u00e1 fora do nosso alcance&#8221;, &#8220;n\u00e3o est\u00e1 dentro das nossas prioridades&#8221; ou &#8220;Deus n\u00e3o nos levou ainda a nos envolvermos nisto.&#8221;<\/p>\n<p>Eu me preocupo com isto porque sei muito bem que estes &#8220;bons motivos&#8221; s\u00e3o os meus tamb\u00e9m! Como saber quando devemos ousar avan\u00e7ar, mesmo com dificuldades log\u00edsticas? N\u00e3o tenho uma resposta bem &#8220;certa&#8221;. Mas o incidente que esta passagem nos apresenta me leva a procurar discernir a necessidade daqueles que queiram acompanhar Jesus e enfrentar os desafios log\u00edsiticos com mais ousadia.<\/p>\n<p><strong>Ora\u00e7\u00e3o<\/strong><\/p>\n<blockquote><p>Majestoso Deus, gra\u00e7as Te damos pelo privil\u00e9gio de segui-Te. D\u00e1-nos a ousadia de esticar as m\u00e3os para alcan\u00e7ar os necessitados mesmo quando isto n\u00e3o seja conveniente para n\u00f3s. Em nome de Jesus. Am\u00e9m.<\/p><\/blockquote>\n","protected":false},"excerpt":{"rendered":"<p>Semana 32: Lucas 9.11-17 &nbsp; Mas as multid\u00f5es souberam disso e o seguiram. E Jesus os recebeu, falou a respeito do Reino de Deus e curou os que precisavam ser curados. Estava anoitecendo, e por isso os doze ap\u00f3stolos foram e disseram a Jesus: \u2014 Mande esta gente embora. Eles podem ir aos povoados e [&hellip;]<\/p>\n","protected":false},"author":25,"featured_media":1291,"comment_status":"open","ping_status":"open","sticky":false,"template":"","format":"standard","meta":{"ngg_post_thumbnail":0,"footnotes":""},"categories":[5447,12073],"tags":[],"class_list":["post-1288","post","type-post","status-publish","format-standard","has-post-thumbnail","hentry","category-devocional","category-lucas"],"_links":{"self":[{"href":"https:\/\/ultimato.com.br\/sites\/timcarriker\/wp-json\/wp\/v2\/posts\/1288","targetHints":{"allow":["GET"]}}],"collection":[{"href":"https:\/\/ultimato.com.br\/sites\/timcarriker\/wp-json\/wp\/v2\/posts"}],"about":[{"href":"https:\/\/ultimato.com.br\/sites\/timcarriker\/wp-json\/wp\/v2\/types\/post"}],"author":[{"embeddable":true,"href":"https:\/\/ultimato.com.br\/sites\/timcarriker\/wp-json\/wp\/v2\/users\/25"}],"replies":[{"embeddable":true,"href":"https:\/\/ultimato.com.br\/sites\/timcarriker\/wp-json\/wp\/v2\/comments?post=1288"}],"version-history":[{"count":4,"href":"https:\/\/ultimato.com.br\/sites\/timcarriker\/wp-json\/wp\/v2\/posts\/1288\/revisions"}],"predecessor-version":[{"id":1293,"href":"https:\/\/ultimato.com.br\/sites\/timcarriker\/wp-json\/wp\/v2\/posts\/1288\/revisions\/1293"}],"wp:featuredmedia":[{"embeddable":true,"href":"https:\/\/ultimato.com.br\/sites\/timcarriker\/wp-json\/wp\/v2\/media\/1291"}],"wp:attachment":[{"href":"https:\/\/ultimato.com.br\/sites\/timcarriker\/wp-json\/wp\/v2\/media?parent=1288"}],"wp:term":[{"taxonomy":"category","embeddable":true,"href":"https:\/\/ultimato.com.br\/sites\/timcarriker\/wp-json\/wp\/v2\/categories?post=1288"},{"taxonomy":"post_tag","embeddable":true,"href":"https:\/\/ultimato.com.br\/sites\/timcarriker\/wp-json\/wp\/v2\/tags?post=1288"}],"curies":[{"name":"wp","href":"https:\/\/api.w.org\/{rel}","templated":true}]}}