{"id":1273,"date":"2012-08-01T22:48:50","date_gmt":"2012-08-02T00:48:50","guid":{"rendered":"http:\/\/ultimato.com.br\/sites\/timcarriker\/?p=1273"},"modified":"2012-08-01T23:13:40","modified_gmt":"2012-08-02T01:13:40","slug":"1273","status":"publish","type":"post","link":"https:\/\/ultimato.com.br\/sites\/timcarriker\/2012\/08\/01\/1273\/","title":{"rendered":"Antagon\u00edstico?"},"content":{"rendered":"<p>Semana 31: Lucas 9.1-11<\/p>\n<blockquote><p>Jesus chamou os doze disc\u00edpulos e lhes deu poder e autoridade para expulsar todos os dem\u00f4nios e curar doen\u00e7as.\u00a0Ent\u00e3o os enviou para anunciarem o Reino de Deus e curarem os doentes.\u00a0Ele disse: \u2014 Nesta viagem n\u00e3o levem nada: nem bengala para se apoiar, nem sacola, nem comida, nem dinheiro, nem mesmo uma t\u00fanica a mais.\u00a0Quando voc\u00eas entrarem numa cidade, fiquem na casa em que forem recebidos at\u00e9 irem embora daquele lugar.\u00a0Mas, se forem mal recebidos, saiam logo daquela cidade. E na sa\u00edda sacudam o p\u00f3 das suas sand\u00e1lias, como sinal de protesto contra aquela gente.\u00a0<!--more-->Os disc\u00edpulos ent\u00e3o sa\u00edram de viagem e andaram por todos os povoados, anunciando o evangelho e curando doentes por toda parte.\u00a0Herodes, o governador da Galil\u00e9ia, ouviu falar de tudo o que estava acontecendo e ficou sem saber o que pensar. Pois alguns diziam que Jo\u00e3o Batista tinha sido ressuscitado,\u00a0outros diziam que Elias tinha aparecido, e outros ainda que um dos antigos profetas havia ressuscitado.\u00a0Mas Herodes disse: \u2014 Eu mesmo mandei cortar a cabe\u00e7a de Jo\u00e3o. Quem ser\u00e1 ent\u00e3o esse homem de quem ou\u00e7o falar essas coisas? E Herodes procurava ver Jesus. \u00a0Os ap\u00f3stolos voltaram e contaram a Jesus tudo o que haviam feito. Ent\u00e3o ele os levou consigo, e foram sozinhos para o povoado de Betsaida.\u00a0Mas as multid\u00f5es souberam disso e o seguiram. E Jesus os recebeu, falou a respeito do Reino de Deus e curou os que precisavam ser curados.<\/p><\/blockquote>\n<p>H\u00e1 3 tipos b\u00e1sicos de personagens nesta hist\u00f3ria: os promotores do Reino de Deus, as pessoas necessitadas e\u00a0interessadas no Reino de Deus, e as pessoas n\u00e3o interessadas e at\u00e9 antagon\u00edsticas. Jesus, seus disc\u00edpulos e Jo\u00e3o Batista est\u00e3o no primeiro grupo. No segundo grupo est\u00e3o os doentes (v.2), as pessoas que recebem os disc\u00edpulos nas suas casas (vv.4, 6) e as multid\u00f5es (v.11). Entre os\u00a0antagon\u00edsticos estavam as pessoas na cidade que n\u00e3o receberam os disc\u00edpulos e Herodes. O antagonismo deste \u00faltimo \u00e9 deduzido da associa\u00e7\u00e3o que ele fez entre Jesus e Jo\u00e3o Batista, a quem Herodes decapitou&#8230; no m\u00ednimo, antagon\u00edstico!<\/p>\n<p>Reparemos a rea\u00e7\u00e3o de Jesus aos outros dois grupos, que \u00e9 a mesma rea\u00e7\u00e3o que ele recomendou para os seus seguidores. Quem se via em necessidade (f\u00edsica, intelectual ou espiritual) foi livre e poderosamente atendido por Jesus e pelos seus disc\u00edpulos. Mas, aos antogon\u00edsticos, Jesus teve (e recomendou aos seus disc\u00edpulos) uma de duas rea\u00e7\u00f5es: ou desprezo expl\u00edcito (sacudir o p\u00f3 das sand\u00e1lias era o m\u00e1ximo de insulto) ou virar as costas e caminhar em outra dire\u00e7\u00e3o. Esta foi a sua rea\u00e7\u00e3o \u00e0 arrog\u00e2ncia e ao poder de Herodes. Quando Herodes procurou ver Jesus, Jesus virou as costas e caminhou em dire\u00e7\u00e3o contr\u00e1ria, onde as multid\u00f5es interessadas encontraram sua cura.<\/p>\n<p>\u00c0s vezes o minist\u00e9rio \u00e9 assim. Onde h\u00e1 receptividade e abertura \u00e0 a\u00e7\u00e3o de Deus, a cura segue. Mas outras vezes, o minist\u00e9rio encontra oposi\u00e7\u00e3o. E quando isso ocorre, a resposta certa nem sempre deve ser a abertura democr\u00e1tica \u00e0 oposi\u00e7\u00e3o. \u00c0s vezes se faz necess\u00e1ria a op\u00e7\u00e3o pouco popular e sempre mal entendida de virar as costas e simplesmente caminhar em dire\u00e7\u00e3o \u00e0s pessoas necessitadas.<\/p>\n<p><strong>Ora\u00e7\u00e3o<\/strong><\/p>\n<blockquote>\n<div>Pai, d\u00e1-nos um minist\u00e9rio aberto e inclusivo. Mas,\u00a0d\u00e1-nos\u00a0tamb\u00e9m o discernimento de saber a hora certa de encerrar contatos antogon\u00edsticos e procurar os necessitados ao nosso redor. Em nome de Jesus. Am\u00e9m.<\/div>\n<\/blockquote>\n","protected":false},"excerpt":{"rendered":"<p>Semana 31: Lucas 9.1-11 Jesus chamou os doze disc\u00edpulos e lhes deu poder e autoridade para expulsar todos os dem\u00f4nios e curar doen\u00e7as.\u00a0Ent\u00e3o os enviou para anunciarem o Reino de Deus e curarem os doentes.\u00a0Ele disse: \u2014 Nesta viagem n\u00e3o levem nada: nem bengala para se apoiar, nem sacola, nem comida, nem dinheiro, nem mesmo [&hellip;]<\/p>\n","protected":false},"author":25,"featured_media":1276,"comment_status":"open","ping_status":"open","sticky":false,"template":"","format":"standard","meta":{"ngg_post_thumbnail":0,"footnotes":""},"categories":[5447,12073],"tags":[],"class_list":["post-1273","post","type-post","status-publish","format-standard","has-post-thumbnail","hentry","category-devocional","category-lucas"],"_links":{"self":[{"href":"https:\/\/ultimato.com.br\/sites\/timcarriker\/wp-json\/wp\/v2\/posts\/1273","targetHints":{"allow":["GET"]}}],"collection":[{"href":"https:\/\/ultimato.com.br\/sites\/timcarriker\/wp-json\/wp\/v2\/posts"}],"about":[{"href":"https:\/\/ultimato.com.br\/sites\/timcarriker\/wp-json\/wp\/v2\/types\/post"}],"author":[{"embeddable":true,"href":"https:\/\/ultimato.com.br\/sites\/timcarriker\/wp-json\/wp\/v2\/users\/25"}],"replies":[{"embeddable":true,"href":"https:\/\/ultimato.com.br\/sites\/timcarriker\/wp-json\/wp\/v2\/comments?post=1273"}],"version-history":[{"count":12,"href":"https:\/\/ultimato.com.br\/sites\/timcarriker\/wp-json\/wp\/v2\/posts\/1273\/revisions"}],"predecessor-version":[{"id":1275,"href":"https:\/\/ultimato.com.br\/sites\/timcarriker\/wp-json\/wp\/v2\/posts\/1273\/revisions\/1275"}],"wp:featuredmedia":[{"embeddable":true,"href":"https:\/\/ultimato.com.br\/sites\/timcarriker\/wp-json\/wp\/v2\/media\/1276"}],"wp:attachment":[{"href":"https:\/\/ultimato.com.br\/sites\/timcarriker\/wp-json\/wp\/v2\/media?parent=1273"}],"wp:term":[{"taxonomy":"category","embeddable":true,"href":"https:\/\/ultimato.com.br\/sites\/timcarriker\/wp-json\/wp\/v2\/categories?post=1273"},{"taxonomy":"post_tag","embeddable":true,"href":"https:\/\/ultimato.com.br\/sites\/timcarriker\/wp-json\/wp\/v2\/tags?post=1273"}],"curies":[{"name":"wp","href":"https:\/\/api.w.org\/{rel}","templated":true}]}}