{"id":1226,"date":"2012-06-18T20:40:59","date_gmt":"2012-06-18T22:40:59","guid":{"rendered":"http:\/\/ultimato.com.br\/sites\/timcarriker\/?p=1226"},"modified":"2012-06-18T20:49:22","modified_gmt":"2012-06-18T22:49:22","slug":"1226","status":"publish","type":"post","link":"https:\/\/ultimato.com.br\/sites\/timcarriker\/2012\/06\/18\/1226\/","title":{"rendered":"Predispostos \u00e0 bondade"},"content":{"rendered":"<p>Semana 25: Lucas 7. 31-35<\/p>\n<blockquote><p>E Jesus terminou, dizendo: \u2014 Mas com quem posso comparar as pessoas de hoje? Com quem elas s\u00e3o parecidas? Elas s\u00e3o como crian\u00e7as sentadas na pra\u00e7a. Um grupo grita para o outro: \u201cN\u00f3s tocamos m\u00fasicas de casamento, mas voc\u00eas n\u00e3o dan\u00e7aram! Cantamos m\u00fasicas de sepultamento, mas voc\u00eas n\u00e3o choraram!\u201d Jo\u00e3o Batista jejua e n\u00e3o bebe vinho, e voc\u00eas dizem: \u201cEle est\u00e1 dominado por um dem\u00f4nio.\u201d O Filho do Homem come e bebe, e voc\u00eas dizem: \u201cVejam! Esse homem \u00e9 comil\u00e3o e beberr\u00e3o; \u00e9 amigo dos cobradores de impostos e de outras pessoas de m\u00e1 fama.\u201d Mas aqueles que aceitam a sabedoria de Deus mostram que ela \u00e9 verdadeira.<\/p><\/blockquote>\n<p>\u00c9 t\u00e3o f\u00e1cil julgar n\u00e3o com objetividade e perspic\u00e1cia. \u00c0s vezes, mais que deveria ser, se julga com preconceito e a predisposi\u00e7\u00e3o de destruir. Esta \u00e9 a li\u00e7\u00e3o que vemos nos vers\u00edculos acima: algu\u00e9m, ou alguns, conseguem aplicar a mesma condena\u00e7\u00e3o para duas situa\u00e7\u00f5es opostas. Obviamente est\u00e3o faltando a elas objetividade e at\u00e9 mesmo coer\u00eancia. Se n\u00e3o, como as duas situa\u00e7\u00f5es contr\u00e1rias poderiam gerar a mesma condena\u00e7\u00e3o?<!--more--><\/p>\n<p>A resposta est\u00e1 na <strong><em>predisposi\u00e7\u00e3o<\/em><\/strong>, <em>ou<\/em> para a bondade <em>ou<\/em> para a maldade. Quem est\u00e1 <em>predisposto<\/em>\u00a0a ver maldade por todos os lados \u00e9 capaz de ver maldade em tudo. E o mesmo se aplica ao olhar bondoso. E que tal a <em>objetividade<\/em>\u00a0para avaliar as circunst\u00e2ncias como boas <em>ou <\/em>\u00a0ruins? Claro, a objetividade dever\u00e1 ser sempre o nosso ideal. Mas veja s\u00f3: n\u00f3s n\u00e3o somos m\u00e1quinas esvasiadas de sentimentos. Todos n\u00f3s temos <em>tend\u00eancias<\/em>. E as tend\u00eancias podem ser para o lado da bondade ou da maldade.<\/p>\n<p>Amo a minha esposa, Marta. Ela \u00e9 uma joia. Sempre me impressionou, especialmente no in\u00edcio do nosso relacionamento 35 anos atr\u00e1s, mas tamb\u00e9m ainda hoje, pela sua <em><strong>predisposi\u00e7\u00e3o<\/strong><\/em>\u00a0de gostar as coisas que eu gostava, compreender as coisas que eu achava importante, e de modo geral, me apreciar. Quem n\u00e3o iria gostar de uma pessoa assim?! Eu gostaria de ser mais como ela, especialmente em rela\u00e7\u00e3o a ela. Pois, de certo modo, acredito que ela segue mais de perto o ideal impl\u00edcito nas palavras de Jesus acima.<\/p>\n<p>Predispor-se a bondade n\u00e3o significa necessariamente ingenuidade (embora possa levar a isto). Da mesma forma, predispor-se a maldade n\u00e3o favorece necessariamente uma avalia\u00e7\u00e3o mais \u201ccorreta\u201d.<\/p>\n<p>Precisamos nos predispor a ouvir, a entender bem, a acreditar, a confiar&#8230; l\u00f3gico, sem sermos bobos.<\/p>\n<p><strong>Ora\u00e7\u00e3o<\/strong><\/p>\n<blockquote><p>Pai amado, queremos ser pessoas moldadas pelo Teu Esp\u00edrito para \u201csomar\u201d\u00a0e n\u00e3o para\u00a0\u201cdestruir\u201d. Ensina-nos a ouvir a Tua Palavra e andar conforme o Teu querer. E d\u00e1-nos uma por\u00e7\u00e3o grande da Tua bondade para que nos tornemos pessoas mais bondosas. Em nome de Jesus. Am\u00e9m.<\/p><\/blockquote>\n","protected":false},"excerpt":{"rendered":"<p>Semana 25: Lucas 7. 31-35 E Jesus terminou, dizendo: \u2014 Mas com quem posso comparar as pessoas de hoje? Com quem elas s\u00e3o parecidas? Elas s\u00e3o como crian\u00e7as sentadas na pra\u00e7a. Um grupo grita para o outro: \u201cN\u00f3s tocamos m\u00fasicas de casamento, mas voc\u00eas n\u00e3o dan\u00e7aram! Cantamos m\u00fasicas de sepultamento, mas voc\u00eas n\u00e3o choraram!\u201d Jo\u00e3o [&hellip;]<\/p>\n","protected":false},"author":25,"featured_media":1232,"comment_status":"open","ping_status":"open","sticky":false,"template":"","format":"standard","meta":{"ngg_post_thumbnail":0,"footnotes":""},"categories":[5447,12073],"tags":[],"class_list":["post-1226","post","type-post","status-publish","format-standard","has-post-thumbnail","hentry","category-devocional","category-lucas"],"_links":{"self":[{"href":"https:\/\/ultimato.com.br\/sites\/timcarriker\/wp-json\/wp\/v2\/posts\/1226","targetHints":{"allow":["GET"]}}],"collection":[{"href":"https:\/\/ultimato.com.br\/sites\/timcarriker\/wp-json\/wp\/v2\/posts"}],"about":[{"href":"https:\/\/ultimato.com.br\/sites\/timcarriker\/wp-json\/wp\/v2\/types\/post"}],"author":[{"embeddable":true,"href":"https:\/\/ultimato.com.br\/sites\/timcarriker\/wp-json\/wp\/v2\/users\/25"}],"replies":[{"embeddable":true,"href":"https:\/\/ultimato.com.br\/sites\/timcarriker\/wp-json\/wp\/v2\/comments?post=1226"}],"version-history":[{"count":7,"href":"https:\/\/ultimato.com.br\/sites\/timcarriker\/wp-json\/wp\/v2\/posts\/1226\/revisions"}],"predecessor-version":[{"id":1229,"href":"https:\/\/ultimato.com.br\/sites\/timcarriker\/wp-json\/wp\/v2\/posts\/1226\/revisions\/1229"}],"wp:featuredmedia":[{"embeddable":true,"href":"https:\/\/ultimato.com.br\/sites\/timcarriker\/wp-json\/wp\/v2\/media\/1232"}],"wp:attachment":[{"href":"https:\/\/ultimato.com.br\/sites\/timcarriker\/wp-json\/wp\/v2\/media?parent=1226"}],"wp:term":[{"taxonomy":"category","embeddable":true,"href":"https:\/\/ultimato.com.br\/sites\/timcarriker\/wp-json\/wp\/v2\/categories?post=1226"},{"taxonomy":"post_tag","embeddable":true,"href":"https:\/\/ultimato.com.br\/sites\/timcarriker\/wp-json\/wp\/v2\/tags?post=1226"}],"curies":[{"name":"wp","href":"https:\/\/api.w.org\/{rel}","templated":true}]}}