{"id":1207,"date":"2012-06-05T15:17:13","date_gmt":"2012-06-05T17:17:13","guid":{"rendered":"http:\/\/ultimato.com.br\/sites\/timcarriker\/?p=1207"},"modified":"2012-06-06T13:51:51","modified_gmt":"2012-06-06T15:51:51","slug":"1207","status":"publish","type":"post","link":"https:\/\/ultimato.com.br\/sites\/timcarriker\/2012\/06\/05\/1207\/","title":{"rendered":"&#8220;Deus me disse&#8221;???"},"content":{"rendered":"<p>Semana 23: Lucas 7.17-23<\/p>\n<blockquote><p>[Jo\u00e3o] os enviou ao Senhor Jesus para perguntarem: \u201cO senhor \u00e9 aquele que ia chegar ou devemos esperar outro?\u201d (v.19) &#8230; [Jesus] respondeu aos disc\u00edpulos de Jo\u00e3o: \u2014 Voltem e contem a Jo\u00e3o o que voc\u00eas viram e ouviram. Digam a ele que os cegos v\u00eaem, os coxos andam, os leprosos s\u00e3o curados, os surdos ouvem, os mortos s\u00e3o ressuscitados, e os pobres recebem o evangelho. E felizes s\u00e3o as pessoas que n\u00e3o duvidam de mim! (vv.22-23)<\/p><\/blockquote>\n<p>Algu\u00e9m duvida que Jo\u00e3o Batista era homem de Deus? A B\u00edblia n\u00e3o deixa d\u00favida. O seu nascimento, o seu minist\u00e9rio e as palavras de Jesus ao seu respeito confirmam: Jo\u00e3o \u00e9 uma figura extraordin\u00e1ria, homem de f\u00e9 e de a\u00e7\u00e3o. Por que, ent\u00e3o, ele precisava perguntar se Jesus era \u201caquele que ia chegar?\u201d Ser\u00e1 que Jo\u00e3o n\u00e3o poderia <em>discernir<\/em> isto?<!--more--><\/p>\n<p>Eis a minha primeira observa\u00e7\u00e3o: se uma figura da estatura de Jo\u00e3o n\u00e3o poderia discernir com certeza a verdade a respeito de Jesus, o discernimento \u00e9 mais f\u00e1cil para n\u00f3s, meros mortais? Alguns l\u00edderes crist\u00e3o e crist\u00e3os\u00a0\u201cespirituais\u201d falam (fingem?) como se o discernimento espiritual fosse relativamente f\u00e1cil e seguro\u00a0para eles. Falam categoricamente\u00a0com toda a autoridade,\u00a0\u201cDeus me mostrou&#8230;\u201d ou\u00a0\u201cDeus me falou&#8230;\u201d Agora, penses bem e fales a verdade. J\u00e1 n\u00e3o falaste tu deste jeito? Eu confesso que eu j\u00e1 falei&#8230; e sinceramente. Mas tamb\u00e9m confesso que quando falo assim sinto bem dentro de mim um pouquinho de censura, e hoje n\u00e3o acredito que a censura vem do diabo, n\u00e3o. Creio que seja a convic\u00e7\u00e3o do Espir\u00edto Santo que queira que a gente seja um pouco mais humilde nas nossas afirma\u00e7\u00f5es. E sinceros, como Jo\u00e3o, na express\u00e3o das nossas d\u00favidas. Jo\u00e3o poderia fazer a pergunta que fez para Jesus justamente porque Deus estava o convencendo. Mas era (apropriadamente) humilde o suficiente para pedir esclarecimento. Que sigamos o seu exemplo que, por sinal, Jesus n\u00e3o censurou!<\/p>\n<p>Segunda observa\u00e7\u00e3o: veja como Jesus respondeu. Ele apontou para as <em>evid\u00eancias<\/em> do seu minist\u00e9rio, algo, ali\u00e1s, que Jo\u00e3o teria condi\u00e7\u00f5es de avaliar. N\u00e3o apelou para algum senso et\u00eario de discernimento interior, algo m\u00edstico, mas para o bom senso e mais importante ainda, para as <em>evid\u00eancias exteriores<\/em>.<\/p>\n<p>N\u00f3s que estamos no minist\u00e9rio poderemos dizer o mesmo em rela\u00e7\u00e3o ao nosso minist\u00e9rio?<\/p>\n<p><strong>Ora\u00e7\u00e3o<\/strong><\/p>\n<blockquote><p>Eterno Deus, gra\u00e7as Te damos pela manifesta\u00e7\u00e3o da Tua a\u00e7\u00e3o atrav\u00e9s do minist\u00e9rio concreto e vis\u00edvel de Jesus. Aja em n\u00f3s da mesma forma para que as pessoas possam conhecer Cristo em n\u00f3s. Que os nossos minist\u00e9rios sejam transformadores das condi\u00e7\u00f5es que as pessoas vivem. Em nome de Jesus. Am\u00e9m.<\/p><\/blockquote>\n","protected":false},"excerpt":{"rendered":"<p>Semana 23: Lucas 7.17-23 [Jo\u00e3o] os enviou ao Senhor Jesus para perguntarem: \u201cO senhor \u00e9 aquele que ia chegar ou devemos esperar outro?\u201d (v.19) &#8230; [Jesus] respondeu aos disc\u00edpulos de Jo\u00e3o: \u2014 Voltem e contem a Jo\u00e3o o que voc\u00eas viram e ouviram. Digam a ele que os cegos v\u00eaem, os coxos andam, os leprosos [&hellip;]<\/p>\n","protected":false},"author":25,"featured_media":1217,"comment_status":"open","ping_status":"open","sticky":false,"template":"","format":"standard","meta":{"ngg_post_thumbnail":0,"footnotes":""},"categories":[5447,12073],"tags":[],"class_list":["post-1207","post","type-post","status-publish","format-standard","has-post-thumbnail","hentry","category-devocional","category-lucas"],"_links":{"self":[{"href":"https:\/\/ultimato.com.br\/sites\/timcarriker\/wp-json\/wp\/v2\/posts\/1207","targetHints":{"allow":["GET"]}}],"collection":[{"href":"https:\/\/ultimato.com.br\/sites\/timcarriker\/wp-json\/wp\/v2\/posts"}],"about":[{"href":"https:\/\/ultimato.com.br\/sites\/timcarriker\/wp-json\/wp\/v2\/types\/post"}],"author":[{"embeddable":true,"href":"https:\/\/ultimato.com.br\/sites\/timcarriker\/wp-json\/wp\/v2\/users\/25"}],"replies":[{"embeddable":true,"href":"https:\/\/ultimato.com.br\/sites\/timcarriker\/wp-json\/wp\/v2\/comments?post=1207"}],"version-history":[{"count":9,"href":"https:\/\/ultimato.com.br\/sites\/timcarriker\/wp-json\/wp\/v2\/posts\/1207\/revisions"}],"predecessor-version":[{"id":1218,"href":"https:\/\/ultimato.com.br\/sites\/timcarriker\/wp-json\/wp\/v2\/posts\/1207\/revisions\/1218"}],"wp:featuredmedia":[{"embeddable":true,"href":"https:\/\/ultimato.com.br\/sites\/timcarriker\/wp-json\/wp\/v2\/media\/1217"}],"wp:attachment":[{"href":"https:\/\/ultimato.com.br\/sites\/timcarriker\/wp-json\/wp\/v2\/media?parent=1207"}],"wp:term":[{"taxonomy":"category","embeddable":true,"href":"https:\/\/ultimato.com.br\/sites\/timcarriker\/wp-json\/wp\/v2\/categories?post=1207"},{"taxonomy":"post_tag","embeddable":true,"href":"https:\/\/ultimato.com.br\/sites\/timcarriker\/wp-json\/wp\/v2\/tags?post=1207"}],"curies":[{"name":"wp","href":"https:\/\/api.w.org\/{rel}","templated":true}]}}