{"id":1196,"date":"2012-06-01T11:27:21","date_gmt":"2012-06-01T13:27:21","guid":{"rendered":"http:\/\/ultimato.com.br\/sites\/timcarriker\/?p=1196"},"modified":"2012-06-01T11:36:33","modified_gmt":"2012-06-01T13:36:33","slug":"1196","status":"publish","type":"post","link":"https:\/\/ultimato.com.br\/sites\/timcarriker\/2012\/06\/01\/1196\/","title":{"rendered":"O defunto dava pena?"},"content":{"rendered":"<p>Semana 22: Lucas 7.11-16<\/p>\n<blockquote><p>Pouco tempo depois Jesus foi para uma cidade chamada Naim. Os seus disc\u00edpulos e uma grande multid\u00e3o foram com ele.\u00a0Quando ele estava chegando perto do port\u00e3o da cidade, ia saindo um enterro. <strong>O defunto era filho \u00fanico de uma vi\u00fava<\/strong>, e muita gente da cidade ia com ela.\u00a0<strong>Quando o Senhor a viu, ficou com muita pena dela<\/strong> e disse: \u2014 N\u00e3o chore.\u00a0Ent\u00e3o ele chegou mais perto e tocou no caix\u00e3o. E os que o estavam carregando pararam. Ent\u00e3o Jesus disse: \u2014 Mo\u00e7o, eu ordeno a voc\u00ea: levante-se!\u00a0O mo\u00e7o sentou-se no caix\u00e3o e come\u00e7ou a falar, e Jesus o entregou \u00e0 m\u00e3e.\u00a0Todos ficaram com muito medo e louvavam a Deus, dizendo: \u2014 Que grande profeta apareceu entre n\u00f3s! Deus veio salvar o seu povo!<\/p><\/blockquote>\n<p>Este incidente, como o anterior a respeito da cura do empregado do oficial romano, faz muito mais que simplesmente ilustrar as grandes proezas de\u00a0Jesus: curando os doentes, expulsando os dem\u00f4nios e at\u00e9 ressuscitando os mortes. Estas, sem d\u00favida eram espetaculares e muito contribuiram para a fama de Jesus. Mas lembra da nossa reflex\u00e3o anterior, \u201co prel\u00fadio da cura\u201d? Naquela li\u00e7\u00e3o, a compaix\u00e3o, a justi\u00e7a e a humildade do oficial, demonstradas em rela\u00e7\u00e3o ao seu empregado, ao povo judeu, e a Jesus, eram o <em>prel\u00fadio <\/em>da sua cura.<\/p>\n<p>H\u00e1 uma linda passagem, Isa\u00edas 58.1-10, que diz a mesma coisa. Fala das condi\u00e7\u00f5es da cura (liberta\u00e7\u00e3o do ex\u00edlio) de Israel. Vale a pena ler.<\/p>\n<p>Queres cura? Queres <em>plena<\/em>\u00a0salva\u00e7\u00e3o, do tipo que brilha como a luz do sol? Ent\u00e3o, trates o seu pr\u00f3ximo com justi\u00e7a, compaix\u00e3o e humildade.<\/p>\n<p>Mas dava pena mesmo. Uma mulher da cultura palestina antiga sem marido e sem filho para apoi\u00e1-la estava numa situa\u00e7\u00e3o extremamente prec\u00e1ria (lembra da hist\u00f3ria da Rute e da Noemi). O d\u00f3 que Jesus sentia talvez n\u00e3o tenha sido tanto pela perda do filho em si, mas pela condi\u00e7\u00e3o que isto dava \u00e0 viuva. E de compaix\u00e3o profunda brotou cura extraordin\u00e1ria. Pense nisto&#8230;<\/p>\n<p>De compaix\u00e3o e justi\u00e7a profundas brota cura profunda, at\u00e9 mesmo vida da morte.<\/p>\n<p><strong>Ora\u00e7\u00e3o<\/strong><\/p>\n<blockquote><p>Incr\u00edvel \u00e9 o Teu amor, \u00f3 Pai. Incompar\u00e1vel a Tua compaix\u00e3o!<em>\u00a0Ret\u00edssima a Tua justi\u00e7a! Inunde os nossos corpos e as nossas almas do Teu Esp\u00edrito para que brote vida da morte. Em nome de Jesus, quem Tu ressuscitaste da morte. Am\u00e9m.<\/em><\/p><\/blockquote>\n","protected":false},"excerpt":{"rendered":"<p>Semana 22: Lucas 7.11-16 Pouco tempo depois Jesus foi para uma cidade chamada Naim. Os seus disc\u00edpulos e uma grande multid\u00e3o foram com ele.\u00a0Quando ele estava chegando perto do port\u00e3o da cidade, ia saindo um enterro. O defunto era filho \u00fanico de uma vi\u00fava, e muita gente da cidade ia com ela.\u00a0Quando o Senhor a [&hellip;]<\/p>\n","protected":false},"author":25,"featured_media":1200,"comment_status":"open","ping_status":"open","sticky":false,"template":"","format":"standard","meta":{"ngg_post_thumbnail":0,"footnotes":""},"categories":[116,5447,12073],"tags":[],"class_list":["post-1196","post","type-post","status-publish","format-standard","has-post-thumbnail","hentry","category-blog","category-devocional","category-lucas"],"_links":{"self":[{"href":"https:\/\/ultimato.com.br\/sites\/timcarriker\/wp-json\/wp\/v2\/posts\/1196","targetHints":{"allow":["GET"]}}],"collection":[{"href":"https:\/\/ultimato.com.br\/sites\/timcarriker\/wp-json\/wp\/v2\/posts"}],"about":[{"href":"https:\/\/ultimato.com.br\/sites\/timcarriker\/wp-json\/wp\/v2\/types\/post"}],"author":[{"embeddable":true,"href":"https:\/\/ultimato.com.br\/sites\/timcarriker\/wp-json\/wp\/v2\/users\/25"}],"replies":[{"embeddable":true,"href":"https:\/\/ultimato.com.br\/sites\/timcarriker\/wp-json\/wp\/v2\/comments?post=1196"}],"version-history":[{"count":8,"href":"https:\/\/ultimato.com.br\/sites\/timcarriker\/wp-json\/wp\/v2\/posts\/1196\/revisions"}],"predecessor-version":[{"id":1203,"href":"https:\/\/ultimato.com.br\/sites\/timcarriker\/wp-json\/wp\/v2\/posts\/1196\/revisions\/1203"}],"wp:featuredmedia":[{"embeddable":true,"href":"https:\/\/ultimato.com.br\/sites\/timcarriker\/wp-json\/wp\/v2\/media\/1200"}],"wp:attachment":[{"href":"https:\/\/ultimato.com.br\/sites\/timcarriker\/wp-json\/wp\/v2\/media?parent=1196"}],"wp:term":[{"taxonomy":"category","embeddable":true,"href":"https:\/\/ultimato.com.br\/sites\/timcarriker\/wp-json\/wp\/v2\/categories?post=1196"},{"taxonomy":"post_tag","embeddable":true,"href":"https:\/\/ultimato.com.br\/sites\/timcarriker\/wp-json\/wp\/v2\/tags?post=1196"}],"curies":[{"name":"wp","href":"https:\/\/api.w.org\/{rel}","templated":true}]}}