{"id":1179,"date":"2012-05-20T18:21:41","date_gmt":"2012-05-20T20:21:41","guid":{"rendered":"http:\/\/ultimato.com.br\/sites\/timcarriker\/?p=1179"},"modified":"2012-05-20T18:21:52","modified_gmt":"2012-05-20T20:21:52","slug":"o-fundamento-escondido","status":"publish","type":"post","link":"https:\/\/ultimato.com.br\/sites\/timcarriker\/2012\/05\/20\/o-fundamento-escondido\/","title":{"rendered":"O fundamento &#8220;escondido&#8221;"},"content":{"rendered":"<p>Semana 20: Lucas 6.47-49<\/p>\n<blockquote><p>Eu vou mostrar a voc\u00eas com quem se parece a pessoa que vem e ouve a minha mensagem e \u00e9 obediente a ela.\u00a0Essa pessoa \u00e9 como um homem que, quando construiu uma casa, cavou bem fundo e p\u00f4s o alicerce na rocha. O rio ficou cheio, e as suas \u00e1guas bateram contra aquela casa; por\u00e9m ela n\u00e3o se abalou porque havia sido bem constru\u00edda.\u00a0Mas quem ouve a minha mensagem e n\u00e3o \u00e9 obediente a ela \u00e9 como o homem que construiu uma casa na terra, sem alicerce. Quando a \u00e1gua bateu contra aquela casa, ela caiu logo e ficou totalmente destru\u00edda.<\/p><\/blockquote>\n<p>Gosto muito de onde eu moro, Florian\u00f3polis. Mas tem um problema. Moramos numa regi\u00e3o arenosa, pois \u00e9 praia. Talvez voc\u00ea j\u00e1 sabe onde estou querendo chegar, afinal quem j\u00e1 n\u00e3o ouviu uma reflex\u00e3o ou cantou a musiquinha sobre a constru\u00e7\u00e3o da sua casa na areia? Mas esta vez a li\u00e7\u00e3o \u00e9 um pouquinho diferente. Nada se fala de areia nos vers\u00edculos acima! A vers\u00e3o que fala de areia se encontra em Mateus 7.24-27 (o mesmo evento lembrado de maneira ligeiramente diferente ou duas vezes que Jesus falou essencialmente a mesma coisa mas de modo ligeiramente diferente?).<!--more--><\/p>\n<p>Ambas as passagens falam da import\u00e2ncia de construir as nossas vidas em fundamentos s\u00f3lidos, mas em Mateus n\u00e3o se fala de cavar fundo at\u00e9 a rocha e em Lucas n\u00e3o se fala do oposto em termos de construir em cima de areia. Eu pelo menos, sempre imaginava uma rocha exposta quando lia Mateus, embora Mateus n\u00e3o diga isso. Mas em Lucas n\u00e3o \u00e9 preciso advinhar, a ideia \u00e9 explicitamente cavar fundo. Vou ter que fazer uma reforma na minha casa e o arquiteto que est\u00e1 me ajudando me disse, &#8220;Tim\u00f3teo, vamos ter que cavar fundo para conseguir um fundamento s\u00f3lido. Qual \u00e9 a li\u00e7\u00e3o? Algo me ocorreu\u00a0que n\u00e3o me ocorreu antes&#8230;<\/p>\n<p>Sim, vou ter que cavar fundo. Vou precisar me preparar e esfor\u00e7ar, mas o interessante \u00e9 que o fundamento em si <em>n\u00e3o aparece <\/em>(diferente da minha leitura de Mateus). Pelo menos <em>n\u00e3o aparece diretamente. <\/em>Estou no minist\u00e9rio h\u00e1 43 anos. E durante os \u00faltimos 30 anos meu trabalho \u00e9 preparar outros para o minist\u00e9rio, especialmente para o minist\u00e9rio mission\u00e1rio. Por isso, acabo observando, obrigatoriamente, os fundamentos dos candidatos ao minist\u00e9rio, e tamb\u00e9m observo o minist\u00e9rio que as pessoas constroem. Para alguns, n\u00e3o quero dizer a maioria ou n\u00e3o porque n\u00e3o quero e nem posso julgar, mas algumas se preocupam em deixar os seus minist\u00e9rios bem vis\u00edveis. Isto ocorre de diversas maneiras superficiais ou n\u00e3o. \u00e3s vez \u00e9 a maneira de se vestir. \u00e3s vezes \u00e9 a maneira que se apresentam. \u00c0s vezes s\u00e3o as exig\u00eancias que se fazem que os outros concordem ou apoiem em tudo que fazem. \u00c0s vezes \u00e9 a insist\u00eancia de sempre estar &#8220;\u00e0 frente&#8221; ou pelas refer\u00eancias constantes a si mesmo. Acho que voc\u00ea sabe que quero dizer.<\/p>\n<p>Jesus n\u00e3o era nada assim e falava muito a respeito da postura humilde que devemos assumir diante de Deus e diante do pr\u00f3ximo. Jesus disse que obedec\u00ea-lo \u00e9 como a constru\u00e7\u00e3o de um fundamento bem baixo em cima de rocha. O fundamento em si n\u00e3o se v\u00ea, mas o resultado e a sua firmeza, sim.<\/p>\n<p><strong>Ora\u00e7\u00e3o<\/strong><\/p>\n<blockquote><p>Pai bondoso, ensina-nos a construir as nossas vidas acima da Tua Palavra e n\u00e3o nos sucibir \u00e0 tenta\u00e7\u00e3o t\u00e3o comum de &#8220;aparecer&#8221;. Em nome de Jesus. Am\u00e9m.<\/p><\/blockquote>\n","protected":false},"excerpt":{"rendered":"<p>Semana 20: Lucas 6.47-49 Eu vou mostrar a voc\u00eas com quem se parece a pessoa que vem e ouve a minha mensagem e \u00e9 obediente a ela.\u00a0Essa pessoa \u00e9 como um homem que, quando construiu uma casa, cavou bem fundo e p\u00f4s o alicerce na rocha. O rio ficou cheio, e as suas \u00e1guas bateram [&hellip;]<\/p>\n","protected":false},"author":25,"featured_media":1181,"comment_status":"open","ping_status":"open","sticky":false,"template":"","format":"standard","meta":{"ngg_post_thumbnail":0,"footnotes":""},"categories":[5447,12073],"tags":[],"class_list":["post-1179","post","type-post","status-publish","format-standard","has-post-thumbnail","hentry","category-devocional","category-lucas"],"_links":{"self":[{"href":"https:\/\/ultimato.com.br\/sites\/timcarriker\/wp-json\/wp\/v2\/posts\/1179","targetHints":{"allow":["GET"]}}],"collection":[{"href":"https:\/\/ultimato.com.br\/sites\/timcarriker\/wp-json\/wp\/v2\/posts"}],"about":[{"href":"https:\/\/ultimato.com.br\/sites\/timcarriker\/wp-json\/wp\/v2\/types\/post"}],"author":[{"embeddable":true,"href":"https:\/\/ultimato.com.br\/sites\/timcarriker\/wp-json\/wp\/v2\/users\/25"}],"replies":[{"embeddable":true,"href":"https:\/\/ultimato.com.br\/sites\/timcarriker\/wp-json\/wp\/v2\/comments?post=1179"}],"version-history":[{"count":4,"href":"https:\/\/ultimato.com.br\/sites\/timcarriker\/wp-json\/wp\/v2\/posts\/1179\/revisions"}],"predecessor-version":[{"id":1184,"href":"https:\/\/ultimato.com.br\/sites\/timcarriker\/wp-json\/wp\/v2\/posts\/1179\/revisions\/1184"}],"wp:featuredmedia":[{"embeddable":true,"href":"https:\/\/ultimato.com.br\/sites\/timcarriker\/wp-json\/wp\/v2\/media\/1181"}],"wp:attachment":[{"href":"https:\/\/ultimato.com.br\/sites\/timcarriker\/wp-json\/wp\/v2\/media?parent=1179"}],"wp:term":[{"taxonomy":"category","embeddable":true,"href":"https:\/\/ultimato.com.br\/sites\/timcarriker\/wp-json\/wp\/v2\/categories?post=1179"},{"taxonomy":"post_tag","embeddable":true,"href":"https:\/\/ultimato.com.br\/sites\/timcarriker\/wp-json\/wp\/v2\/tags?post=1179"}],"curies":[{"name":"wp","href":"https:\/\/api.w.org\/{rel}","templated":true}]}}