{"id":1171,"date":"2012-05-14T11:35:58","date_gmt":"2012-05-14T13:35:58","guid":{"rendered":"http:\/\/ultimato.com.br\/sites\/timcarriker\/?p=1171"},"modified":"2012-05-14T11:45:46","modified_gmt":"2012-05-14T13:45:46","slug":"o-amor-radical","status":"publish","type":"post","link":"https:\/\/ultimato.com.br\/sites\/timcarriker\/2012\/05\/14\/o-amor-radical\/","title":{"rendered":"O amor radical"},"content":{"rendered":"<p>Semana 19: Lucas 6.31-35<\/p>\n<blockquote><p>Fa\u00e7am o contr\u00e1rio: amem os seus inimigos e fa\u00e7am o bem para eles. Emprestem e n\u00e3o esperem receber de volta o que emprestaram e assim voc\u00eas ter\u00e3o uma grande recompensa e ser\u00e3o filhos do Deus Alt\u00edssimo. Fa\u00e7am isso porque ele \u00e9 bom tamb\u00e9m para os ingratos e maus. Tenham miseric\u00f3rdia dos outros, assim como o Pai de voc\u00eas tem miseric\u00f3rdia de voc\u00eas.\u00a0(vv.35-36)<\/p><\/blockquote>\n<p>Quando eu morrer, conforme a minha interpreta\u00e7\u00e3o da passagem acima, terei uma enorme biblioteca. Dois ou tr\u00eas livros para cada um que emprestei e n\u00e3o foi devolvido! Brincadeira&#8230;tou s\u00f3 mostrando o meu lado ainda ego\u00edsta e pecaminoso. Desculpe.<!--more--><\/p>\n<p>Mas imagino que muitos se identificam comigo. Um dia li esta passagem e resolvi emprestar sem cobrar&#8230;pelo menos sem insistir na devolu\u00e7\u00e3o. N\u00e3o tem sido nada f\u00e1cil mas \u00e9 um bom exerc\u00edcio na liberta\u00e7\u00e3o das \u201ccoisas\u201d (espero n\u00e3o ser bombardeado com pedidos de empr\u00e9stimo!). Mas a bem da verdade \u00e9 que eu queria chamar aten\u00e7\u00e3o para a primeira parte do vers\u00edculo, \u201cam\u00e9m os seus inimigos e fa\u00e7am o bem para eles.\u201d E por favor, reparem a frase anterior, \u201cfa\u00e7am o contr\u00e1rio.\u201d Contr\u00e1rio do qu\u00ea? O contr\u00e1rio dos exemplos anteriores, nos vers\u00edculos 31-34 (sim, ter\u00e1s que l\u00ea-los).<\/p>\n<p>\u201cFazer o bem\u201d era um ditado bem conhecido no imp\u00e9rio romano que orientava o comportamento social numa cultura hierarquizada. Isto \u00e9, as pessoas de condi\u00e7\u00e3o social e financeira tinha uma obriga\u00e7\u00e3o moral dentro da cultura romana de\u00a0\u201cajudar\u201d os menos favorecidos, semelhantemente aos \u201cbenfeitores\u201d do Brasil colonial. Era um sistema de socorro social, por\u00e9m paternalista. Obviamente\u00a0\u201cfazia-se o bem\u201d para as pessoas do seu c\u00edrculo de amizade que precisavam. Estas pessoas estavam dentro do seu alcance justamente porque elas tomavam o devido cuidado de ter o m\u00ednimo de considera\u00e7\u00e3o por voc\u00ea da mesma forma que hoje as pessoas com pelo menos um pouco de bom senso n\u00e3o ficam ofendendo o seu patr\u00e3o. Entendeu como funciona?<\/p>\n<p>Mas Jesus radicaliza ao dizer que devemos amar at\u00e9 o nosso inimigo. (Paulo tamb\u00e9m radicaliza o conceito de \u201cfazer o bem\u201d em Romanos 13, mas de outra forma). O vers\u00edculo 36 come\u00e7a a explicar mais:\u00a0\u201ctenham miseric\u00f3rdia dos outros, assim como o Pai de voc\u00eas tem miseric\u00f3rdia de voc\u00eas.\u201d Deus teve misericordia da gente que \u00e9ramos inimigos, logo n\u00f3s tamb\u00e9m&#8230;<\/p>\n<p>E como fazer isto, como amar o inimigo? Os vers\u00edculos 36-49 esclarecem mais ainda. Vou resumi-los com um negativo e um positivo&#8230;<\/p>\n<p>Primeiro o negativo, <em>n\u00e3o julgar<\/em>\u00a0n\u00e3o se refere \u00e0 pouca import\u00e2ncia que se d\u00e1 pelo pecado, nem \u00e0 falta de admoesta\u00e7\u00e3o acerca do mal (Atos 13.44ss; Romanos 1.32; 1Cor\u00edntios 5.11ss). A frase deve ser entendida junto com verso anterior e a frase posterior: Deus \u00e9 o juiz, n\u00e3o n\u00f3s, portanto n\u00e3o devemos condenar o pr\u00f3ximo e, mesmo quando o admoestamos, devemos nos examinar cuidadosamente primeiro.\u00a0Portanto,\u00a0\u201cn\u00e3o condenar\u201d: esclarece a frase anterior, \u201cn\u00e3o julgar\u201d.<\/p>\n<p>Positivamente,\u00a0<em>perdoar<\/em>: seguindo o exemplo do perd\u00e3o financeiro, n\u00e3o devemos nos orgulhar da nossa posi\u00e7\u00e3o certa em detrimento ao pr\u00f3ximo ou nos ofender por insultos e inj\u00farias pessoais, mas perdo\u00e1-lo, como Deus o faz. Tamb\u00e9m,define por oposto as \u00faltimas duas exorta\u00e7\u00f5es negativas.<\/p>\n<p>Amar o inimigo n\u00e3o \u00e9 nada f\u00e1cil. Vai contra a nossa natureza (pecaminosa). Gosto imensamente e estar com gente que ri junto comigo e me apoia. N\u00e3o gosto de estar com gente que me v\u00ea com suspeito, sempre me desafiando com aquelas condena\u00e7\u00f5es veladas ou n\u00e3o.<\/p>\n<p>Mas Jesus exige dos seus disc\u00edpulos um outro caminho. Iremos com ele?<\/p>\n<p><strong>Ora\u00e7\u00e3o<\/strong><\/p>\n<blockquote><p>Pai bondoso, isto n\u00e3o \u00e9 nem um pouco f\u00e1cil, amar o meu inimigo. E sei que eu seria o maior hip\u00f3crito ao dizer que n\u00e3o considero ningu\u00e9m como inimigo. Portanto, SOCORRO! Imprima em mim a imagem de Cristo que ainda amou os seus inimigos e morreu por eles. Em seu nome. Am\u00e9m.<\/p><\/blockquote>\n","protected":false},"excerpt":{"rendered":"<p>Semana 19: Lucas 6.31-35 Fa\u00e7am o contr\u00e1rio: amem os seus inimigos e fa\u00e7am o bem para eles. Emprestem e n\u00e3o esperem receber de volta o que emprestaram e assim voc\u00eas ter\u00e3o uma grande recompensa e ser\u00e3o filhos do Deus Alt\u00edssimo. Fa\u00e7am isso porque ele \u00e9 bom tamb\u00e9m para os ingratos e maus. Tenham miseric\u00f3rdia dos [&hellip;]<\/p>\n","protected":false},"author":25,"featured_media":1174,"comment_status":"open","ping_status":"open","sticky":false,"template":"","format":"standard","meta":{"ngg_post_thumbnail":0,"footnotes":""},"categories":[5447,12073],"tags":[],"class_list":["post-1171","post","type-post","status-publish","format-standard","has-post-thumbnail","hentry","category-devocional","category-lucas"],"_links":{"self":[{"href":"https:\/\/ultimato.com.br\/sites\/timcarriker\/wp-json\/wp\/v2\/posts\/1171","targetHints":{"allow":["GET"]}}],"collection":[{"href":"https:\/\/ultimato.com.br\/sites\/timcarriker\/wp-json\/wp\/v2\/posts"}],"about":[{"href":"https:\/\/ultimato.com.br\/sites\/timcarriker\/wp-json\/wp\/v2\/types\/post"}],"author":[{"embeddable":true,"href":"https:\/\/ultimato.com.br\/sites\/timcarriker\/wp-json\/wp\/v2\/users\/25"}],"replies":[{"embeddable":true,"href":"https:\/\/ultimato.com.br\/sites\/timcarriker\/wp-json\/wp\/v2\/comments?post=1171"}],"version-history":[{"count":5,"href":"https:\/\/ultimato.com.br\/sites\/timcarriker\/wp-json\/wp\/v2\/posts\/1171\/revisions"}],"predecessor-version":[{"id":1176,"href":"https:\/\/ultimato.com.br\/sites\/timcarriker\/wp-json\/wp\/v2\/posts\/1171\/revisions\/1176"}],"wp:featuredmedia":[{"embeddable":true,"href":"https:\/\/ultimato.com.br\/sites\/timcarriker\/wp-json\/wp\/v2\/media\/1174"}],"wp:attachment":[{"href":"https:\/\/ultimato.com.br\/sites\/timcarriker\/wp-json\/wp\/v2\/media?parent=1171"}],"wp:term":[{"taxonomy":"category","embeddable":true,"href":"https:\/\/ultimato.com.br\/sites\/timcarriker\/wp-json\/wp\/v2\/categories?post=1171"},{"taxonomy":"post_tag","embeddable":true,"href":"https:\/\/ultimato.com.br\/sites\/timcarriker\/wp-json\/wp\/v2\/tags?post=1171"}],"curies":[{"name":"wp","href":"https:\/\/api.w.org\/{rel}","templated":true}]}}