{"id":1159,"date":"2012-05-07T10:13:01","date_gmt":"2012-05-07T12:13:01","guid":{"rendered":"http:\/\/ultimato.com.br\/sites\/timcarriker\/?p=1159"},"modified":"2012-05-07T10:14:54","modified_gmt":"2012-05-07T12:14:54","slug":"oito-ou-oitenta","status":"publish","type":"post","link":"https:\/\/ultimato.com.br\/sites\/timcarriker\/2012\/05\/07\/oito-ou-oitenta\/","title":{"rendered":"oito ou oitenta?"},"content":{"rendered":"<p>Semana 18: Lucas 6.20-30<\/p>\n<blockquote><p>&#8230;<strong>Felizes<\/strong> s\u00e3o voc\u00eas&#8230;. <strong>Felizes<\/strong> s\u00e3o voc\u00eas&#8230;. <strong>Felizes<\/strong> s\u00e3o voc\u00eas&#8230;.<\/p>\n<p>mas\u00a0<strong>a\u00ed<\/strong> de voc\u00eas&#8230;. <strong>A\u00ed<\/strong> de voc\u00eas&#8230;. <strong>A\u00ed<\/strong> de voc\u00eas&#8230;.<\/p><\/blockquote>\n<p>Nem sempre a vida de f\u00e9\u00a0\u00e9 t\u00e3o preto e branco, oito e oitento. \u00c0s vezes a resposta ou a a\u00e7\u00e3o certa n\u00e3o \u00e9 t\u00e3o clara. Parece-me que paira uma cor de cinza sobre muitas das decis\u00f5es de vida que temos que tomar. Mas nem sempre \u00e9 assim. \u00c0s vezes, a resposta \u00e9 muito clara e na passagem acima encontramos um destes incidentes.<!--more--><\/p>\n<p>O paralelismo desta exorta\u00e7\u00e3o de Jesus \u00e9 inconfund\u00edvel: tr\u00eas altas recomenda\u00e7\u00f5es e tr\u00eas avisos severos. (O discurso \u00e9 intensificado em Lucas que o registra a entrega desta mensagem em <em>outra<\/em>\u00a0ocasi\u00e3o adicional: um plan\u00edcie).<\/p>\n<p>As recomenda\u00e7\u00f5es n\u00e3o tem o m\u00ednimo ibope hoje: a pobreza, a fome e a persegui\u00e7\u00e3o. As tr\u00eas censuras? A riqueza, a fartura e a popularidade.<\/p>\n<p>Espera a\u00ed, n\u00e3o \u00e9 o contr\u00e1rio? Como \u00e9 poss\u00edvel Jesus falar de modo t\u00e3o claro, simples e categ\u00f3rico e n\u00f3s colocarmos de ponto cabe\u00e7a?!<\/p>\n<p>Ah, ent\u00e3o, vem na sua cabe\u00e7a as suas qualifica\u00e7\u00f5es:\u00a0\u201cn\u00e3o \u00e9 assim em Mateus, l\u00e1 \u00e9 pobre de esp\u00edrito\u201d,\u00a0\u201cJesus n\u00e3o est\u00e1 recomendando a pobreza (nem fome e nem o ser odiado) em si, mas sim, um estado <em>espiritual<\/em>\u201d e assim vai&#8230;<\/p>\n<p>Mas suponham que Jesus quis dizer o que ele falou, e diferente de outros casos (por exemplo, quando falava em par\u00e1bolas), esta vez a mensagem \u00e9 do jeito que falou. Ser\u00e1 poss\u00edvel? Uma qualifica\u00e7\u00e3o fundamental leg\u00edtima: as \u201crecomenda\u00e7\u00f5es\u201d n\u00e3o se referem \u00e0quelas condi\u00e7\u00f5es em si, mas quando elas ocorrem\u00a0\u201c<em>por serem seguidores do Filho do Homem<\/em>\u201d (v.22). Ou seja, seguir a Cristo tem consequ\u00eancias, n\u00e3o apenas \u201cespirituais\u201d, mas tamb\u00e9m f\u00edsicas e sociais.<\/p>\n<p>Dispostos a assumir (mais uma vez)?<\/p>\n<p><strong>Ora\u00e7\u00e3o<\/strong><\/p>\n<blockquote><p>Pai amado, gra\u00e7as Teu dou pela vida maravilhosa que me deu, mesmo quando a sua condi\u00e7\u00e3o f\u00edsica n\u00e3o pare\u00e7a. O meu cora\u00e7\u00e3o se enche com a alegria de caminhar contigo. Em nome de Jesus. Am\u00e9m.<\/p><\/blockquote>\n","protected":false},"excerpt":{"rendered":"<p>Semana 18: Lucas 6.20-30 &#8230;Felizes s\u00e3o voc\u00eas&#8230;. Felizes s\u00e3o voc\u00eas&#8230;. Felizes s\u00e3o voc\u00eas&#8230;. mas\u00a0a\u00ed de voc\u00eas&#8230;. A\u00ed de voc\u00eas&#8230;. A\u00ed de voc\u00eas&#8230;. Nem sempre a vida de f\u00e9\u00a0\u00e9 t\u00e3o preto e branco, oito e oitento. \u00c0s vezes a resposta ou a a\u00e7\u00e3o certa n\u00e3o \u00e9 t\u00e3o clara. Parece-me que paira uma cor de cinza sobre [&hellip;]<\/p>\n","protected":false},"author":25,"featured_media":1163,"comment_status":"open","ping_status":"open","sticky":false,"template":"","format":"standard","meta":{"ngg_post_thumbnail":0,"footnotes":""},"categories":[5447,12073],"tags":[],"class_list":["post-1159","post","type-post","status-publish","format-standard","has-post-thumbnail","hentry","category-devocional","category-lucas"],"_links":{"self":[{"href":"https:\/\/ultimato.com.br\/sites\/timcarriker\/wp-json\/wp\/v2\/posts\/1159","targetHints":{"allow":["GET"]}}],"collection":[{"href":"https:\/\/ultimato.com.br\/sites\/timcarriker\/wp-json\/wp\/v2\/posts"}],"about":[{"href":"https:\/\/ultimato.com.br\/sites\/timcarriker\/wp-json\/wp\/v2\/types\/post"}],"author":[{"embeddable":true,"href":"https:\/\/ultimato.com.br\/sites\/timcarriker\/wp-json\/wp\/v2\/users\/25"}],"replies":[{"embeddable":true,"href":"https:\/\/ultimato.com.br\/sites\/timcarriker\/wp-json\/wp\/v2\/comments?post=1159"}],"version-history":[{"count":10,"href":"https:\/\/ultimato.com.br\/sites\/timcarriker\/wp-json\/wp\/v2\/posts\/1159\/revisions"}],"predecessor-version":[{"id":1169,"href":"https:\/\/ultimato.com.br\/sites\/timcarriker\/wp-json\/wp\/v2\/posts\/1159\/revisions\/1169"}],"wp:featuredmedia":[{"embeddable":true,"href":"https:\/\/ultimato.com.br\/sites\/timcarriker\/wp-json\/wp\/v2\/media\/1163"}],"wp:attachment":[{"href":"https:\/\/ultimato.com.br\/sites\/timcarriker\/wp-json\/wp\/v2\/media?parent=1159"}],"wp:term":[{"taxonomy":"category","embeddable":true,"href":"https:\/\/ultimato.com.br\/sites\/timcarriker\/wp-json\/wp\/v2\/categories?post=1159"},{"taxonomy":"post_tag","embeddable":true,"href":"https:\/\/ultimato.com.br\/sites\/timcarriker\/wp-json\/wp\/v2\/tags?post=1159"}],"curies":[{"name":"wp","href":"https:\/\/api.w.org\/{rel}","templated":true}]}}