{"id":1086,"date":"2012-03-21T22:42:15","date_gmt":"2012-03-22T00:42:15","guid":{"rendered":"http:\/\/ultimato.com.br\/sites\/timcarriker\/?p=1086"},"modified":"2012-03-21T22:54:14","modified_gmt":"2012-03-22T00:54:14","slug":"de-muitas-maneiras-diferentes","status":"publish","type":"post","link":"https:\/\/ultimato.com.br\/sites\/timcarriker\/2012\/03\/21\/de-muitas-maneiras-diferentes\/","title":{"rendered":"De muitas maneiras diferentes&#8230;"},"content":{"rendered":"<p>Semana 10: Lucas 3.18<\/p>\n<blockquote><p>\u201cJo\u00e3o anunciava de <strong><em>muitas maneiras diferentes<\/em><\/strong> a boa not\u00edcia ao povo e apelava a eles para que mudassem de vida. (NTLH)<\/p><\/blockquote>\n<p>Quando eu penso em Jo\u00e3o Batista, confesso que tendo a pensar em uma pessoa um tanto quadrado, inflex\u00edvel e tradicional. Mas o vers\u00edculo acima nos d\u00e1 uma outra vis\u00e3o&#8230; a vis\u00e3o de uma pessoa um tanto criativa e disposta a comunicar a boa mensagem a respeito de Jesus Cristo de diversas maneiras. Certo que n\u00e3o sabemos como foi esta variedade. Jo\u00e3o usava dramatiza\u00e7\u00e3o? Falava em par\u00e1bolas? Fazia uso da dan\u00e7a lit\u00fargica? N\u00e3o sabemos a resposta para estas perguntas espec\u00edficas, mas acredito que poder\u00edamos sup\u00f4r que Jo\u00e3o estaria hoje disposto a usar estes e outros meios para comunicar a sua f\u00e9.<!--more--><\/p>\n<p>E agora, eu, ou voc\u00ea, ou a sua igreja? Somos dispostos a usar diversos meios para comunicar a nossa f\u00e9? Pelo menos tentar? Ou as nossas tradi\u00e7\u00f5es nos prendem como sapatos feitos de chumbo? Sim, eu sei, experimentar dar medo. E corremos sempre o risco, ao experimentarmos, de n\u00e3o sermos \u201cbem-sucedidos\u201d. \u00a0Mas vale a pena tentar.<\/p>\n<p>Durante anos eu dava um curso no semin\u00e1rio (em Minas Gerais, S\u00e3o Paulo,\u00a0Cear\u00e1 e Florian\u00f3polis) sobre o evangelismo. Eu sempre come\u00e7ava as aulas pedindo que os alunos contassem as suas experi\u00eancias de evangelismo. E sempre ficava surpreendido pela diversidade de maneiras que estes alunos conseguiam comunicar a sua f\u00e9.<\/p>\n<p>Mas n\u00e3o deveria ser diferente. Afinal, se temos a mensagem mais importante do mundo para contar, e se temos a incumb\u00eancia de cont\u00e1-la em cada canto do mundo, com certeza haver\u00e1 diversas maneiras de fazer isto.<\/p>\n<p>Quero desafi\u00e1-lo. Procure uma s\u00f3 maneira diferente para comunicar a sua f\u00e9. Escreva uma carta para algu\u00e9m. Fa\u00e7a uma poesia. Cante no coral. Participe de uma dramatiza\u00e7\u00e3o. Conduza um estudo b\u00edblico&#8230; o que for. Pode se surpreender.<\/p>\n<p><strong>Ora\u00e7\u00e3o<\/strong><\/p>\n<blockquote><p>Gra\u00e7as te damos \u00f3 Pai, pelos dons cedidos a cada um. Capacite-nos para compartilharmos as boas not\u00edcias a respeito de Jesus de uma nova forma. Em nome de Jesus. Am\u00e9m.<\/p><\/blockquote>\n","protected":false},"excerpt":{"rendered":"<p>Semana 10: Lucas 3.18 \u201cJo\u00e3o anunciava de muitas maneiras diferentes a boa not\u00edcia ao povo e apelava a eles para que mudassem de vida. (NTLH) Quando eu penso em Jo\u00e3o Batista, confesso que tendo a pensar em uma pessoa um tanto quadrado, inflex\u00edvel e tradicional. Mas o vers\u00edculo acima nos d\u00e1 uma outra vis\u00e3o&#8230; a [&hellip;]<\/p>\n","protected":false},"author":25,"featured_media":1090,"comment_status":"open","ping_status":"open","sticky":false,"template":"","format":"standard","meta":{"ngg_post_thumbnail":0,"footnotes":""},"categories":[5447,12073],"tags":[],"class_list":["post-1086","post","type-post","status-publish","format-standard","has-post-thumbnail","hentry","category-devocional","category-lucas"],"_links":{"self":[{"href":"https:\/\/ultimato.com.br\/sites\/timcarriker\/wp-json\/wp\/v2\/posts\/1086","targetHints":{"allow":["GET"]}}],"collection":[{"href":"https:\/\/ultimato.com.br\/sites\/timcarriker\/wp-json\/wp\/v2\/posts"}],"about":[{"href":"https:\/\/ultimato.com.br\/sites\/timcarriker\/wp-json\/wp\/v2\/types\/post"}],"author":[{"embeddable":true,"href":"https:\/\/ultimato.com.br\/sites\/timcarriker\/wp-json\/wp\/v2\/users\/25"}],"replies":[{"embeddable":true,"href":"https:\/\/ultimato.com.br\/sites\/timcarriker\/wp-json\/wp\/v2\/comments?post=1086"}],"version-history":[{"count":4,"href":"https:\/\/ultimato.com.br\/sites\/timcarriker\/wp-json\/wp\/v2\/posts\/1086\/revisions"}],"predecessor-version":[{"id":1089,"href":"https:\/\/ultimato.com.br\/sites\/timcarriker\/wp-json\/wp\/v2\/posts\/1086\/revisions\/1089"}],"wp:featuredmedia":[{"embeddable":true,"href":"https:\/\/ultimato.com.br\/sites\/timcarriker\/wp-json\/wp\/v2\/media\/1090"}],"wp:attachment":[{"href":"https:\/\/ultimato.com.br\/sites\/timcarriker\/wp-json\/wp\/v2\/media?parent=1086"}],"wp:term":[{"taxonomy":"category","embeddable":true,"href":"https:\/\/ultimato.com.br\/sites\/timcarriker\/wp-json\/wp\/v2\/categories?post=1086"},{"taxonomy":"post_tag","embeddable":true,"href":"https:\/\/ultimato.com.br\/sites\/timcarriker\/wp-json\/wp\/v2\/tags?post=1086"}],"curies":[{"name":"wp","href":"https:\/\/api.w.org\/{rel}","templated":true}]}}