{"id":1077,"date":"2012-03-17T18:56:57","date_gmt":"2012-03-17T20:56:57","guid":{"rendered":"http:\/\/ultimato.com.br\/sites\/timcarriker\/?p=1077"},"modified":"2012-03-17T19:01:07","modified_gmt":"2012-03-17T21:01:07","slug":"o-machado-ja-esta-pronto","status":"publish","type":"post","link":"https:\/\/ultimato.com.br\/sites\/timcarriker\/2012\/03\/17\/o-machado-ja-esta-pronto\/","title":{"rendered":"O que devo fazer?"},"content":{"rendered":"<div>Semana 9: Lucas 3.9-14<\/div>\n<blockquote>\n<div>O machado j\u00e1 est\u00e1 pronto para cortar as \u00e1rvores pela raiz. Toda \u00e1rvore que n\u00e3o d\u00e1 frutas boas ser\u00e1 cortada e jogada no fogo. Ent\u00e3o o povo perguntava: \u2014 <strong>O que devemos fazer?<\/strong>&#8230; \u00a0Alguns cobradores de impostos tamb\u00e9m &#8230; perguntaram a Jo\u00e3o: \u2014 Mestre, <strong>o que devemos fazer?<\/strong>&#8230;\u00a0 Alguns soldados tamb\u00e9m perguntavam: \u2014 E n\u00f3s,<strong> o que devemos fazer?<\/strong><\/div>\n<\/blockquote>\n<p>N\u00e3o \u00e9 interessante que a pergunta,\u00a0<span style=\"background-color: #ffffff; color: #474747; font-style: italic;\">\u201co que devemos fazer\u201d,<\/span><span style=\"background-color: #ffffff; color: #474747;\"> aparece <em>tr\u00eas vezes<\/em> por pessoas diferentes? Ser\u00e1 que as Escrituras est\u00e3o tentando nos dizer alguma coisa? Com certeza!<!--more--><\/span><\/p>\n<p><span style=\"background-color: #ffffff; color: #474747;\">Mas como entender isto hoje? Afinal, a previs\u00e3o de Jo\u00e3o Batista j\u00e1 se realizou. Jesus j\u00e1 veio, j\u00e1 anunciou a chegada do governo do Pai atrav\u00e9s do pr\u00f3prio minist\u00e9rio de Jesus, j\u00e1 julgou o estabelecimento religioso da sua \u00e9poca, j\u00e1 morreu, j\u00e1 ressuscitou e j\u00e1 senta \u00e0 destra do Pai governando o nosso mundo. Portanto, o aviso de Jo\u00e3o Batista para n\u00f3s n\u00e3o \u00e9 fora de \u00e9poca e assim, anacr\u00f4nica?<\/span><\/p>\n<p>Sim e n\u00e3o. <em>Sim<\/em>, porque tudo isto que mencionamos j\u00e1 aconteceu. Hoje estamos do lado de c\u00e1 da cruz, n\u00e3o o lado de l\u00e1.<\/p>\n<p>Mas <em>n\u00e3o<\/em>, porque Jesus <em>ainda<\/em> est\u00e1\u00a0\u201cdominando os seus inimigos\u201d (1 Cor\u00edntios 15.23-28), e n\u00f3s, como a sua igreja, fazemos parte deste processo (Ef\u00e9sios 1.22-23, 3.10). Ent\u00e3o, sim, o aviso de Jo\u00e3o ainda \u00e9 pertinente para n\u00f3s hoje.<\/p>\n<p>O que devemos fazer? Qual \u00e9 o nosso papel diante da a\u00e7\u00e3o \u00e0s vezes dolorosa e julgadora de Deus de estabelecer a sua autoridade na nossa hist\u00f3ria e no nosso mundo?<\/p>\n<p>O que devemos fazer? O que devo, <em>eu<\/em>, fazer? E o que <em>voc\u00ea<\/em> deve fazer?<\/p>\n<p>Medite nisto e nas respostas que Jo\u00e3o deu para os seus ouvintes (ou seja, continue lendo o Evanglho).<\/p>\n<p><strong>Ora\u00e7\u00e3o<\/strong><\/p>\n<blockquote><p>Pai Eterno, o que eu devo fazer? Por favor, me conceda a coragem e a f\u00e9 de faz\u00ea-lo. Em nome de Jesus. Am\u00e9m.<\/p><\/blockquote>\n","protected":false},"excerpt":{"rendered":"<p>Semana 9: Lucas 3.9-14 O machado j\u00e1 est\u00e1 pronto para cortar as \u00e1rvores pela raiz. Toda \u00e1rvore que n\u00e3o d\u00e1 frutas boas ser\u00e1 cortada e jogada no fogo. Ent\u00e3o o povo perguntava: \u2014 O que devemos fazer?&#8230; \u00a0Alguns cobradores de impostos tamb\u00e9m &#8230; perguntaram a Jo\u00e3o: \u2014 Mestre, o que devemos fazer?&#8230;\u00a0 Alguns soldados tamb\u00e9m [&hellip;]<\/p>\n","protected":false},"author":25,"featured_media":1079,"comment_status":"open","ping_status":"open","sticky":false,"template":"","format":"standard","meta":{"ngg_post_thumbnail":0,"footnotes":""},"categories":[5447,12073],"tags":[],"class_list":["post-1077","post","type-post","status-publish","format-standard","has-post-thumbnail","hentry","category-devocional","category-lucas"],"_links":{"self":[{"href":"https:\/\/ultimato.com.br\/sites\/timcarriker\/wp-json\/wp\/v2\/posts\/1077","targetHints":{"allow":["GET"]}}],"collection":[{"href":"https:\/\/ultimato.com.br\/sites\/timcarriker\/wp-json\/wp\/v2\/posts"}],"about":[{"href":"https:\/\/ultimato.com.br\/sites\/timcarriker\/wp-json\/wp\/v2\/types\/post"}],"author":[{"embeddable":true,"href":"https:\/\/ultimato.com.br\/sites\/timcarriker\/wp-json\/wp\/v2\/users\/25"}],"replies":[{"embeddable":true,"href":"https:\/\/ultimato.com.br\/sites\/timcarriker\/wp-json\/wp\/v2\/comments?post=1077"}],"version-history":[{"count":6,"href":"https:\/\/ultimato.com.br\/sites\/timcarriker\/wp-json\/wp\/v2\/posts\/1077\/revisions"}],"predecessor-version":[{"id":1083,"href":"https:\/\/ultimato.com.br\/sites\/timcarriker\/wp-json\/wp\/v2\/posts\/1077\/revisions\/1083"}],"wp:featuredmedia":[{"embeddable":true,"href":"https:\/\/ultimato.com.br\/sites\/timcarriker\/wp-json\/wp\/v2\/media\/1079"}],"wp:attachment":[{"href":"https:\/\/ultimato.com.br\/sites\/timcarriker\/wp-json\/wp\/v2\/media?parent=1077"}],"wp:term":[{"taxonomy":"category","embeddable":true,"href":"https:\/\/ultimato.com.br\/sites\/timcarriker\/wp-json\/wp\/v2\/categories?post=1077"},{"taxonomy":"post_tag","embeddable":true,"href":"https:\/\/ultimato.com.br\/sites\/timcarriker\/wp-json\/wp\/v2\/tags?post=1077"}],"curies":[{"name":"wp","href":"https:\/\/api.w.org\/{rel}","templated":true}]}}