{"id":1055,"date":"2012-03-14T22:31:03","date_gmt":"2012-03-15T00:31:03","guid":{"rendered":"http:\/\/ultimato.com.br\/sites\/timcarriker\/?p=1055"},"modified":"2012-03-14T22:46:16","modified_gmt":"2012-03-15T00:46:16","slug":"o-evangelho-apolitico","status":"publish","type":"post","link":"https:\/\/ultimato.com.br\/sites\/timcarriker\/2012\/03\/14\/o-evangelho-apolitico\/","title":{"rendered":"O Evangelho apol\u00edtico?"},"content":{"rendered":"<p>Semana 8: Lucas 3.1-6<\/p>\n<blockquote><p>Fazia quinze anos que:<\/p>\n<ol>\n<li>Tib\u00e9rio era o Imperador romano.<\/li>\n<li>Nesse tempo P\u00f4ncio Pilatos era o governador da Jud\u00e9ia,<\/li>\n<li>Herodes governava a Galil\u00e9ia,<\/li>\n<li>o seu irm\u00e3o Filipe governava a regi\u00e3o da Itur\u00e9ia e Traconites,<\/li>\n<li>e Lis\u00e2nias era o governador de Abilene.<\/li>\n<li>e An\u00e1s e Caif\u00e1s eram os Grandes Sacerdotes.<\/li>\n<\/ol>\n<p>Foi nesse tempo que a mensagem de Deus foi dada, no deserto, a Jo\u00e3o, filho de Zacarias. E Jo\u00e3o atravessou toda a regi\u00e3o do rio Jord\u00e3o, anunciando esta mensagem:<\/p>\n<p style=\"padding-left: 30px;\">&#8220;Arrependam-se dos seus pecados e sejam batizados, que Deus perdoar\u00e1 voc\u00eas. Isso aconteceu como o profeta Isa\u00edas tinha escrito no seu livro:<\/p>\n<p style=\"padding-left: 60px;\">&#8216;Algu\u00e9m est\u00e1 gritando no deserto: Preparem o caminho para o Senhor passar! Abram estradas retas para ele! Todos os vales ser\u00e3o aterrados, e todos os morros e montes ser\u00e3o aplanados. Os caminhos tortos ser\u00e3o endireitados, e as estradas esburacadas ser\u00e3o consertadas. E todos ver\u00e3o a salva\u00e7\u00e3o que Deus d\u00e1.\u2019\u201d (NTLH)<\/p>\n<\/blockquote>\n<p>Ser\u00e1 que Lucas precisa realmente ser mais expl\u00edcito que isto?<!--more--> O fim do ex\u00edlio pol\u00edtico de Israel com a chegada do rei messi\u00e2nico precedido pela vida do seu servo (Jo\u00e3o) aconteceu <em>dentro dum contexto pol\u00edtico espec\u00edfico<\/em>! Ou os seis referenciais pol\u00edticos n\u00e3o eram suficientes para deixar isto claro? Eu sei, eu sei, j\u00e1 tratei deste assunto bem recentemente (Semana 4: \u00a0O imperador Augusto). Mas n\u00e3o \u00e9 culpa minha. A leitura do Evangelho de Lucas nos for\u00e7a a voltar para este assunto. Por mais dif\u00edcil que seja para alguns de n\u00f3s reconhecerem, a vinda de Cristo era um confronto pol\u00edtico. F\u00e9 e pol\u00edtica naquela \u00e9poca, diferente de que muitos pensam hoje, se misturava. Melhor dizer que ainda n\u00e3o haviam se distinguido t\u00e3o nitidamente. Da\u00ed? Que isto tem a ver com uma simples devocional? Somento isto&#8230;<\/p>\n<p>Se Jesus veio para fazer uma diferen\u00e7a, n\u00e3o somente uma diferen\u00e7a no meu interior, mas tamb\u00e9m no meu <em><strong>exterior<\/strong><\/em><strong>, <\/strong>o que inclui o mundo (social, econ\u00f4mico, pol\u00edtico, etcf.) que me cerca, eu preciso assumir esta mesma dimens\u00e3o da f\u00e9 que Jesus viveu.\u00a0A f\u00e9 aut\u00eantica n\u00e3o se limita a minha privacidade. A f\u00e9 <em><strong>essencialmente<\/strong><\/em>, na sua origem e nos seu prop\u00f3sito, <strong><em>\u00e9 p\u00fablica<\/em><\/strong>.<\/p>\n<p><strong>Ora\u00e7\u00e3o:<\/strong><\/p>\n<blockquote><p>Pai bondoso, ensina me a ser um disc\u00edpulo cuja f\u00e9 transborde em e transforma o mercado, a academia, o escrit\u00f3rio, o meio ambiente e a pol\u00edtica. Em nome de Jesus. Am\u00e9m.<\/p><\/blockquote>\n","protected":false},"excerpt":{"rendered":"<p>Semana 8: Lucas 3.1-6 Fazia quinze anos que: Tib\u00e9rio era o Imperador romano. Nesse tempo P\u00f4ncio Pilatos era o governador da Jud\u00e9ia, Herodes governava a Galil\u00e9ia, o seu irm\u00e3o Filipe governava a regi\u00e3o da Itur\u00e9ia e Traconites, e Lis\u00e2nias era o governador de Abilene. e An\u00e1s e Caif\u00e1s eram os Grandes Sacerdotes. Foi nesse tempo [&hellip;]<\/p>\n","protected":false},"author":25,"featured_media":1073,"comment_status":"open","ping_status":"open","sticky":false,"template":"","format":"standard","meta":{"ngg_post_thumbnail":0,"footnotes":""},"categories":[5447,12073],"tags":[],"class_list":["post-1055","post","type-post","status-publish","format-standard","has-post-thumbnail","hentry","category-devocional","category-lucas"],"_links":{"self":[{"href":"https:\/\/ultimato.com.br\/sites\/timcarriker\/wp-json\/wp\/v2\/posts\/1055","targetHints":{"allow":["GET"]}}],"collection":[{"href":"https:\/\/ultimato.com.br\/sites\/timcarriker\/wp-json\/wp\/v2\/posts"}],"about":[{"href":"https:\/\/ultimato.com.br\/sites\/timcarriker\/wp-json\/wp\/v2\/types\/post"}],"author":[{"embeddable":true,"href":"https:\/\/ultimato.com.br\/sites\/timcarriker\/wp-json\/wp\/v2\/users\/25"}],"replies":[{"embeddable":true,"href":"https:\/\/ultimato.com.br\/sites\/timcarriker\/wp-json\/wp\/v2\/comments?post=1055"}],"version-history":[{"count":6,"href":"https:\/\/ultimato.com.br\/sites\/timcarriker\/wp-json\/wp\/v2\/posts\/1055\/revisions"}],"predecessor-version":[{"id":1063,"href":"https:\/\/ultimato.com.br\/sites\/timcarriker\/wp-json\/wp\/v2\/posts\/1055\/revisions\/1063"}],"wp:featuredmedia":[{"embeddable":true,"href":"https:\/\/ultimato.com.br\/sites\/timcarriker\/wp-json\/wp\/v2\/media\/1073"}],"wp:attachment":[{"href":"https:\/\/ultimato.com.br\/sites\/timcarriker\/wp-json\/wp\/v2\/media?parent=1055"}],"wp:term":[{"taxonomy":"category","embeddable":true,"href":"https:\/\/ultimato.com.br\/sites\/timcarriker\/wp-json\/wp\/v2\/categories?post=1055"},{"taxonomy":"post_tag","embeddable":true,"href":"https:\/\/ultimato.com.br\/sites\/timcarriker\/wp-json\/wp\/v2\/tags?post=1055"}],"curies":[{"name":"wp","href":"https:\/\/api.w.org\/{rel}","templated":true}]}}