{"id":44,"date":"2013-08-21T00:20:23","date_gmt":"2013-08-21T03:20:23","guid":{"rendered":"http:\/\/ultimato.com.br\/sites\/testedafebrasil\/?p=44"},"modified":"2013-09-07T23:17:21","modified_gmt":"2013-09-08T02:17:21","slug":"um-projeto-premiado-antes-do-lancamento","status":"publish","type":"post","link":"https:\/\/ultimato.com.br\/sites\/testedafebrasil\/2013\/08\/21\/um-projeto-premiado-antes-do-lancamento\/","title":{"rendered":"Um projeto premiado antes do lan\u00e7amento"},"content":{"rendered":"<p><span style=\"color: #808000;\"><strong>Por Guilherme de Carvalho<\/strong><\/span><\/p>\n<p>N\u00e3o \u00e9 de hoje que os l\u00edderes crist\u00e3os envolvidos com a integra\u00e7\u00e3o entre f\u00e9 e academia procuram subs\u00eddios pedag\u00f3gicos realmente \u00fateis &#8212; que n\u00e3o pequem por amadorismo acad\u00eamico ou de qualidade da produ\u00e7\u00e3o.<a href=\"http:\/\/ultimato.com.br\/sites\/testedafebrasil\/files\/2013\/08\/capa_otdf_cd_hs.jpg\"><img loading=\"lazy\" decoding=\"async\" class=\"alignright size-medium wp-image-45\" alt=\"capa_otdf_cd_hs\" src=\"http:\/\/ultimato.com.br\/sites\/testedafebrasil\/files\/2013\/08\/capa_otdf_cd_hs-215x300.jpg\" width=\"215\" height=\"300\" srcset=\"https:\/\/ultimato.com.br\/sites\/testedafebrasil\/files\/2013\/08\/capa_otdf_cd_hs-215x300.jpg 215w, https:\/\/ultimato.com.br\/sites\/testedafebrasil\/files\/2013\/08\/capa_otdf_cd_hs-107x150.jpg 107w, https:\/\/ultimato.com.br\/sites\/testedafebrasil\/files\/2013\/08\/capa_otdf_cd_hs.jpg 350w\" sizes=\"auto, (max-width: 215px) 100vw, 215px\" \/><\/a><\/p>\n<p>Pois a resposta \u00e0s ora\u00e7\u00f5es de muita gente est\u00e1 chegando: o Instituto Faraday para Ci\u00eancia e Religi\u00e3o est\u00e1 finalizando um programa especial de educa\u00e7\u00e3o em religi\u00e3o e ci\u00eancia para igrejas, que ser\u00e1 lan\u00e7ado em 1\u00ba de julho deste ano. O programa, batizado de \u201cTest of Faith: Resources for Churches from the Faraday Institute for Science and Religion\u201d (O Teste da F\u00e9: Recursos para Igrejas do Instituto Faraday de Ci\u00eancia e Religi\u00e3o) visa prover igrejas e minist\u00e9rios envolvidos com o trabalho acad\u00eamico com v\u00eddeos e textos de alto n\u00edvel e ampla acessibilidade.<\/p>\n<p><strong>Pr\u00eamio internacional<\/strong><br \/>\nO filme j\u00e1 foi exibido para p\u00fablicos restritos. Em 16 de mar\u00e7o foi apresentado no Festival de Ci\u00eancias de Cambridge, e noticiado em v\u00e1rios \u00f3rg\u00e3os, como o Daily Telegraph.<!--more--> E j\u00e1 foi premiado antes mesmo do lan\u00e7amento oficial: ganhou a prata como o melhor document\u00e1rio do ano pela International Visual Communications Association.<\/p>\n<p>O document\u00e1rio ser\u00e1 lan\u00e7ado oficialmente em julho, mas tive acesso antecipado ao filme, que ter\u00e1 legendas em portugu\u00eas (al\u00e9m de franc\u00eas, russo, espanhol, chin\u00eas, e dublagem em \u00e1rabe e farsi). Assim, n\u00e3o poderia deixar de dar uma \u201ccanja\u201d aos leitores.<\/p>\n<p>Quem fez<br \/>\nO projeto foi concebido e dirigido pela geneticista Ruth Bancewicz, pesquisadora associada do Instituto Faraday desde a funda\u00e7\u00e3o, em 2006, com o apoio de James Crocker. O Faraday recebeu um financiamento especial de 1.901.068 d\u00f3lares da John Templeton Foundation para desenvolver o projeto em parceria com a Contrapositive New Media.<\/p>\n<p>V\u00e1rias sumidades no campo das ci\u00eancias e da teologia foram convidadas para as entrevistas, incluindo o f\u00edsico-matem\u00e1tico de Cambridge e pastor anglicano John Polkinghorne, o f\u00edsico Ard Louis, de Oxford, o neurocientista Bill Newsome, o te\u00f3logo Alister McGrath, o diretor do projeto Genoma Humano, Francis Collins e o historiador da ci\u00eancia Peter Harrison, entre outros. O terceiro document\u00e1rio tem a participa\u00e7\u00e3o do bi\u00f3logo molecular John Bryant &#8212; muitos gostar\u00e3o de saber o que ele me disse numa conversa informal: foi o encontro com Francis Schaeffer no L\u2019Abri que salvou sua f\u00e9.<\/p>\n<p><strong>Os document\u00e1rios<\/strong><br \/>\nO programa \u00e9 centralizado em tr\u00eas document\u00e1rios que abordam as tr\u00eas frentes nas quais o debate sobre religi\u00e3o e ci\u00eancia \u00e9 mais intenso: a cosmologia, a biologia evolucion\u00e1ria e as neuroci\u00eancias.<\/p>\n<p>No primeiro deles \u00e9 apresentada uma exposi\u00e7\u00e3o muito did\u00e1tica do conceito de \u201cajuste-fino c\u00f3smico\u201d (fine-tunning), ou seja, a ideia de que o universo apresenta uma s\u00e9rie de caracter\u00edsticas singulares e surpreendentes que indicam a exist\u00eancia de um prop\u00f3sito e uma mente divina. O fen\u00f4meno do ajuste-fino cosmol\u00f3gico \u00e9 a principal evid\u00eancia para o que foi denominado \u201cprinc\u00edpio cosmol\u00f3gico antr\u00f3pico\u201d &#8212; o universo foi projetado para que enfim o ser humano viesse \u00e0 exist\u00eancia. O document\u00e1rio discute ainda o status da no\u00e7\u00e3o de \u201cmultiverso\u201d, uma das sa\u00eddas procuradas por cosmologistas n\u00e3o-crist\u00e3os para escapar das implica\u00e7\u00f5es do princ\u00edpio antr\u00f3pico.<\/p>\n<p>O segundo document\u00e1rio trata do problema da evolu\u00e7\u00e3o biol\u00f3gica. A cr\u00edtica ao criacionismo da terra jovem e ao Design Inteligente \u00e9 respeitosa, mas incisiva. O roteiro apresenta uma defesa da compatibilidade essencial entre a ideia crist\u00e3 de cria\u00e7\u00e3o e a teoria da evolu\u00e7\u00e3o. E o grande argumento em defesa da posi\u00e7\u00e3o evolucionista te\u00edsta \u00e9 a descoberta de Simon Conway Morris, paleobi\u00f3logo de Cambridge, de que o fen\u00f4meno da converg\u00eancia evolucion\u00e1ria &#8212; esp\u00e9cies separadas desenvolvendo caracter\u00edsticas estruturalmente id\u00eanticas ou quase &#8212; \u00e9 muito mais extenso e capilar do que se imaginava.<\/p>\n<p>Morris e outros relacionam esse fato ao argumento cosmol\u00f3gico antr\u00f3pico, sugerindo que a teoria da evolu\u00e7\u00e3o, corretamente interpretada, n\u00e3o seria evid\u00eancia de que a vida surge \u201cpor acaso\u201d. Antes, o mecanismo evolucion\u00e1rio seria na verdade um processo muit\u00edssimo mais complexo e ainda insuficientemente compreendido de produzir complexidade. Ou seja: haveria evid\u00eancia emp\u00edrica de que a evolu\u00e7\u00e3o foi dirigida por Deus. O segundo filme trata ainda do problema do mal, do aquecimento global e da voca\u00e7\u00e3o crist\u00e3 de cuidar do planeta terra.<\/p>\n<p>O terceiro document\u00e1rio foca a quest\u00e3o da personalidade humana, no contexto das neuroci\u00eancias: seria poss\u00edvel, como alguns neurocientistas v\u00eam alegando, que a personalidade, a consci\u00eancia &#8212; tudo aquilo que costum\u00e1vamos chamar de \u201calma\u201d &#8212; seja meramente uma proje\u00e7\u00e3o de nosso c\u00e9rebro f\u00edsico, um epifen\u00f4meno? V\u00e1rios cientistas crist\u00e3os s\u00e3o convocados para explicar por que essa alega\u00e7\u00e3o \u00e9 gratuita: na verdade, cada movimento da personalidade humana tem uma contraparte neurol\u00f3gica, mas isso n\u00e3o prova que a personalidade seja uma ilus\u00e3o, que o real seja apenas a qu\u00edmica cerebral. Somos seres profundamente corporais, mas a mente \u00e9 uma realidade emergente que transcende ao c\u00e9rebro, e que \u00e9 capaz de provocar mudan\u00e7as reais no mundo f\u00edsico. E porque nossas personalidades s\u00e3o reais, as quest\u00f5es de valores \u00e9ticos tamb\u00e9m s\u00e3o reais, irredut\u00edveis e insol\u00faveis do ponto de vista da ci\u00eancia do c\u00e9rebro.<br \/>\nAl\u00e9m dos tr\u00eas filmes principais, os diretores produziram tr\u00eas sequ\u00eancias \u201cb\u00f4nus\u201d com entrevistas com cientistas, te\u00f3logos e fil\u00f3sofos.<\/p>\n<p>Materiais did\u00e1ticos: O Brasil precisa!<br \/>\nJuntamente com os document\u00e1rios a equipe desenvolveu um livro e outros materiais did\u00e1ticos que ser\u00e3o lan\u00e7ados pela Paternoster na Inglaterra. Seria interessante se alguma editora brasileira manifestasse interesse pela tradu\u00e7\u00e3o e publica\u00e7\u00e3o desses materiais de apoio no Brasil. Eles com certeza poder\u00e3o ser \u00fateis para a evangeliza\u00e7\u00e3o universit\u00e1ria e a educa\u00e7\u00e3o crist\u00e3 por essas terras, e carregar\u00e3o consigo o peso de um document\u00e1rio de alto n\u00edvel.<\/p>\n","protected":false},"excerpt":{"rendered":"<p>Por Guilherme de Carvalho N\u00e3o \u00e9 de hoje que os l\u00edderes crist\u00e3os envolvidos com a integra\u00e7\u00e3o entre f\u00e9 e academia procuram subs\u00eddios pedag\u00f3gicos realmente \u00fateis &#8212; que n\u00e3o pequem por amadorismo acad\u00eamico ou de qualidade da produ\u00e7\u00e3o. Pois a resposta \u00e0s ora\u00e7\u00f5es de muita gente est\u00e1 chegando: o Instituto Faraday para Ci\u00eancia e Religi\u00e3o est\u00e1 [&hellip;]<\/p>\n","protected":false},"author":21,"featured_media":0,"comment_status":"open","ping_status":"open","sticky":false,"template":"","format":"standard","meta":{"footnotes":""},"categories":[116],"tags":[],"class_list":["post-44","post","type-post","status-publish","format-standard","hentry","category-blog","count-0","even alt","author-ultimatoonline","last"],"_links":{"self":[{"href":"https:\/\/ultimato.com.br\/sites\/testedafebrasil\/wp-json\/wp\/v2\/posts\/44","targetHints":{"allow":["GET"]}}],"collection":[{"href":"https:\/\/ultimato.com.br\/sites\/testedafebrasil\/wp-json\/wp\/v2\/posts"}],"about":[{"href":"https:\/\/ultimato.com.br\/sites\/testedafebrasil\/wp-json\/wp\/v2\/types\/post"}],"author":[{"embeddable":true,"href":"https:\/\/ultimato.com.br\/sites\/testedafebrasil\/wp-json\/wp\/v2\/users\/21"}],"replies":[{"embeddable":true,"href":"https:\/\/ultimato.com.br\/sites\/testedafebrasil\/wp-json\/wp\/v2\/comments?post=44"}],"version-history":[{"count":4,"href":"https:\/\/ultimato.com.br\/sites\/testedafebrasil\/wp-json\/wp\/v2\/posts\/44\/revisions"}],"predecessor-version":[{"id":273,"href":"https:\/\/ultimato.com.br\/sites\/testedafebrasil\/wp-json\/wp\/v2\/posts\/44\/revisions\/273"}],"wp:attachment":[{"href":"https:\/\/ultimato.com.br\/sites\/testedafebrasil\/wp-json\/wp\/v2\/media?parent=44"}],"wp:term":[{"taxonomy":"category","embeddable":true,"href":"https:\/\/ultimato.com.br\/sites\/testedafebrasil\/wp-json\/wp\/v2\/categories?post=44"},{"taxonomy":"post_tag","embeddable":true,"href":"https:\/\/ultimato.com.br\/sites\/testedafebrasil\/wp-json\/wp\/v2\/tags?post=44"}],"curies":[{"name":"wp","href":"https:\/\/api.w.org\/{rel}","templated":true}]}}