{"id":92,"date":"2010-09-03T22:19:27","date_gmt":"2010-09-03T22:19:27","guid":{"rendered":"http:\/\/ultimato.com.br\/sites\/taismachado\/?p=92"},"modified":"2010-09-23T21:30:34","modified_gmt":"2010-09-23T21:30:34","slug":"contando-os-dias","status":"publish","type":"post","link":"https:\/\/ultimato.com.br\/sites\/taismachado\/2010\/09\/03\/contando-os-dias\/","title":{"rendered":"Contando os dias"},"content":{"rendered":"<p><em><a href=\"http:\/\/ultimato.com.br\/sites\/taismachado\/files\/2010\/09\/BANCO-Natureza-IMG_NATUREZA_1321.jpg\"><img loading=\"lazy\" decoding=\"async\" class=\"alignleft size-thumbnail wp-image-93\" title=\"img_natureza\" src=\"http:\/\/ultimato.com.br\/sites\/taismachado\/files\/2010\/09\/BANCO-Natureza-IMG_NATUREZA_1321-150x150.jpg\" alt=\"\" width=\"150\" height=\"150\" srcset=\"https:\/\/ultimato.com.br\/sites\/taismachado\/files\/2010\/09\/BANCO-Natureza-IMG_NATUREZA_1321-150x150.jpg 150w, https:\/\/ultimato.com.br\/sites\/taismachado\/files\/2010\/09\/BANCO-Natureza-IMG_NATUREZA_1321-64x64.jpg 64w\" sizes=\"auto, (max-width: 150px) 100vw, 150px\" \/><\/a>Considerando o que o salmista diz: \u201cEnsina-nos a contar os nossos dias para que o nosso cora\u00e7\u00e3o alcance sabedoria\u201d (Sl 90.12), esse espa\u00e7o ser\u00e1 dedicado a essa maneira de contar os dias, ou seja, atentando para as not\u00edcias do cotidiano, na inten\u00e7\u00e3o de que a considera\u00e7\u00e3o de nosso tempo contribua para se ter um cora\u00e7\u00e3o s\u00e1bio. <\/em><\/p>\n<p><em>Refletir e contar nosso dia observando as not\u00edcias do dia em nosso pa\u00eds. Bom exerc\u00edcio!<\/em><\/p>\n<p><strong>01 de setembro de 2010<\/strong><\/p>\n<p>\u201cSe quem ama cuida \u2013 e eu creio nisso como em poucas coisas -, n\u00e3o estaremos amando de menos a essa nossa gente?\u201d<\/p>\n<p>Lya Luft, <em>Revista Veja<\/em>, 01\/09\/2010<\/p>\n<p>\u201cQuem \u00e9 a personalidade que o universit\u00e1rio brasileiro mais admira? A pergunta foi feita a 729 jovens que estudam nas sete cidades com maior popula\u00e7\u00e3o universit\u00e1ria do Brasil. Nos primeiros lugares do estudo, feito pela Namosca, consultoria especializada em decifrar o comportamento da juventude, nenhum pol\u00edtico, cantor ou jogador de futebol. Deu Cesar Cielo na cabe\u00e7a, seguido de Selton Mello e Wagner Moura.\u201d<\/p>\n<p>Lauro Jardim, <em>Revista Veja<\/em>, 01\/09\/2010<\/p>\n<p><strong>02 de setembro de 2010<\/strong><\/p>\n<p>\u201cDo total de 57,5 milh\u00f5es de domic\u00edlios existentes no Brasil em 2008, 24,7 milh\u00f5es (43% eram inadequados. A constata\u00e7\u00e3o \u00e9 do IBGE (Instituto Brasileiro de Geografia e Estat\u00edstica), que divulgou ontem a quarta edi\u00e7\u00e3o da pesquisa Indicadores de Desenvolvimento Sustent\u00e1vel. [&#8230;] Na pesquisa, s\u00f3 foram considerados adequados os domic\u00edlios com servi\u00e7o de coleta de lixo, abastecimento de \u00e1gua por rede geral, esgotamento por rede coletora ou fossa s\u00e9ptica e no m\u00e1ximo dois moradores por quarto \u2013 n\u00e3o foi avaliada a regularidade da propriedade\u201d.<\/p>\n<p>Denise Menchen e F\u00e1bio Grellet, <em>Folha de S.Paulo<\/em>, 02\/09\/2010<\/p>\n","protected":false},"excerpt":{"rendered":"<p>Considerando o que o salmista diz: \u201cEnsina-nos a contar os nossos dias para que o nosso cora\u00e7\u00e3o alcance sabedoria\u201d (Sl 90.12), esse espa\u00e7o ser\u00e1 dedicado a essa maneira de contar os dias, ou seja, atentando para as not\u00edcias do cotidiano, na inten\u00e7\u00e3o de que a considera\u00e7\u00e3o de nosso tempo contribua para se ter um cora\u00e7\u00e3o [&hellip;]<\/p>\n","protected":false},"author":7,"featured_media":0,"comment_status":"open","ping_status":"open","sticky":false,"template":"","format":"standard","meta":{"ngg_post_thumbnail":0,"footnotes":""},"categories":[4778],"tags":[5206,8379,8381,8380],"class_list":["post-92","post","type-post","status-publish","format-standard","hentry","category-contando-os-dias","tag-amor","tag-cuidar","tag-sustentabilidade","tag-universitarios","count-0","even alt","author-estagiodep","last"],"_links":{"self":[{"href":"https:\/\/ultimato.com.br\/sites\/taismachado\/wp-json\/wp\/v2\/posts\/92","targetHints":{"allow":["GET"]}}],"collection":[{"href":"https:\/\/ultimato.com.br\/sites\/taismachado\/wp-json\/wp\/v2\/posts"}],"about":[{"href":"https:\/\/ultimato.com.br\/sites\/taismachado\/wp-json\/wp\/v2\/types\/post"}],"author":[{"embeddable":true,"href":"https:\/\/ultimato.com.br\/sites\/taismachado\/wp-json\/wp\/v2\/users\/7"}],"replies":[{"embeddable":true,"href":"https:\/\/ultimato.com.br\/sites\/taismachado\/wp-json\/wp\/v2\/comments?post=92"}],"version-history":[{"count":4,"href":"https:\/\/ultimato.com.br\/sites\/taismachado\/wp-json\/wp\/v2\/posts\/92\/revisions"}],"predecessor-version":[{"id":96,"href":"https:\/\/ultimato.com.br\/sites\/taismachado\/wp-json\/wp\/v2\/posts\/92\/revisions\/96"}],"wp:attachment":[{"href":"https:\/\/ultimato.com.br\/sites\/taismachado\/wp-json\/wp\/v2\/media?parent=92"}],"wp:term":[{"taxonomy":"category","embeddable":true,"href":"https:\/\/ultimato.com.br\/sites\/taismachado\/wp-json\/wp\/v2\/categories?post=92"},{"taxonomy":"post_tag","embeddable":true,"href":"https:\/\/ultimato.com.br\/sites\/taismachado\/wp-json\/wp\/v2\/tags?post=92"}],"curies":[{"name":"wp","href":"https:\/\/api.w.org\/{rel}","templated":true}]}}