{"id":900,"date":"2016-05-26T18:17:56","date_gmt":"2016-05-26T18:17:56","guid":{"rendered":"http:\/\/ultimato.com.br\/sites\/taismachado\/?p=900"},"modified":"2016-05-26T21:25:27","modified_gmt":"2016-05-26T21:25:27","slug":"leitores-e-leituras","status":"publish","type":"post","link":"https:\/\/ultimato.com.br\/sites\/taismachado\/2016\/05\/26\/leitores-e-leituras\/","title":{"rendered":"Leitores e leituras"},"content":{"rendered":"<p>No Brasil o n\u00famero de leitores fi\u00e9is ao exerc\u00edcio da leitura, infelizmente, \u00e9 menor do que os amantes dos exerc\u00edcios do corpo. Claro que cuidar do corpo \u00e9 algo importante, e bem sabemos que nem todos que se exercitam o fazem por gosto, mas necessidade, por acreditarem nos benef\u00edcios \u00e0 sa\u00fade advindos desse h\u00e1bito. Mas, como desenvolver uma academia de leitores? Em tese, isso n\u00e3o viria de nossas bibliotecas? Ser\u00e1 que igrejas n\u00e3o poderia contribuir mais para estimular, ensinar e encorajar a termos mais leitores, e depois, bons leitores?<\/p>\n<p>Vamos aos n\u00fameros. Saiu h\u00e1 pouco a nova edi\u00e7\u00e3o da pesquisa Retratos da Leitura no Brasil. Apesar de aumentar o n\u00famero de leitores em nosso pa\u00eds, de 50% a 56% desde 2011, vemos que 44% dos brasileiros n\u00e3o leem regularmente e 30% nunca adquiriu um livro. Al\u00e9m disso, 73% dos entrevistados nessa 4\u00aa edi\u00e7\u00e3o da pesquisa dizem ver TV no tempo livre. A atividade lidera o \u00f3cio dos brasileiros, mas perdeu espa\u00e7o, j\u00e1 que em 2011 era 85%. A leitura ficou em 10\u00ba lugar quando o assunto foi esse: o que gosta de fazer no tempo livre. Pouca leitura e ainda bastante tempo destinado \u00e0 TV. Leitura n\u00e3o \u00e9 prioridade no tempo livre e nem h\u00e1bito.<\/p>\n<p>A pesquisa apontou tamb\u00e9m que 50% dos professores disseram n\u00e3o ter lido nenhum livro nos tr\u00eas meses anteriores \u00e0 pesquisa e 22% tinham lido a B\u00edblia. \u00cdndices que nos desafiam a melhorar e denunciam que crian\u00e7as talvez n\u00e3o tenham tanto bons exemplos nesse aspecto.<\/p>\n<p>Outro dia, em sua coluna no jornal \u201cO Estado de S.Paulo\u201d, Marcelo Rubens Paiva dizia: \u201cAs aberra\u00e7\u00f5es ditas em redes sociais, a vergonha alheia no p\u00falpito dos poderes, o contexto nebuloso na pol\u00edtica, a baixa cultura e educa\u00e7\u00e3o, provam que o desconhecimento de Hist\u00f3ria, a falta de leitura, traz um dano que prejudica o pouco que resta de Projeto de Na\u00e7\u00e3o\u201d. E comenta sobre professores que atestam n\u00e3o querer que os alunos encarem o livro como obriga\u00e7\u00e3o, mas com prazer, sendo assim, n\u00e3o for\u00e7am. \u00c9 quando acrescenta: \u201cBeleza, n\u00e3o obrigam, eles n\u00e3o leem. Poderiam tamb\u00e9m n\u00e3o os obrigar \u00e0 Qu\u00edmica Org\u00e2nica, Biologia, Gram\u00e1tica, Trigonometria, fa\u00e7am eles terem uma rela\u00e7\u00e3o de prazer com o conhecimento. Ensinem apenas o que lhes d\u00e1 prazer. Criem uma gera\u00e7\u00e3o hedonista e manipul\u00e1vel\u201d. O fato de cit\u00e1-lo n\u00e3o significa que concorde com ele inteiramente, mas, acredito ser uma boa provoca\u00e7\u00e3o. Criar o h\u00e1bito da leitura \u00e9 algo importante para o desenvolvimento das pessoas e do pa\u00eds.<\/p>\n<p>Dizia Marcel Proust que \u201ca leitura \u00e9 uma amizade\u201d. Se assim for, parece que n\u00e3o temos muitos amigos. Uma minoria aprendeu a desenvolver essa amizade. Talvez, um tesouro menosprezado. E vamos convivendo com as consequ\u00eancias em sociedade. Muitas s\u00e3o as implica\u00e7\u00f5es. Sem esse compromisso com a leitura a interpreta\u00e7\u00e3o do mundo fica menor. As ignor\u00e2ncias tendem a se ampliarem e os preconceitos ganham a correnteza.<\/p>\n<p>Em nosso pa\u00eds, segundo essa pesquisa Retratos do Brasil, o brasileiro l\u00ea apenas 4,96 livros por ano, sendo 2,88 lidos por vontade pr\u00f3pria. Uma pesquisa divulgada em outubro passado pelo Pew Research Center revelou que a m\u00e9dia de leitura da popula\u00e7\u00e3o norte-americana, em geral, \u00e9 de doze livros por ano. Isso para ficarmos apenas com um exemplo. Nos \u00edndices da Am\u00e9rica Latina passamos vergonha.<\/p>\n<p>A professora da New York University, Susan Keuman, em entrevista recente disse que \u201cse uma crian\u00e7a n\u00e3o v\u00ea ningu\u00e9m lendo habitualmente j\u00e1 \u00e9 ruim, porque est\u00e1 sempre a procura de modelos que indiquem como o mundo funciona. Se n\u00e3o observa \u00e0 sua volta uma cultura de leitura, tem menos chances de se sentir atra\u00edda por livros\u201d. E acrescenta: \u201cnem toda m\u00e3e ou todo pai pode passar muito tempo leno \u00e0 noite para cada filho. Mas n\u00e3o importa, nem que seja alguns minutos, abrace e beije a crian\u00e7a, olhe nos olhos enquanto abre um livro. Ela guarda estas emo\u00e7\u00f5es na mem\u00f3ria e vai sempre associar a leitura a momentos preciosos\u201d. Parece ser uma boa dica, n\u00e3o? Ao inv\u00e9s de pais ansiosos para tornar seus filhos mais competitivos na escola, pais compromissados em oferecer afeto e exemplo, incentivo \u00e0 leitura.<\/p>\n<p>Os n\u00e3o leitores, voltando \u00e0 refer\u00eancia da pesquisa brasileira, afirmaram que as raz\u00f5es para n\u00e3o terem lido nada nos tr\u00eas meses anteriores seria: falta de tempo (32%), n\u00e3o gosta de ler (28%), n\u00e3o tem paci\u00eancia (13%), prefere outras atividades (10%), dificuldades para ler (9%), sente-se cansado para ler (4%). Temos muito o que pensar e considerar como lidaremos com os atuais desafios. E isso sem contar naqueles que leem, por\u00e9m, tem enorme dificuldade de compreens\u00e3o do texto. Muitos desejam argumentar, mas nem sequer entenderam.<\/p>\n<p>Os crist\u00e3os t\u00eam raz\u00f5es maiores para se interessarem pela leitura e em como anda a leitura no pr\u00f3prio pa\u00eds, afinal, \u00e9 a partir da leitura e interpreta\u00e7\u00e3o b\u00edblica que se amplia a chance de desenvolver uma f\u00e9 consistente, onde se compreende melhor o potencial da vida, o que Cristo ensina, o que ele quis dizer sobre uma vida abundante, plena. M\u00e3os ao livro!<\/p>\n","protected":false},"excerpt":{"rendered":"<p>No Brasil o n\u00famero de leitores fi\u00e9is ao exerc\u00edcio da leitura, infelizmente, \u00e9 menor do que os amantes dos exerc\u00edcios do corpo. Claro que cuidar do corpo \u00e9 algo importante, e bem sabemos que nem todos que se exercitam o fazem por gosto, mas necessidade, por acreditarem nos benef\u00edcios \u00e0 sa\u00fade advindos desse h\u00e1bito. Mas, [&hellip;]<\/p>\n","protected":false},"author":14,"featured_media":0,"comment_status":"open","ping_status":"open","sticky":false,"template":"","format":"standard","meta":{"ngg_post_thumbnail":0,"footnotes":""},"categories":[4780],"tags":[5296,25],"class_list":["post-900","post","type-post","status-publish","format-standard","hentry","category-arte-cultura","tag-brasileiro","tag-leitura","count-0","even alt","author-taismachado","last"],"_links":{"self":[{"href":"https:\/\/ultimato.com.br\/sites\/taismachado\/wp-json\/wp\/v2\/posts\/900","targetHints":{"allow":["GET"]}}],"collection":[{"href":"https:\/\/ultimato.com.br\/sites\/taismachado\/wp-json\/wp\/v2\/posts"}],"about":[{"href":"https:\/\/ultimato.com.br\/sites\/taismachado\/wp-json\/wp\/v2\/types\/post"}],"author":[{"embeddable":true,"href":"https:\/\/ultimato.com.br\/sites\/taismachado\/wp-json\/wp\/v2\/users\/14"}],"replies":[{"embeddable":true,"href":"https:\/\/ultimato.com.br\/sites\/taismachado\/wp-json\/wp\/v2\/comments?post=900"}],"version-history":[{"count":1,"href":"https:\/\/ultimato.com.br\/sites\/taismachado\/wp-json\/wp\/v2\/posts\/900\/revisions"}],"predecessor-version":[{"id":901,"href":"https:\/\/ultimato.com.br\/sites\/taismachado\/wp-json\/wp\/v2\/posts\/900\/revisions\/901"}],"wp:attachment":[{"href":"https:\/\/ultimato.com.br\/sites\/taismachado\/wp-json\/wp\/v2\/media?parent=900"}],"wp:term":[{"taxonomy":"category","embeddable":true,"href":"https:\/\/ultimato.com.br\/sites\/taismachado\/wp-json\/wp\/v2\/categories?post=900"},{"taxonomy":"post_tag","embeddable":true,"href":"https:\/\/ultimato.com.br\/sites\/taismachado\/wp-json\/wp\/v2\/tags?post=900"}],"curies":[{"name":"wp","href":"https:\/\/api.w.org\/{rel}","templated":true}]}}