{"id":840,"date":"2014-04-29T21:09:31","date_gmt":"2014-04-29T21:09:31","guid":{"rendered":"http:\/\/ultimato.com.br\/sites\/taismachado\/?p=840"},"modified":"2014-04-30T11:58:53","modified_gmt":"2014-04-30T11:58:53","slug":"amigos-do-bau-do-coracao","status":"publish","type":"post","link":"https:\/\/ultimato.com.br\/sites\/taismachado\/2014\/04\/29\/amigos-do-bau-do-coracao\/","title":{"rendered":"Amigos do ba\u00fa do cora\u00e7\u00e3o"},"content":{"rendered":"<p>Amigo n\u00e3o precisa de dia porque todo dia ele \u00e9 \u2013 suficiente afeto.<\/p>\n<p>Das coisas da vida, dentre as melhores, est\u00e3o os amigos que ganhei. Algumas amizades constru\u00ed, mas, a maioria foram presentes, daqueles que fazem a vida valer at\u00e9 nos dias maus. No bolo de amigos que ganhei tem um que quero hoje celebrar.<\/p>\n<p>Amigos h\u00e1 daqueles que s\u00e3o interessantes, os que s\u00e3o engra\u00e7ados, os que s\u00e3o artistas (os que brincam com ideias e te levam junto), os que s\u00e3o belos, os que s\u00e3o leais. Ele \u00e9 um ser cativante (e muito mais).<\/p>\n<p>Esse amigo \u00e9 um contador de hist\u00f3rias que me emociona a cada encontro. Ele tem poesia na l\u00edngua, delicadeza no cora\u00e7\u00e3o e uma mente, realmente, brilhante (al\u00e9m da careca).<\/p>\n<p>Ele gosta de gente, nem sempre t\u00e3o perto, mas ele se aproxima muito, como poucos.<\/p>\n<p>Ele tem contos cotidianos porque v\u00ea o que pela maioria passa desapercebido. Ele tem mem\u00f3rias que desabrocham em causos risonhos, com pitadas folcl\u00f3ricas, que te levam para dentro. Ele tem pensamentos surpreendentes que arrancam-nos risos e l\u00e1grimas, muitas vezes simultaneamente.<\/p>\n<p>Ele me ajuda a pensar melhor, a amar melhor, a aproveitar melhor a vida, inquietando-me e fazendo observa\u00e7\u00f5es pouco prov\u00e1veis. Sim, ele chega a ser irritante&#8230;<\/p>\n<p>\u00c9 tamb\u00e9m acelerado. Acompanha de tudo, sabe bastante e brinca com coisas s\u00e9rias de tal forma que nos leva a perceber a seriedade da coisa.<\/p>\n<p>Quem aguentaria um sujeito assim? Quem seria esse algu\u00e9m \u00e0 altura? Uma esposa singular. Que dialoga, que acolhe, que devolve, que se cala, que observa e critica, que chora e ri, que \u00e9 leve sem perder a densidade da vida. Mais do que simpatia, entende de empatia. Ela que colore dias escuros do companheiro, e quando n\u00e3o, apenas permanece na escurid\u00e3o deles, sim, ela veio para ficar.<\/p>\n<p>Exercita o corpo, a mente, a alma, tudo discretamente, com sabedoria. Pessoa rara, certa para andar com ele.<\/p>\n<p>Juntos tiveram duas meninas, hoje, mulheres. Imagine o que s\u00e3o duas filhas de um casal como esse? Sim, espetaculares em suas singularidades.<\/p>\n<p>Ah, e em tempo, tem a <i>Farofa<\/i>, n\u00e3o na mesa, na casa. Uma cachorra sapeca que faz toda fam\u00edlia multiplicar hist\u00f3rias e alegrias.<\/p>\n<p>Idealiza\u00e7\u00e3o? N\u00e3o ignoro limita\u00e7\u00f5es, fraquezas, mas isso \u00e9 parte da vida de todos. Mas, reconhecer e celebrar as belezas das rela\u00e7\u00f5es \u00e9 algo necess\u00e1rio e delicioso.<\/p>\n<p>C. S. Lewis dizia que \u201cvivemos num mundo sedento de sil\u00eancio, privacidade e, portanto, sedento de medita\u00e7\u00e3o e amizade verdadeira\u201d. E isso n\u00e3o \u00e9 dif\u00edcil de verificar, ainda que nem todos consigam assim nomear e reconhecer.<\/p>\n<p>Quero meditar mais e melhor, mas em meio a essas que consigo, vejo melhor meus amigos, e desejo agradecer.<\/p>\n<p>Hoje minha homenagem carregada de gratid\u00e3o vai para Valdir e Diva que entraram h\u00e1 anos em minha hist\u00f3ria e me aben\u00e7oam continuamente.<\/p>\n<p>O monge cisterciano, Aelred de Rievaulx, que viveu no s\u00e9culo XII d.C., parafraseou I Jo 4.16, dessa forma: \u201cDeus \u00e9 amizade, e todo aquele que permanece na amizade permanece em Deus\u201d. Quero permanecer.<\/p>\n","protected":false},"excerpt":{"rendered":"<p>Amigo n\u00e3o precisa de dia porque todo dia ele \u00e9 \u2013 suficiente afeto. Das coisas da vida, dentre as melhores, est\u00e3o os amigos que ganhei. Algumas amizades constru\u00ed, mas, a maioria foram presentes, daqueles que fazem a vida valer at\u00e9 nos dias maus. No bolo de amigos que ganhei tem um que quero hoje celebrar. [&hellip;]<\/p>\n","protected":false},"author":14,"featured_media":0,"comment_status":"open","ping_status":"open","sticky":false,"template":"","format":"standard","meta":{"ngg_post_thumbnail":0,"footnotes":""},"categories":[116],"tags":[10586,16556],"class_list":["post-840","post","type-post","status-publish","format-standard","hentry","category-blog","tag-amizade","tag-espiritualidade-2","count-0","even alt","author-taismachado","last"],"_links":{"self":[{"href":"https:\/\/ultimato.com.br\/sites\/taismachado\/wp-json\/wp\/v2\/posts\/840","targetHints":{"allow":["GET"]}}],"collection":[{"href":"https:\/\/ultimato.com.br\/sites\/taismachado\/wp-json\/wp\/v2\/posts"}],"about":[{"href":"https:\/\/ultimato.com.br\/sites\/taismachado\/wp-json\/wp\/v2\/types\/post"}],"author":[{"embeddable":true,"href":"https:\/\/ultimato.com.br\/sites\/taismachado\/wp-json\/wp\/v2\/users\/14"}],"replies":[{"embeddable":true,"href":"https:\/\/ultimato.com.br\/sites\/taismachado\/wp-json\/wp\/v2\/comments?post=840"}],"version-history":[{"count":2,"href":"https:\/\/ultimato.com.br\/sites\/taismachado\/wp-json\/wp\/v2\/posts\/840\/revisions"}],"predecessor-version":[{"id":842,"href":"https:\/\/ultimato.com.br\/sites\/taismachado\/wp-json\/wp\/v2\/posts\/840\/revisions\/842"}],"wp:attachment":[{"href":"https:\/\/ultimato.com.br\/sites\/taismachado\/wp-json\/wp\/v2\/media?parent=840"}],"wp:term":[{"taxonomy":"category","embeddable":true,"href":"https:\/\/ultimato.com.br\/sites\/taismachado\/wp-json\/wp\/v2\/categories?post=840"},{"taxonomy":"post_tag","embeddable":true,"href":"https:\/\/ultimato.com.br\/sites\/taismachado\/wp-json\/wp\/v2\/tags?post=840"}],"curies":[{"name":"wp","href":"https:\/\/api.w.org\/{rel}","templated":true}]}}