{"id":830,"date":"2014-01-17T19:17:24","date_gmt":"2014-01-17T19:17:24","guid":{"rendered":"http:\/\/ultimato.com.br\/sites\/taismachado\/?p=830"},"modified":"2014-01-17T19:17:24","modified_gmt":"2014-01-17T19:17:24","slug":"viagem-das-ferias","status":"publish","type":"post","link":"https:\/\/ultimato.com.br\/sites\/taismachado\/2014\/01\/17\/viagem-das-ferias\/","title":{"rendered":"Viagem das f\u00e9rias"},"content":{"rendered":"<p>Janeiro \u00e9 um m\u00eas de f\u00e9rias, ao menos, para a maioria. No calend\u00e1rio escolar o ano letivo ainda n\u00e3o se iniciou. Portanto, \u00e9 tempo de aproveitar.<\/p>\n<p>Como, em nossos dias, aproveitamos bem o tempo? Que significado isso traz? O que se entende por f\u00e9rias? Inquietos e supostamente pensantes, n\u00e3o queremos mais perguntas, queremos \u00e9 sossego. Pois bem, e o que faz sossegar nossa alma? Ops, escapou&#8230;<\/p>\n<p>Essas f\u00e9rias de janeiro, em geral, as fam\u00edlias, amigos pensam em viajar. Viajar pode ser uma grande aventura, pode ser divertido, pode ser tanta coisa. Parece que em nosso tempo de exibicionismos sem fim, o que vale \u00e9 voc\u00ea mostrar para onde foi, postar fotos lindas, onde se tenta convencer o outro que voc\u00ea realmente est\u00e1 aproveitando a vida. Ali a intensidade lhe pede licen\u00e7a, os sorrisos ainda s\u00e3o t\u00edmidos perto de tudo o que est\u00e1 sentindo e desfrutando, e se voc\u00ea imprimir a boa imagem de um sujeito relaxado e de bem com a vida, se d\u00e1 por satisfeito por uns instantes.<\/p>\n<p>Estranho, mas aumenta a sensa\u00e7\u00e3o de que as f\u00e9rias tem se tornado uma grande competi\u00e7\u00e3o onde os que se sentem atr\u00e1s, perdendo, for\u00e7am ou inventam hist\u00f3rias e criam montagens para tamb\u00e9m poder esnobar como vitoriosos.<\/p>\n<p>Frei Betto assim coloca: \u201cPor que a ambi\u00e7\u00e3o de uma viagem ao exterior n\u00e3o se reflete tamb\u00e9m no desejo de viajar para dentro de si mesmo? Mundo desconhecido, esse que trazemos no esp\u00edrito. Recolher-se ao sil\u00eancio interior \u00e9 sempre um excelente ponto de partida. Para quem nunca fez essa viagem, a partida assusta, porque n\u00e3o nos \u00e9 dado o roteiro, e a passagem exterior tenta-nos a abandonar o trem. Se controlarmos \u2018a louca da casa\u2019, a imagina\u00e7\u00e3o, logo o sil\u00eancio interior se faz voz. Ent\u00e3o, somos apresentados ao nosso verdadeiro eu\u201d. Ou, em outras palavras mais sucintas, Pascal j\u00e1 dizia: \u201cA causa \u00fanica da infelicidade do homem est\u00e1 no fato de ele n\u00e3o saber ficar tranquilo em seu quarto\u201d.<\/p>\n<p>N\u00e3o sou contra viagens, ao contr\u00e1rio, tento apreci\u00e1-las melhor cada vez que embarco numa, por mais simples que possa ser. Viajar nos enriquece, ao menos, potencialmente, em termos de cultura. E voc\u00ea n\u00e3o precisa sair do pa\u00eds para isso, ali\u00e1s, nem mesmo de seu estado, e, \u00e0s vezes, nem se quer da cidade onde reside.<\/p>\n<p>Viagens, sem d\u00favida, podem ser um excelente investimento, podem nos acrescentar conhecimentos, belezas, novas refer\u00eancias, e muito mais. Viagens podem ser curtas, singelas, mas valiosas. Elas podem nos marcar positivamente, nos unir, nos ajudar a sair da rotina e ter um descanso diferenciado. Entretanto, por que desprezar, ignorar, ou mesmo, fugir da viagem para dentro? Por que evitar tanto a quietude, o sil\u00eancio? \u00c9 s\u00e1bio esquivar-se de autoconhecimento, poupar a amplia\u00e7\u00e3o da consci\u00eancia de quem se \u00e9? Fernando Pessoa, num de seus versos, faz uma triste constata\u00e7\u00e3o: \u201cn\u00e3o sou para mim mais que um vizinho\u201d.<\/p>\n<p>Nem todos menosprezam, evitam ou fogem desesperadamente dos encontros mais profundos consigo mesmo, nem necessariamente, ignoram viagens para dentro de si. Alguns s\u00e3o estimulados atrav\u00e9s da medita\u00e7\u00e3o, de terapias, ou de leituras preciosas. S\u00e3o caminhos diferentes, recursos variados, mas, para mim, nada nos conduz melhor e mais profundamente a isso do que o evangelho de Jesus Cristo.<\/p>\n<p>Disc\u00edpulos peregrinos no processo aprendem a silenciar-se mais, ouvir melhor. Dedicam-se mais atenciosamente ao que acontece nele e ao seu redor. Intera\u00e7\u00f5es com a sociedade e com o Reino de Deus. Aprofundam compreens\u00f5es, sobretudo, viv\u00eancias. Experimentam uma vida que passa a ser abundante, n\u00e3o porque lhe sobram coisas, tempo, n\u00e3o porque n\u00e3o haja faltas, mas, porque a refer\u00eancia \u00e9 outra, vem de dentro, de quem lhe habita.<\/p>\n<p>Se a leitura \u00e9 um recurso importante nas viagens para dentro, a leitura da B\u00edblia \u00e9 primordial. A leitura pode ser um instrumento bastante \u00fatil na transforma\u00e7\u00e3o e organiza\u00e7\u00e3o da vida. A leitura b\u00edblica pode ser regeneradora por se tratar de uma palavra-semente viva. A leitura pode ir muito al\u00e9m do que um lazer passivo, trazer sentidos, valores, compreens\u00f5es que contribuem para novas leituras da realidade, com implica\u00e7\u00f5es sociais significativas. A leitura b\u00edblica pode converter nosso cora\u00e7\u00e3o a Deus, e consequentemente ao pr\u00f3ximo, e isso, concomitante ao conhecimento do nosso pr\u00f3prio cora\u00e7\u00e3o, em sua fragilidade e vulnerabilidades, tesouros e marcas.<\/p>\n<p>Aproveitar a vida, o tempo, as viagens pode ter tudo a ver com a disposi\u00e7\u00e3o para leitura, ainda mais, com o compromisso saboroso da leitura das Escrituras Sagradas.<\/p>\n<p>Coragem e boa viagem!<\/p>\n","protected":false},"excerpt":{"rendered":"<p>Janeiro \u00e9 um m\u00eas de f\u00e9rias, ao menos, para a maioria. No calend\u00e1rio escolar o ano letivo ainda n\u00e3o se iniciou. Portanto, \u00e9 tempo de aproveitar. Como, em nossos dias, aproveitamos bem o tempo? Que significado isso traz? O que se entende por f\u00e9rias? Inquietos e supostamente pensantes, n\u00e3o queremos mais perguntas, queremos \u00e9 sossego. [&hellip;]<\/p>\n","protected":false},"author":14,"featured_media":0,"comment_status":"open","ping_status":"open","sticky":false,"template":"","format":"standard","meta":{"ngg_post_thumbnail":0,"footnotes":""},"categories":[116],"tags":[13,5537,4794,16551],"class_list":["post-830","post","type-post","status-publish","format-standard","hentry","category-blog","tag-biblia","tag-ferias","tag-silencio","tag-viajar","count-0","even alt","author-taismachado","last"],"_links":{"self":[{"href":"https:\/\/ultimato.com.br\/sites\/taismachado\/wp-json\/wp\/v2\/posts\/830","targetHints":{"allow":["GET"]}}],"collection":[{"href":"https:\/\/ultimato.com.br\/sites\/taismachado\/wp-json\/wp\/v2\/posts"}],"about":[{"href":"https:\/\/ultimato.com.br\/sites\/taismachado\/wp-json\/wp\/v2\/types\/post"}],"author":[{"embeddable":true,"href":"https:\/\/ultimato.com.br\/sites\/taismachado\/wp-json\/wp\/v2\/users\/14"}],"replies":[{"embeddable":true,"href":"https:\/\/ultimato.com.br\/sites\/taismachado\/wp-json\/wp\/v2\/comments?post=830"}],"version-history":[{"count":1,"href":"https:\/\/ultimato.com.br\/sites\/taismachado\/wp-json\/wp\/v2\/posts\/830\/revisions"}],"predecessor-version":[{"id":831,"href":"https:\/\/ultimato.com.br\/sites\/taismachado\/wp-json\/wp\/v2\/posts\/830\/revisions\/831"}],"wp:attachment":[{"href":"https:\/\/ultimato.com.br\/sites\/taismachado\/wp-json\/wp\/v2\/media?parent=830"}],"wp:term":[{"taxonomy":"category","embeddable":true,"href":"https:\/\/ultimato.com.br\/sites\/taismachado\/wp-json\/wp\/v2\/categories?post=830"},{"taxonomy":"post_tag","embeddable":true,"href":"https:\/\/ultimato.com.br\/sites\/taismachado\/wp-json\/wp\/v2\/tags?post=830"}],"curies":[{"name":"wp","href":"https:\/\/api.w.org\/{rel}","templated":true}]}}