{"id":797,"date":"2013-09-27T21:37:37","date_gmt":"2013-09-27T21:37:37","guid":{"rendered":"http:\/\/ultimato.com.br\/sites\/taismachado\/?p=797"},"modified":"2013-10-16T21:49:18","modified_gmt":"2013-10-16T21:49:18","slug":"39a-semana-de-2013","status":"publish","type":"post","link":"https:\/\/ultimato.com.br\/sites\/taismachado\/2013\/09\/27\/39a-semana-de-2013\/","title":{"rendered":"39\u00aa semana de 2013"},"content":{"rendered":"<p>\u201cCostumo dizer que a arte existe porque a vida n\u00e3o basta. Negar a arte \u00e9 como dizer que a vida se basta, n\u00e3o precisa de arte. Uma pobreza!\u201d<\/p>\n<p align=\"right\">Ferreira Gullar, <i>Folha de S.Paulo<\/i> \u2013 22\/09\/2013<\/p>\n<p>&nbsp;<\/p>\n<p>\u201cHoje que os ritmos el\u00e9tricos incentivam uma vida de excessos, h\u00e1 uma vaidade, um exibicionismo vulgar em se ter &#8211; e mostrar que tem &#8211; muito de tudo que \u00e9 novo.\u201d<\/p>\n<p align=\"right\">Luli Radfahrer, <i>Folha de S.Paulo<\/i> \u2013 23\/09\/2013<\/p>\n<p>&nbsp;<\/p>\n<p>\u201cA vida intelectual p\u00fablica est\u00e1 morta no Brasil, v\u00edtima da mania de ver em toda parte \u2018um processo hist\u00f3rico\u2019 em curso.\u201d<\/p>\n<p align=\"right\">Luiz Felipe Pond\u00e9, <i>Folha de S.Paulo<\/i> \u2013 23\/09\/2013<\/p>\n<p>&nbsp;<\/p>\n<p>\u201cEscutar o filho, a m\u00e3e, o pai, o namorado, o marido, a mulher, o colega de trabalho, o chefe, o subordinado, o amigo, o vizinho, o paciente, o desconhecido. Ningu\u00e9m escuta mais ningu\u00e9m. Falamos sozinhos e deixamos o outro falando sozinho. Tem gente que ainda acha que pode escutar algu\u00e9m fazendo outra coisa simultaneamente. N\u00e3o pode. No fim, h\u00e1 uma algazarra de palavras jogadas fora, que batem na parede e voltam.\u201d<\/p>\n<p align=\"right\">Ruth de Aquino, <i>\u00c9poca<\/i> \u2013 23\/09\/2013<\/p>\n<p>&nbsp;<\/p>\n<p>\u201cEscuto, de homens e mulheres que tenho entrevistado para pesquisa, a queixa de que um investe muito mais do que o outro na rela\u00e7\u00e3o, em termos de amor, dedica\u00e7\u00e3o, tempo, cuidado, aten\u00e7\u00e3o, escuta, carinho, trabalho e dinheiro.\u201d<\/p>\n<p align=\"right\">Mirian Goldenberg, <i>Folha de S.Paulo<\/i> \u2013 24\/09\/2013<\/p>\n<p>&nbsp;<\/p>\n<p>\u201cSabemos que puni\u00e7\u00e3o faz sofrer, mas n\u00e3o ensina nada. Adestra, condiciona, controla. Por um tempo.\u201d<\/p>\n<p align=\"right\">Rosely Say\u00e3o, <i>Folha de S.Paulo<\/i> \u2013 24\/09\/2013<\/p>\n<p>&nbsp;<\/p>\n<p>\u201cPapa Francisco foi eleito h\u00e1 apenas seis meses, mas a marca que suas palavras e a\u00e7\u00f5es est\u00e3o imprimindo nas consci\u00eancias de crentes e ateus \u00e9 notabil\u00edssima. Suscitam admira\u00e7\u00e3o e at\u00e9 surpresa todos os seus gestos e formas de comportamentos: onde mora, os sapatos que cal\u00e7a, seu estilo s\u00f3brio e, sobretudo, as medidas que est\u00e1 tomando na tentativa de reformar a Igreja romana, mortificada por corrup\u00e7\u00e3o e esc\u00e2ndalos, n\u00e3o somente morais. Parece que ele une em si a atitude simples e popular de Jo\u00e3o XXIII como carisma de Jo\u00e3o Paulo II. A mescla especial\u00edssima dessas caracter\u00edsticas prenuncia em pontificado inovador.\u201d<\/p>\n<p align=\"right\">Claudio Bernabucci, <i>Carta Capital<\/i> \u2013 25\/09\/2013<\/p>\n<p>&nbsp;<\/p>\n<p>\u201cO que Francisco disse dos cl\u00e9rigos serve \u00e0 perfei\u00e7\u00e3o para os pol\u00edticos: &#8220;O povo de Deus necessita de pastores e n\u00e3o funcion\u00e1rios, cl\u00e9rigos de escrit\u00f3rio&#8221;. O povo de qualquer Deus e tamb\u00e9m o povo sem Deus necessita de pol\u00edticos que sejam guias de verdade e n\u00e3o se escondam, como fazem os pol\u00edticos de hoje em dia, em seus gabinetes hiperprotegidos.\u201d<\/p>\n<p align=\"right\">Cl\u00f3vis Rossi, <i>Folha de S.Paulo<\/i> \u2013 26\/09\/2013<\/p>\n<p>&nbsp;<\/p>\n<p>\u201cOs adultos modernos carregam consigo um resto de adolesc\u00eancia mal resolvida, como se, para eles chegarem a ser adultos mesmo, ainda lhes faltasse um gesto de rebeldia que se esqueceram de fazer na juventude. Essa adolesc\u00eancia, desperdi\u00e7ada por falta de coragem, volta como farsa na vida do adulto: ningu\u00e9m tem coragem de nada, sequer de quebrar a rotina, mas todos procuram a apar\u00eancia da rebeldia. N\u00e3o fiz nada do que eu queria ou esperava, mas amanh\u00e3 vou tatuar uma estrelinha.\u201d<\/p>\n<p align=\"right\">Contardo Calligaris, <i>Folha de S.Paulo<\/i> \u2013 26\/09\/2013<\/p>\n<p>&nbsp;<\/p>\n<p>\u201cA vida exige paisagens sonoro e visual programadas, estetizando o cotidiano com pequenas experi\u00eancias aparentadas ao belo e ao gosto.\u201d<\/p>\n<p align=\"right\">Christian Dunker, <i>Cult<\/i> \u2013 setembro de 2013<\/p>\n<p>&nbsp;<\/p>\n<p>\u201cA pessoa criativa pode fazer criativamente qualquer coisa. A marca da criatividade \u00e9 a sensa\u00e7\u00e3o de que h\u00e1 algo novo e inesperado no ar.\u201d<\/p>\n<p align=\"right\">S\u00e9rgio Franco, <i>Mente&amp;C\u00e9rebro<\/i> \u2013 setembro de 2013<\/p>\n<p>&nbsp;<\/p>\n<p>\u201c52% dos entrevistados definem como principal raz\u00e3o para ficar num emprego a possibilidade de progredir de forma r\u00e1pida na carreira.\u201d<\/p>\n<p align=\"right\">Luiz Carlos Cabrera, <i>Voc\u00ea S\/A<\/i> \u2013 setembro de 2013<\/p>\n<p>&nbsp;<\/p>\n<p>\u201cTemos um problema grande na \u00e1rea da educa\u00e7\u00e3o. Sete em cada dez profissionais brasileiros dizem que h\u00e1 um desalinhamento entre o curr\u00edculo dos estudantes e as necessidades das empresas \u2013 na m\u00e9dia global, s\u00e3o quatro em cada dez.\u201d<\/p>\n<p align=\"right\">Gil Giardelli, <i>Voc\u00ea S\/A<\/i> \u2013 setembro de 2013<\/p>\n<p>&nbsp;<\/p>\n","protected":false},"excerpt":{"rendered":"<p>\u201cCostumo dizer que a arte existe porque a vida n\u00e3o basta. Negar a arte \u00e9 como dizer que a vida se basta, n\u00e3o precisa de arte. Uma pobreza!\u201d Ferreira Gullar, Folha de S.Paulo \u2013 22\/09\/2013 &nbsp; \u201cHoje que os ritmos el\u00e9tricos incentivam uma vida de excessos, h\u00e1 uma vaidade, um exibicionismo vulgar em se ter [&hellip;]<\/p>\n","protected":false},"author":14,"featured_media":0,"comment_status":"open","ping_status":"open","sticky":false,"template":"","format":"standard","meta":{"ngg_post_thumbnail":0,"footnotes":""},"categories":[4778],"tags":[5175,33,16536,8469,131,16534,8458],"class_list":["post-797","post","type-post","status-publish","format-standard","hentry","category-contando-os-dias","tag-adolescentes","tag-arte","tag-carreira","tag-criatividade","tag-educacao","tag-papa","tag-relacionamentos","count-0","even alt","author-taismachado","last"],"_links":{"self":[{"href":"https:\/\/ultimato.com.br\/sites\/taismachado\/wp-json\/wp\/v2\/posts\/797","targetHints":{"allow":["GET"]}}],"collection":[{"href":"https:\/\/ultimato.com.br\/sites\/taismachado\/wp-json\/wp\/v2\/posts"}],"about":[{"href":"https:\/\/ultimato.com.br\/sites\/taismachado\/wp-json\/wp\/v2\/types\/post"}],"author":[{"embeddable":true,"href":"https:\/\/ultimato.com.br\/sites\/taismachado\/wp-json\/wp\/v2\/users\/14"}],"replies":[{"embeddable":true,"href":"https:\/\/ultimato.com.br\/sites\/taismachado\/wp-json\/wp\/v2\/comments?post=797"}],"version-history":[{"count":1,"href":"https:\/\/ultimato.com.br\/sites\/taismachado\/wp-json\/wp\/v2\/posts\/797\/revisions"}],"predecessor-version":[{"id":798,"href":"https:\/\/ultimato.com.br\/sites\/taismachado\/wp-json\/wp\/v2\/posts\/797\/revisions\/798"}],"wp:attachment":[{"href":"https:\/\/ultimato.com.br\/sites\/taismachado\/wp-json\/wp\/v2\/media?parent=797"}],"wp:term":[{"taxonomy":"category","embeddable":true,"href":"https:\/\/ultimato.com.br\/sites\/taismachado\/wp-json\/wp\/v2\/categories?post=797"},{"taxonomy":"post_tag","embeddable":true,"href":"https:\/\/ultimato.com.br\/sites\/taismachado\/wp-json\/wp\/v2\/tags?post=797"}],"curies":[{"name":"wp","href":"https:\/\/api.w.org\/{rel}","templated":true}]}}