{"id":793,"date":"2013-09-21T22:54:59","date_gmt":"2013-09-21T22:54:59","guid":{"rendered":"http:\/\/ultimato.com.br\/sites\/taismachado\/?p=793"},"modified":"2013-09-29T23:08:33","modified_gmt":"2013-09-29T23:08:33","slug":"38a-semana-de-2013","status":"publish","type":"post","link":"https:\/\/ultimato.com.br\/sites\/taismachado\/2013\/09\/21\/38a-semana-de-2013\/","title":{"rendered":"38\u00aa semana de 2013"},"content":{"rendered":"<p>\u201cA depress\u00e3o cresce entre as crian\u00e7as em parte pelas raz\u00f5es pelas quais est\u00e1 aumentando em toda a sociedade, mas tamb\u00e9m porque as crian\u00e7as est\u00e3o sob mais press\u00e3o, s\u00e3o mais superestimuladas, mais levadas a se movimentar de um lugar para o outro e de escola para escola. Isso acontece porque os pais est\u00e3o ambos trabalhando fora, e as crian\u00e7as t\u00eam ficado com uma variedade de cuidadores que as amam menos que os pais. Isso acontece por causa do colapso da fam\u00edlia.\u201d<\/p>\n<p align=\"right\">Andrew Solomon, <i>O Estado de S.Paulo<\/i> \u2013 15\/09\/2013<\/p>\n<p>&nbsp;<\/p>\n<p>\u201cAlguns trabalhos recentes mostram que, em tempos em que tudo acontece nas redes sociais, declara\u00e7\u00f5es e publica\u00e7\u00f5es em p\u00e1ginas pessoais poderiam dar pistas para amigos e parentes das inten\u00e7\u00f5es de algu\u00e9m que enfrenta s\u00e9rias dificuldades. Estar atento a esses sinais poderia ajudar a evitar suic\u00eddios.\u201d<\/p>\n<p align=\"right\">Jairo Bouer, <i>O Estado de S.Paulo<\/i> \u2013 15\/09\/2013<\/p>\n<p>&nbsp;<\/p>\n<p>\u201cSe voc\u00ea deixar, tudo gira em torno do dinheiro. Depende de como voc\u00ea encara a profiss\u00e3o. (&#8230;) Os temas mais perturbadores s\u00e3o os que nos levam a um maior entendimento sobre a vida.\u201d<\/p>\n<p align=\"right\">Jake Gyllenhaal, ator, <i>O Estado de S.Paulo<\/i> \u2013 15\/09\/2013<\/p>\n<p>&nbsp;<\/p>\n<p>\u201cEstar pobre torna as pessoas menos capazes de fazer as coisas direito e afeta a habilidade de pensar.\u201d<\/p>\n<p align=\"right\">Eldar Shafir, <i>Folha de S.Paulo<\/i> \u2013 15\/09\/2013<\/p>\n<p>&nbsp;<\/p>\n<p>\u201c\u2018C\u00e2ncer\u2019 s\u00e3o centenas de doen\u00e7as diferentes. N\u00e3o h\u00e1 uma cura, mas muitas. A gen\u00e9tica nos d\u00e1 uma nova vis\u00e3o da doen\u00e7a. A batalha \u00e9 longa e, quanto mais vivermos, maior ser\u00e1 a probabilidade de que algo d\u00ea errado. No meio tempo, 50% dos c\u00e2nceres s\u00e3o evitados com medidas como n\u00e3o fumar e evitar muito sol.\u201d<\/p>\n<p align=\"right\">Marcelo Gleiser, <i>Folha de S.Paulo<\/i> \u2013 15\/09\/2013<\/p>\n<p>&nbsp;<\/p>\n<p>\u201cHoje existe essa coisa de \u2018escolha\u2019, profiss\u00e3o, filhos depois da p\u00f3s, direitos iguais, ar-condicionado, reposi\u00e7\u00e3o hormonal, bolsa Prada. Esquecemos que direitos e escolhas s\u00e3o produtos mais caros do que bolsa Prada. Pensamos que brotam em \u00e1rvores.\u201d<\/p>\n<p align=\"right\">Luiz Felipe Pond\u00e9, <i>Folha de S.Paulo<\/i> \u2013 16\/09\/2013<\/p>\n<p>&nbsp;<\/p>\n<p>\u201cN\u00e3o a afetividade melosa de incont\u00e1veis declara\u00e7\u00f5es de amor ao filho, e sim a amorosidade de introduzi-lo na vida como ela \u00e9, de dar banhos de realidade no filho de acordo com a idade que ele tem.\u201d<\/p>\n<p align=\"right\">Rosely Say\u00e3o, <i>Folha de S.Paulo<\/i> \u2013 17\/09\/2013<\/p>\n<p>&nbsp;<\/p>\n<p>\u201cA primeira li\u00e7\u00e3o a tirar de junho \u00e9 a seguinte: a pol\u00edtica brasileira transformou-se em algo profundamente inst\u00e1vel. Nada nos garante que n\u00e3o estamos vendo apenas um momento de calmaria antes de uma nova tempestade. Note-se como, desde junho, este pa\u00eds viveu, de maneira praticamente ininterrupta, em um estado cont\u00ednuo de manifesta\u00e7\u00f5es de toda ordem. (&#8230;) Por um momento, parecia que certas institui\u00e7\u00f5es brasileiras tinham sentido o golpe. Tudo isso durou um instante. Logo em seguida, tais institui\u00e7\u00f5es demonstraram seu car\u00e1ter radicalmente irredut\u00edvel em rela\u00e7\u00e3o a reformas e voltaram a operar como sempre operaram. (&#8230;) Nada mais equivocado do que confiar em uma calmaria aparente. Quando uma sociedade acorda, ela n\u00e3o volta a dormir completamente. Na verdade, sua elabora\u00e7\u00e3o passa a um estado de lat\u00eancia. Em lat\u00eancia, ela vai aos poucos se desacostumando de suas antigas formas, at\u00e9 que chega o momento em que provocar mudan\u00e7as equivale a chutar uma porta podre. Muitas das transforma\u00e7\u00f5es fundamentais ocorrem assim, ou seja, o trabalho mais importante foi feito em sil\u00eancio aparente.\u201d<\/p>\n<p align=\"right\">Vladimir Safatle, <i>Folha de S.Paulo<\/i> \u2013 17\/09\/2013<\/p>\n<p>&nbsp;<\/p>\n<p>\u201cN\u00e3o educar bem uma crian\u00e7a, deix\u00e1-la crescer no <i>shopping center<\/i>, consumindo loucamente sem ter desafios e sonhos que transcendam um abd\u00f4men de tanquinho e o pr\u00f3ximo modelo de iPhone \u00e9 falta de amor com ela e falta de responsabilidade com o pa\u00eds.\u201d<\/p>\n<p align=\"right\">Nizan Guanaes, <i>Folha de S.Paulo<\/i> \u2013 17\/09\/2013<\/p>\n","protected":false},"excerpt":{"rendered":"<p>\u201cA depress\u00e3o cresce entre as crian\u00e7as em parte pelas raz\u00f5es pelas quais est\u00e1 aumentando em toda a sociedade, mas tamb\u00e9m porque as crian\u00e7as est\u00e3o sob mais press\u00e3o, s\u00e3o mais superestimuladas, mais levadas a se movimentar de um lugar para o outro e de escola para escola. Isso acontece porque os pais est\u00e3o ambos trabalhando fora, [&hellip;]<\/p>\n","protected":false},"author":14,"featured_media":0,"comment_status":"closed","ping_status":"closed","sticky":false,"template":"","format":"standard","meta":{"ngg_post_thumbnail":0,"footnotes":""},"categories":[116],"tags":[5295,8462,15,4796,16539,16534,5874,8400,8405,8442],"class_list":["post-793","post","type-post","status-publish","format-standard","hentry","category-blog","tag-brasil","tag-consumismo","tag-criancas","tag-depressao","tag-maternidade","tag-papa","tag-politica","tag-saude","tag-suicidio","tag-vida-digital","count-0","even alt","author-taismachado","last"],"_links":{"self":[{"href":"https:\/\/ultimato.com.br\/sites\/taismachado\/wp-json\/wp\/v2\/posts\/793","targetHints":{"allow":["GET"]}}],"collection":[{"href":"https:\/\/ultimato.com.br\/sites\/taismachado\/wp-json\/wp\/v2\/posts"}],"about":[{"href":"https:\/\/ultimato.com.br\/sites\/taismachado\/wp-json\/wp\/v2\/types\/post"}],"author":[{"embeddable":true,"href":"https:\/\/ultimato.com.br\/sites\/taismachado\/wp-json\/wp\/v2\/users\/14"}],"replies":[{"embeddable":true,"href":"https:\/\/ultimato.com.br\/sites\/taismachado\/wp-json\/wp\/v2\/comments?post=793"}],"version-history":[{"count":3,"href":"https:\/\/ultimato.com.br\/sites\/taismachado\/wp-json\/wp\/v2\/posts\/793\/revisions"}],"predecessor-version":[{"id":796,"href":"https:\/\/ultimato.com.br\/sites\/taismachado\/wp-json\/wp\/v2\/posts\/793\/revisions\/796"}],"wp:attachment":[{"href":"https:\/\/ultimato.com.br\/sites\/taismachado\/wp-json\/wp\/v2\/media?parent=793"}],"wp:term":[{"taxonomy":"category","embeddable":true,"href":"https:\/\/ultimato.com.br\/sites\/taismachado\/wp-json\/wp\/v2\/categories?post=793"},{"taxonomy":"post_tag","embeddable":true,"href":"https:\/\/ultimato.com.br\/sites\/taismachado\/wp-json\/wp\/v2\/tags?post=793"}],"curies":[{"name":"wp","href":"https:\/\/api.w.org\/{rel}","templated":true}]}}