{"id":784,"date":"2013-08-31T15:09:31","date_gmt":"2013-08-31T15:09:31","guid":{"rendered":"http:\/\/ultimato.com.br\/sites\/taismachado\/?p=784"},"modified":"2013-08-31T18:12:34","modified_gmt":"2013-08-31T18:12:34","slug":"35a-semana-de-2013","status":"publish","type":"post","link":"https:\/\/ultimato.com.br\/sites\/taismachado\/2013\/08\/31\/35a-semana-de-2013\/","title":{"rendered":"35\u00aa semana de 2013"},"content":{"rendered":"<p>\u201cSegundo Pesquisa Nacional de Sa\u00fade Escolar \u2013 IBGE 2013: 28,7% dos alunos brasileiros do 9\u00ba ano dizem j\u00e1 ter perdido a virgindade; 75,3% deles afirmam ter usado camisinha na \u00faltima rela\u00e7\u00e3o.\u201d<\/p>\n<p align=\"right\"><i>Nova Escola<\/i> \u2013 agosto de 2013<\/p>\n<p>&nbsp;<\/p>\n<p>\u201cSempre que tentamos regular uma multiplicidade de casos complexos por meio de uma regra linear, produzimos paradoxos e injusti\u00e7as.\u201d<\/p>\n<p align=\"right\">H\u00e9lio Schwartsman, <i>Folha de S.Paulo<\/i> \u2013 25\/08\/2013<\/p>\n<p>&nbsp;<\/p>\n<p>\u201cAcho que todo mundo poderia considerar uma mudan\u00e7a nas suas escolhas alimentares e, se tiverem alguma sobra de dinheiro, considerar sua responsabilidade perante os pobres do globo. N\u00e3o \u00e9 uma quest\u00e3o de tudo ou nada, ou voc\u00ea se torna um vegetariano ou n\u00e3o faz nada. V\u00e1rias pessoas nos Estados Unidos, por exemplo, est\u00e3o dizendo: &#8220;Bem, eu como carne todos os dias&#8230;&#8221;. Existe uma pr\u00e1tica chamada Segunda-Feira Sem Carne. Outros escolhem dois ou tr\u00eas dias por semana em que n\u00e3o comem carne. Penso que seja algo f\u00e1cil de fazer, uma coisa saud\u00e1vel, e obviamente faz diferen\u00e7a, pelo menos do ponto de vista de reduzir a pecu\u00e1ria industrial e a emiss\u00e3o de gases do efeito estufa.\u201d<\/p>\n<p align=\"right\">Peter Singer, <i>Folha de S.Paulo<\/i> \u2013 25\/08\/2013<\/p>\n<p>&nbsp;<\/p>\n<p>\u201cSer crian\u00e7a \u00e9 um fato biol\u00f3gico, mas o modo como ela vive essa etapa da vida, que vai at\u00e9 a adolesc\u00eancia, depende de m\u00faltiplos e complexos fatores, entre eles o modo social de pensar a crian\u00e7a. [&#8230;] Temos deixado a crian\u00e7a cada vez mais tempo na escola. As tr\u00eas ou quatro horas iniciais se transformaram, progressivamente, em cinco, seis, oito, dez e at\u00e9 12 horas de perman\u00eancia no espa\u00e7o escolar! Se considerarmos que ir para a escola \u00e9 o trabalho da crian\u00e7a, elas t\u00eam trabalhado demais, \u00e0 semelhan\u00e7a de seus pais, os adultos. [&#8230;] Crian\u00e7as t\u00eam se alimentado como adultos que se alimentam mal. E, como estes, t\u00eam enfrentado doen\u00e7as por causa disso.\u201d<\/p>\n<p align=\"right\">Rosely Say\u00e3o, <i>Folha de S.Paulo<\/i> \u2013 27\/08\/2013<\/p>\n<p>&nbsp;<\/p>\n<p>\u201cO m\u00e9dico n\u00e3o quer olhar na cara e muito menos explicar a doen\u00e7a, o pol\u00edtico n\u00e3o quer parar de roubar nem trabalhar \u00e0s sextas-feiras, o jornalista n\u00e3o colhe not\u00edcia boa. Est\u00e1 lan\u00e7ado o movimento \u2018Algu\u00e9m para se inspirar\u2019.\u201d<\/p>\n<p align=\"right\">Jairo Marques, <i>Folha de S.Paulo<\/i> \u2013 28\/08\/2013<\/p>\n<p>&nbsp;<\/p>\n<p>\u201cA Alemanha criou o g\u00eanero \u2018indefinido\u2019 para os pais que n\u00e3o querem \u2018impor a identidade sexual\u2019 aos seus filhos na certid\u00e3o de nascimento.\u201d<\/p>\n<p align=\"right\"><i>Veja<\/i> \u2013 28\/08\/2013<\/p>\n<p>&nbsp;<\/p>\n<p>\u201cPesquisa do Minist\u00e9rio da Sa\u00fade feita em todas as capitais e em Bras\u00edlia revela que 51% dos brasileiros t\u00eam sobrepeso. Em 2006, eram 43%. A obesidade aumentou de 11% para 17% no per\u00edodo. O ministro da Sa\u00fade, Alexandre Padilha, disse que hora de se adotar h\u00e1bitos saud\u00e1veis.\u201d<\/p>\n<p align=\"right\"><i>O Estado de S.Paulo<\/i> \u2013 28\/08\/2013<\/p>\n<p>&nbsp;<\/p>\n<p>\u201cQuando o \u2018self\u2019 \u00e9 s\u00f3 uma imagem, inevitavelmente, ele \u00e9 feito de bugiganga, quinquilharia, objetos de consumo.\u201d<\/p>\n<p align=\"right\">Contardo Calligaris, <i>Folha de S.Paulo<\/i> \u2013 29\/08\/2013<\/p>\n<p>&nbsp;<\/p>\n<p>\u201cO que faz com que esses jovens tenham perdido o desejo de investir em si mesmos? Sua pobreza de esperan\u00e7as n\u00e3o nos deve restringir \u00e0 falta de oportunidade material como causa \u00fanica, ainda que esta seja muito relevante. Talvez nossa sociedade esteja sendo acometida de um adoecimento ainda mais grave, que se caracteriza pela aus\u00eancia da capacidade de acreditar &#8220;em&#8221;, da capacidade de desejar. Claude Le Guen, em seu &#8220;\u00c9dipo Origin\u00e1rio&#8221;, diz que \u00e9 imposs\u00edvel amar a si mesmo sem antes ter amado ao outro. Talvez seja tamb\u00e9m imposs\u00edvel investir em si mesmo sem antes ter investido no outro. Isso pode ocorrer quando somos privados do investimento do outro, sejam eles cuidadores pr\u00f3ximos, pais, av\u00f3s, professores e amigos, mas tamb\u00e9m cuidadores distantes, associados \u00e0s institui\u00e7\u00f5es civis ou religiosas. Sem a inscri\u00e7\u00e3o de seus ideais identificat\u00f3rios em n\u00f3s n\u00e3o h\u00e1 como elaborarmos uma promessa de exist\u00eancia significativa, digna de auto-investimento relevante.\u201d<\/p>\n<p align=\"right\">Marina Silva, <i>Folha de S.Paulo<\/i> \u2013 30\/08\/2013<\/p>\n<p>&nbsp;<\/p>\n<p>\u201cA criatividade deriva da falta de op\u00e7\u00f5es ou o descontentamento com as existentes. A criatividade desorganiza o mundo, pois cria novos caminhos, o que provoca uma subvers\u00e3o da estabilidade anterior. Esse \u00e9 o motivo pelo qual os criativos s\u00e3o \u00e0s vezes incompreendidos, criticados e at\u00e9 perseguidos. Eles subvertem, portanto incomodam. Mas, se por uma lado a criatividade incomoda, por outro \u00e9 ela que provoca mudan\u00e7as.\u201d<\/p>\n<p align=\"right\">Eugenio Mussak, <i>Vida Simples<\/i> \u2013 agosto de 2013<\/p>\n<p>&nbsp;<\/p>\n","protected":false},"excerpt":{"rendered":"<p>\u201cSegundo Pesquisa Nacional de Sa\u00fade Escolar \u2013 IBGE 2013: 28,7% dos alunos brasileiros do 9\u00ba ano dizem j\u00e1 ter perdido a virgindade; 75,3% deles afirmam ter usado camisinha na \u00faltima rela\u00e7\u00e3o.\u201d Nova Escola \u2013 agosto de 2013 &nbsp; \u201cSempre que tentamos regular uma multiplicidade de casos complexos por meio de uma regra linear, produzimos paradoxos [&hellip;]<\/p>\n","protected":false},"author":14,"featured_media":0,"comment_status":"open","ping_status":"open","sticky":false,"template":"","format":"standard","meta":{"ngg_post_thumbnail":0,"footnotes":""},"categories":[4778],"tags":[15,8469,131,157,165,8400,6004],"class_list":["post-784","post","type-post","status-publish","format-standard","hentry","category-contando-os-dias","tag-criancas","tag-criatividade","tag-educacao","tag-juventude","tag-meio-ambiente","tag-saude","tag-sexualidade","count-0","even alt","author-taismachado","last"],"_links":{"self":[{"href":"https:\/\/ultimato.com.br\/sites\/taismachado\/wp-json\/wp\/v2\/posts\/784","targetHints":{"allow":["GET"]}}],"collection":[{"href":"https:\/\/ultimato.com.br\/sites\/taismachado\/wp-json\/wp\/v2\/posts"}],"about":[{"href":"https:\/\/ultimato.com.br\/sites\/taismachado\/wp-json\/wp\/v2\/types\/post"}],"author":[{"embeddable":true,"href":"https:\/\/ultimato.com.br\/sites\/taismachado\/wp-json\/wp\/v2\/users\/14"}],"replies":[{"embeddable":true,"href":"https:\/\/ultimato.com.br\/sites\/taismachado\/wp-json\/wp\/v2\/comments?post=784"}],"version-history":[{"count":1,"href":"https:\/\/ultimato.com.br\/sites\/taismachado\/wp-json\/wp\/v2\/posts\/784\/revisions"}],"predecessor-version":[{"id":785,"href":"https:\/\/ultimato.com.br\/sites\/taismachado\/wp-json\/wp\/v2\/posts\/784\/revisions\/785"}],"wp:attachment":[{"href":"https:\/\/ultimato.com.br\/sites\/taismachado\/wp-json\/wp\/v2\/media?parent=784"}],"wp:term":[{"taxonomy":"category","embeddable":true,"href":"https:\/\/ultimato.com.br\/sites\/taismachado\/wp-json\/wp\/v2\/categories?post=784"},{"taxonomy":"post_tag","embeddable":true,"href":"https:\/\/ultimato.com.br\/sites\/taismachado\/wp-json\/wp\/v2\/tags?post=784"}],"curies":[{"name":"wp","href":"https:\/\/api.w.org\/{rel}","templated":true}]}}