{"id":770,"date":"2013-08-12T09:34:21","date_gmt":"2013-08-12T09:34:21","guid":{"rendered":"http:\/\/ultimato.com.br\/sites\/taismachado\/?p=770"},"modified":"2013-08-12T15:40:27","modified_gmt":"2013-08-12T15:40:27","slug":"32a-semana-de-2013","status":"publish","type":"post","link":"https:\/\/ultimato.com.br\/sites\/taismachado\/2013\/08\/12\/32a-semana-de-2013\/","title":{"rendered":"32\u00aa semana de 2013"},"content":{"rendered":"<p>\u201cApesar de lamentar terrivelmente n\u00e3o ter qualquer esperan\u00e7a no al\u00e9m, acredito que o ate\u00edsmo &#8211; quando amparado por boa poesia, pelo menos &#8211; \u00e9 uma concep\u00e7\u00e3o mais elegante, mais profunda e que encerra mais respeito \u00e0 vida do que a f\u00e9 em Deus. Que eu exista, que voc\u00ea exista, que haja \u00e1rvores que d\u00e3o frutos e frutos que d\u00e3o sementes, que esses frutos sejam doces justamente para que eu e voc\u00ea os comamos e espalhemos as sementes&#8230; N\u00e3o \u00e9 infinitamente mais belo se nada disso fizer parte de roteiro algum? Veja o universo, que coisa fant\u00e1stica. Pra que serve? Pra nada: eis o grande milagre.\u201d<\/p>\n<p align=\"right\">Antonio Prata, <i>Folha de S.Paulo<\/i> \u2013 04\/08\/2013<\/p>\n<p>&nbsp;<\/p>\n<p>\u201cNa propalada sociedade do conhecimento, o conhecimento se renova rapidamente. Assim, a capacidade de aprender permanentemente passou a ser condi\u00e7\u00e3o para o exerc\u00edcio da cidadania e das profiss\u00f5es. \u00c9 crucial, portanto, que o sistema educacional de um pa\u00eds desenvolva em todos essa capacidade.\u201d<\/p>\n<p align=\"right\">Marisa Eboli, <i>O Estado de S.Paulo<\/i> \u2013 04\/08\/2013<\/p>\n<p>&nbsp;<\/p>\n<p>\u201cMais da metade dos brasileiros de 18 a 24 anos n\u00e3o tem o ensino m\u00e9dio. Vale repetir: estamos no ano 2013, e quase 60% de nossos 22,5 milh\u00f5es de jovens adultos, no auge de sua capacidade, s\u00f3 terminaram o ensino fundamental. Isso significa que 13,2 milh\u00f5es de jovens (um n\u00famero bem superior \u00e0 popula\u00e7\u00e3o inteira da B\u00e9lgica) t\u00eam apenas no\u00e7\u00f5es b\u00e1sicas de portugu\u00eas, matem\u00e1tica, hist\u00f3ria, geografia e ci\u00eancia, al\u00e9m de uma imensa dificuldade para entender o mundo e se integrar ao mercado de trabalho.\u201d<\/p>\n<p align=\"right\">Ruth de Aquino, <i>\u00c9poca<\/i> \u2013 05\/08\/2013<\/p>\n<p>&nbsp;<\/p>\n<p>\u201cNos Estados Unidos, o crescimento dos livros digitais come\u00e7a a desacelerar. O faturamento dos e-books cresceu 41% em 2012. Nos anos anteriores, o n\u00famero fora superior a 100%. Analistas preveem que a participa\u00e7\u00e3o dos livros digitais se estabilize em 30% do mercado. Uma pesquisa revela que 97% dos compradores de e-books continuam a ler livros de papel. O apocalipse digital, antes visto como uma quest\u00e3o de tempo, dever\u00e1 ficar apenas na imagina\u00e7\u00e3o a coexistir.\u201d<\/p>\n<p align=\"right\"><i>\u00c9poca<\/i> \u2013 05\/08\/2013<\/p>\n<p>&nbsp;<\/p>\n<p>\u201cSe o mundo \u00e9 uma elegante explica\u00e7\u00e3o matem\u00e1tica ou, como acreditam oito em cada dez americanos, efeito da vontade divina, s\u00e3o quest\u00f5es que inevitavelmente rimam com outra: por que existo?\u201d<\/p>\n<p align=\"right\">Jim Holt, <i>Veja<\/i> \u2013 07\/08\/2013<\/p>\n<p>&nbsp;<\/p>\n<p>\u201cAos que se julgam com o monop\u00f3lio da representa\u00e7\u00e3o e que s\u00f3 deixam os gabinetes para reproduzi-la com propaganda enganosa de tempos em tempos vale o recado de Francisco para a igreja: \u2018Saiam \u00e0 rua a armar confus\u00e3o. Abandonem a mundanidade, a comodidade e o clericalismo. Deixemos de estar encerrados em n\u00f3s mesmos!\u2019.\u201d<\/p>\n<p align=\"right\">Chico Alencar, <i>Folha de S.Paulo<\/i> \u2013 09\/08\/2013<\/p>\n<p>&nbsp;<\/p>\n<p>\u201cContra um mal que pervaga todos os estratos da sociedade precisamos de rem\u00e9dios potentes, ou melhor, de vacinas. Quando n\u00e3o h\u00e1 vacinas, como contra o mal da corrup\u00e7\u00e3o, que tem impacto direto no desenvolvimento socioecon\u00f4mico dos pa\u00edses, o caminho da preven\u00e7\u00e3o reside em simplicidade, transpar\u00eancia, esclarecimento e puni\u00e7\u00e3o, al\u00e9m de institui\u00e7\u00f5es fortes em ambiente democr\u00e1tico, poderemos quebrar as engrenagens de funcionamento da corrup\u00e7\u00e3o e criar a sociedade que almejamos. O combate \u00e0 corrup\u00e7\u00e3o deve ser um dos sustent\u00e1culos na constru\u00e7\u00e3o dos valores que podem conduzir o Brasil ao lugar de merecido destaque no panorama mundial.\u201d<\/p>\n<p align=\"right\">Roberto Abdenur, <i>O Estado de S.Paulo<\/i> \u2013 09\/08\/2013<\/p>\n<p>&nbsp;<\/p>\n<p>\u201cNo ego\u00edsmo e no individualismo, que permeiam e regulam, com frequ\u00eancia, as rela\u00e7\u00f5es sociais, cada um, cada grupo ou pa\u00eds \u00e9 levado a reivindicar e afirmar seus pr\u00f3prios direitos, sem ter em conta a sua contribui\u00e7\u00e3o para o bem comum. Na atitude solid\u00e1ria h\u00e1 sempre a preocupa\u00e7\u00e3o com o bem comum. A solidariedade \u00e9 um dos princ\u00edpios \u00e9ticos basilares da concep\u00e7\u00e3o crist\u00e3 de organiza\u00e7\u00e3o social, pol\u00edtica e econ\u00f4mica. N\u00e3o se trata de vaga compaix\u00e3o, distante e descomprometida, diante dos males de outras pessoas pr\u00f3ximas ou distantes; ao contr\u00e1rio, \u00e9 o empenho firme e perseverante pelo bem de todos e de cada um; uma vez que todos dependem uns dos outros, todos tamb\u00e9m s\u00e3o respons\u00e1veis uns pelos outros. [&#8230;] Negar o princ\u00edpio da solidariedade levaria tamb\u00e9m a negar uma das principais for\u00e7as propulsoras da civiliza\u00e7\u00e3o, para adotar novamente a lei da selva, onde os mais fortes sobrevivem e os mais fracos s\u00e3o abandonados \u00e0 pr\u00f3pria sorte. Os mecanismos perversos que destroem o conv\u00edvio social s\u00f3 podem ser vencidos mediante a pr\u00e1tica da verdadeira solidariedade.\u201d<\/p>\n<p align=\"right\">Dom Odilo Scherer, <i>O Estado de S.Paulo<\/i> \u2013 10\/08\/2013<\/p>\n<p>&nbsp;<\/p>\n<p>\u201cO sil\u00eancio \u00e9 o meu h\u00e1bitat mental natural. N\u00e3o me sinto um exc\u00eantrico. No mundo cada vez mais barulhento, cacof\u00f4nico e compulsivamente loquaz em que vivemos, a prefer\u00eancia pelo resguardo ac\u00fastico n\u00e3o caracteriza uma anomalia, justo o contr\u00e1rio, \u00e9 anseio de muita gente. Nunca se falou tanto no mundo. Somos a civiliza\u00e7\u00e3o dos falastr\u00f5es, da tagarelice dos celulares, da conversa fiada online, do Twitter, do Facebook. S\u00f3 nos Estados Unidos registrou-se um aumento de quase 7 trilh\u00f5es de palavras faladas depois da inven\u00e7\u00e3o da internet. &#8216;Nunca se falou tanto, nunca se pensou t\u00e3o pouco&#8217;, observa Adauto Novaes.\u201d<\/p>\n<p align=\"right\">S\u00e9rgio Augusto, <i>O Estado de S.Paulo<\/i> \u2013 10\/08\/2013<\/p>\n<p>&nbsp;<\/p>\n<p>\u201cO n\u00famero de jovens levados ao pronto-socorro ap\u00f3s usarem estimulantes como a Ritalina, droga usada no tratamento do transtorno de d\u00e9ficit de aten\u00e7\u00e3o e hiperatividade, tem crescido, segundo pesquisa feita nos EUA. As visitas emergenciais a hospitais ligadas ao uso desses rem\u00e9dios entre jovens de 18 a 34 anos cresceu de 5.600 em 2005 para 23 mil em 2011, segundo os dados do Departamento de Sa\u00fade do governo americano. O aumento foi mais not\u00e1vel na faixa dos 18 aos 25 anos. Metade das pessoas que fizeram mau uso dos rem\u00e9dios havia obtido as drogas por meio de um amigo ou parente em vez de por indica\u00e7\u00e3o de um m\u00e9dico.\u201d<\/p>\n<p align=\"right\"><i>New York Times\/Folha de S.Paulo<\/i> \u2013 10\/08\/2013<\/p>\n","protected":false},"excerpt":{"rendered":"<p>\u201cApesar de lamentar terrivelmente n\u00e3o ter qualquer esperan\u00e7a no al\u00e9m, acredito que o ate\u00edsmo &#8211; quando amparado por boa poesia, pelo menos &#8211; \u00e9 uma concep\u00e7\u00e3o mais elegante, mais profunda e que encerra mais respeito \u00e0 vida do que a f\u00e9 em Deus. Que eu exista, que voc\u00ea exista, que haja \u00e1rvores que d\u00e3o frutos [&hellip;]<\/p>\n","protected":false},"author":14,"featured_media":0,"comment_status":"open","ping_status":"open","sticky":false,"template":"","format":"standard","meta":{"ngg_post_thumbnail":0,"footnotes":""},"categories":[4778],"tags":[131,5536,157,25,8400,4794,14173],"class_list":["post-770","post","type-post","status-publish","format-standard","hentry","category-contando-os-dias","tag-educacao","tag-fe","tag-juventude","tag-leitura","tag-saude","tag-silencio","tag-solidariedade","count-0","even alt","author-taismachado","last"],"_links":{"self":[{"href":"https:\/\/ultimato.com.br\/sites\/taismachado\/wp-json\/wp\/v2\/posts\/770","targetHints":{"allow":["GET"]}}],"collection":[{"href":"https:\/\/ultimato.com.br\/sites\/taismachado\/wp-json\/wp\/v2\/posts"}],"about":[{"href":"https:\/\/ultimato.com.br\/sites\/taismachado\/wp-json\/wp\/v2\/types\/post"}],"author":[{"embeddable":true,"href":"https:\/\/ultimato.com.br\/sites\/taismachado\/wp-json\/wp\/v2\/users\/14"}],"replies":[{"embeddable":true,"href":"https:\/\/ultimato.com.br\/sites\/taismachado\/wp-json\/wp\/v2\/comments?post=770"}],"version-history":[{"count":2,"href":"https:\/\/ultimato.com.br\/sites\/taismachado\/wp-json\/wp\/v2\/posts\/770\/revisions"}],"predecessor-version":[{"id":772,"href":"https:\/\/ultimato.com.br\/sites\/taismachado\/wp-json\/wp\/v2\/posts\/770\/revisions\/772"}],"wp:attachment":[{"href":"https:\/\/ultimato.com.br\/sites\/taismachado\/wp-json\/wp\/v2\/media?parent=770"}],"wp:term":[{"taxonomy":"category","embeddable":true,"href":"https:\/\/ultimato.com.br\/sites\/taismachado\/wp-json\/wp\/v2\/categories?post=770"},{"taxonomy":"post_tag","embeddable":true,"href":"https:\/\/ultimato.com.br\/sites\/taismachado\/wp-json\/wp\/v2\/tags?post=770"}],"curies":[{"name":"wp","href":"https:\/\/api.w.org\/{rel}","templated":true}]}}