{"id":735,"date":"2013-05-12T01:42:16","date_gmt":"2013-05-12T01:42:16","guid":{"rendered":"http:\/\/ultimato.com.br\/sites\/taismachado\/?p=735"},"modified":"2013-05-25T01:43:59","modified_gmt":"2013-05-25T01:43:59","slug":"19a-semana-de-2013","status":"publish","type":"post","link":"https:\/\/ultimato.com.br\/sites\/taismachado\/2013\/05\/12\/19a-semana-de-2013\/","title":{"rendered":"19\u00aa semana de 2013"},"content":{"rendered":"<p>\u201cUma m\u00e3e extraordin\u00e1ria \u00e9 aquela que ama incondicionalmente seu filho. Que permite que ele erre e o ajuda a se encontrar neste mundo. Aquela que ensina que, antes de qualquer coisa, voc\u00ea deve ser uma boa pessoa. Tento passar valores morais s\u00f3lidos para meu filho, ensin\u00e1-lo a ser criativo e a nunca, nunca ter medo de falhar. Porque as falhas e os erros s\u00e3o ingredientes necess\u00e1rios para o sucesso e para ser feliz. Felicidade \u00e9 algo relacionado a fazer o que se gosta, a ter coragem, amor e for\u00e7a moral.\u201d<\/p>\n<p align=\"right\">Christiane Amanpour, \u201cRevista \u00c9poca\u201d \u2013 06\/05\/2013<\/p>\n<p>&nbsp;<\/p>\n<p>\u201cA interna\u00e7\u00e3o \u00e9 importante, sim, mas como parte do tratamento e apenas para uma pequena parcela dos dependentes. Nem toda doen\u00e7a \u00e9 tratada com interna\u00e7\u00e3o. O poder p\u00fablico vende interna\u00e7\u00e3o como solu\u00e7\u00e3o m\u00e1gica. Alguns familiares de usu\u00e1rios est\u00e3o t\u00e3o cansados que querem mesmo isso solu\u00e7\u00e3o, mas \u00e9 importante dizer que n\u00e3o h\u00e1 sa\u00edda m\u00e1gica. [&#8230;] Dados mostram que de 70% a 90% dos dependentes apresentam problema psicol\u00f3gico. Nem todas as cl\u00ednicas t\u00eam um psiquiatra.\u201d<\/p>\n<p align=\"right\">Thiago Fidalgo, \u201cO Estado de S.Paulo\u201d \u2013 08\/05\/2013<\/p>\n<p>&nbsp;<\/p>\n<p>\u201cUma pesquisa recente feita com ingressantes nos cursos de licenciatura em matem\u00e1tica e f\u00edsica na Universidade de S\u00e3o Paulo (USP) mostra que cerca de 50% deles n\u00e3o est\u00e3o muito dispostos a dar uma aula nas respectivas \u00e1reas. O resultado \u00e9 particularmente importante quando se leva em conta o fato \u00f3bvio de que os cursos de licenciatura s\u00e3o justamente aqueles que formam professores para o ensino fundamental e o m\u00e9dio. [&#8230;] Os sal\u00e1rios s\u00e3o considerados baixos em vista da import\u00e2ncia da profiss\u00e3o. Pretende-se exigir dos professores que sejam conscientes de sua import\u00e2ncia social, mas o magro contracheque diz outra coisa. [&#8230;] H\u00e1 um abismo entre o ideal de uma carreira e sua realidade, demonstrado cabalmente pelo desinteresse dos estudantes de licenciatura. Assim, o d\u00e9ficit de professores de matem\u00e1tica, f\u00edsica e qu\u00edmica, que j\u00e1 \u00e9 de 170 mil, tende a crescer. O resultado disso \u00e9 que o desempenho dos alunos da rede p\u00fablica em ci\u00eancias exatas, que j\u00e1 \u00e9 um dos mais fracos do mundo, tem tudo para piorar \u2013 a n\u00e3o ser que o governo aja radicalmente e, sem mais delongas, restitua ao magist\u00e9rio o orgulho profissional.\u201d<\/p>\n<p align=\"right\">\u201cO Estado de S.Paulo\u201d \u2013 08\/05\/2013<\/p>\n<p>&nbsp;<\/p>\n<p>\u201cA\u00e7\u00e3o p\u00fablica em favor da alternativa \u00e9 o imperativo da hora. A maldi\u00e7\u00e3o das gera\u00e7\u00f5es futuras, a que teremos entregue pa\u00eds apequenado, recair\u00e1 sobre n\u00f3s se aguardamos para ver o que nos v\u00e3o aprontar. Tratemos de propor e de construir, n\u00f3s mesmos, cidad\u00e3os, outro futuro brasileiro.\u201d<\/p>\n<p align=\"right\">Roberto Mangabeira Unger, \u201cFolha de S.Paulo\u201d \u2013 09\/05\/2013<\/p>\n<p>&nbsp;<\/p>\n<p>\u201cOs Par\u00e2metros Curriculares Nacionais (PCN) de orienta\u00e7\u00e3o sexual foram lan\u00e7ados em 1998, num contexto em que crescia a gravidez entre as adolescentes e a contamina\u00e7\u00e3o pelo HIV era um dos grandes temores. Cerca de 15 anos depois, esses problemas est\u00e3o longe de ser superados: 19,3% dos partos realizados no pa\u00eds s\u00e3o de garotas at\u00e9 17 anos e o n\u00famero de jovens com Aids cresceu 33% s\u00f3 nos \u00faltimos cinco anos segundo o Minist\u00e9rio da Sa\u00fade. [&#8230;] Cada faixa et\u00e1ria exige um modo de abordar a sexualidade, mas vale sempre estimular a express\u00e3o de ideias. \u2018O mais recomendado \u00e9 n\u00e3o impor opini\u00f5es, mas, sim, incentivar a turma a pesquisar e refletir, deixando de lado a transmiss\u00e3o mec\u00e2nica de informa\u00e7\u00e3o\u2019, diz Elizabete Franco Cruz, professora da Universidade de S\u00e3o Paulo (USP) e integrante do Anahi \u2013 Grupo de Estudos Interinstitucional de Rela\u00e7\u00f5es de G\u00eanero e Sexualidade.\u201d<\/p>\n<p align=\"right\">Bruna Nicolielo, \u201cRevista Nova Escola\u201d \u2013 maio de 2013<\/p>\n","protected":false},"excerpt":{"rendered":"<p>\u201cUma m\u00e3e extraordin\u00e1ria \u00e9 aquela que ama incondicionalmente seu filho. Que permite que ele erre e o ajuda a se encontrar neste mundo. Aquela que ensina que, antes de qualquer coisa, voc\u00ea deve ser uma boa pessoa. Tento passar valores morais s\u00f3lidos para meu filho, ensin\u00e1-lo a ser criativo e a nunca, nunca ter medo [&hellip;]<\/p>\n","protected":false},"author":14,"featured_media":0,"comment_status":"open","ping_status":"open","sticky":false,"template":"","format":"standard","meta":{"ngg_post_thumbnail":0,"footnotes":""},"categories":[4778],"tags":[15,131,8449,8400,6004],"class_list":["post-735","post","type-post","status-publish","format-standard","hentry","category-contando-os-dias","tag-criancas","tag-educacao","tag-maes","tag-saude","tag-sexualidade","count-0","even alt","author-taismachado","last"],"_links":{"self":[{"href":"https:\/\/ultimato.com.br\/sites\/taismachado\/wp-json\/wp\/v2\/posts\/735","targetHints":{"allow":["GET"]}}],"collection":[{"href":"https:\/\/ultimato.com.br\/sites\/taismachado\/wp-json\/wp\/v2\/posts"}],"about":[{"href":"https:\/\/ultimato.com.br\/sites\/taismachado\/wp-json\/wp\/v2\/types\/post"}],"author":[{"embeddable":true,"href":"https:\/\/ultimato.com.br\/sites\/taismachado\/wp-json\/wp\/v2\/users\/14"}],"replies":[{"embeddable":true,"href":"https:\/\/ultimato.com.br\/sites\/taismachado\/wp-json\/wp\/v2\/comments?post=735"}],"version-history":[{"count":1,"href":"https:\/\/ultimato.com.br\/sites\/taismachado\/wp-json\/wp\/v2\/posts\/735\/revisions"}],"predecessor-version":[{"id":736,"href":"https:\/\/ultimato.com.br\/sites\/taismachado\/wp-json\/wp\/v2\/posts\/735\/revisions\/736"}],"wp:attachment":[{"href":"https:\/\/ultimato.com.br\/sites\/taismachado\/wp-json\/wp\/v2\/media?parent=735"}],"wp:term":[{"taxonomy":"category","embeddable":true,"href":"https:\/\/ultimato.com.br\/sites\/taismachado\/wp-json\/wp\/v2\/categories?post=735"},{"taxonomy":"post_tag","embeddable":true,"href":"https:\/\/ultimato.com.br\/sites\/taismachado\/wp-json\/wp\/v2\/tags?post=735"}],"curies":[{"name":"wp","href":"https:\/\/api.w.org\/{rel}","templated":true}]}}