{"id":729,"date":"2013-04-28T01:37:26","date_gmt":"2013-04-28T01:37:26","guid":{"rendered":"http:\/\/ultimato.com.br\/sites\/taismachado\/?p=729"},"modified":"2013-05-25T01:39:24","modified_gmt":"2013-05-25T01:39:24","slug":"17a-semana-de-2013","status":"publish","type":"post","link":"https:\/\/ultimato.com.br\/sites\/taismachado\/2013\/04\/28\/17a-semana-de-2013\/","title":{"rendered":"17\u00aa semana de 2013"},"content":{"rendered":"<p>\u201cEsse meu pilar de preserva\u00e7\u00e3o de qualidade de vida, f\u00edsica, moral e emocional, fez com que eu chegasse aos 60 anos de idade com uma jovialidade acima da m\u00e9dia. Tenho muito que dar ainda. [&#8230;] Vivemos em um momento no mundo em que h\u00e1 uma obsolesc\u00eancia terr\u00edvel das coisas, dos materiais. Quando voc\u00ea compra um telefone celular, j\u00e1 lan\u00e7aram um melhor no momento em que voc\u00ea est\u00e1 comprando. Ent\u00e3o, o c\u00edrculo das coisas \u00e9 grande. E n\u00e3o conseguimos separar isso do ser humano, da obsolesc\u00eancia das pessoas. Mas n\u00e3o existe esse c\u00edrculo da obsolesc\u00eancia das pessoas. [&#8230;] Tem de entender que as pessoas est\u00e3o se formando ao longo da vida. N\u00e3o \u00e9 demagogia dizer que a pessoa s\u00f3 acaba a forma\u00e7\u00e3o quando morre. Entender que \u00e9 preciso trocar o equipamento com frequ\u00eancia, mas investir nas pessoas. Isso \u00e9 a grande maestria de um CEO.\u201d<\/p>\n<p align=\"right\">Wilson Otero, \u201cO Estado de S.Paulo\u201d \u2013 21\/04\/2013<\/p>\n<p>&nbsp;<\/p>\n<p>\u201cSe no \u00faltimo s\u00e9culo, a preocupa\u00e7\u00e3o era construir uma biblioteca em cada cidade, agora a palavra de ordem \u00e9 construir uma biblioteca dentro da casa de cada pessoa.\u201d<\/p>\n<p align=\"right\">Jason Roy, diretor dos servi\u00e7os digitais da biblioteca da Universidade de Minnesota, \u201cO Estado de S.Paulo\u201d \u2013 22\/04\/2013<\/p>\n<p>&nbsp;<\/p>\n<p>\u201cAs bombas nos EUA ainda n\u00e3o totalmente explicadas, a economia da Europa devagar, as amea\u00e7as da Coreia do Norte, as incertezas em rela\u00e7\u00e3o ao Ir\u00e3, as intemp\u00e9ries na \u00c1sia e a fome na \u00c1frica. N\u00e3o bastasse, temos agora na Am\u00e9rica do Sul dois polos que se contrap\u00f5em ferrenhamente. De um lado, a Venezuela chavista est\u00e1 vazia de Ch\u00e1vez e entupida de problemas. De outro, o Paraguai volta aos poucos \u00e0 Unasul e ao Mercosul com um presidente eleito, Horacio Cartes, podre de rico num pa\u00eds muito pobre, al\u00e9m de suspeito de contrabando, lavagem de dinheiro e \u2018otras cositas m\u00e1s\u2019. Tempos dif\u00edceis vir\u00e3o.\u201d<\/p>\n<p align=\"right\">Eliane Cantanh\u00eade, \u201cFolha de S.Paulo\u201d \u2013 23\/04\/2013<\/p>\n<p>&nbsp;<\/p>\n<p>\u201cSomam-se, no pontificado de Francisco, os sinais de uma radical altera\u00e7\u00e3o do regime do pontificado, tanto no desbarato da C\u00faria quanto na emerg\u00eancia de uma vis\u00e3o global dos novos rumos a serem trilhados pela igreja. [&#8230;]Encarnou, sem volta, a aspira\u00e7\u00e3o a uma igreja prof\u00e9tica, ao condenar o &#8220;narcisismo teol\u00f3gico&#8221;, no luxo dos bem pensantes, voltado para uma &#8220;espiritualidade mundana&#8221;, e uma autossufici\u00eancia no conforto da f\u00e9, na rejei\u00e7\u00e3o do verdadeiro esp\u00edrito mission\u00e1rio.\u201d<\/p>\n<p align=\"right\">Candido Mendes, \u201cFolha de S.Paulo\u201d \u2013 23\/04\/2013<\/p>\n<p>&nbsp;<\/p>\n<p>\u201cO homem disp\u00f5e de um aparato indispens\u00e1vel \u00e0 liberdade: a linguagem. Somos mais do que meros sobreviventes com recursos. Somos o homem pol\u00edtico, como diziam os gregos: aquele que, se quiser, pensa, leva em conta o seu semelhante.\u201d<\/p>\n<p align=\"right\">Anna Veronica Mautner, \u201cFolha de S.Paulo\u201d \u2013 23\/04\/2013<\/p>\n<p>&nbsp;<\/p>\n<p>\u201cSomos uma cultura \u2018infant\u00f3latra\u2019, ou seja, que idealiza e venera as crian\u00e7as como crian\u00e7as. Ou seja, amamos v\u00ea-las sem nenhum dos pesos que castigam a vida adulta. No sonho de irresponsabilidade que mencionei antes, esses dois tra\u00e7os de nossa cultura se combinam assim: 1) as crian\u00e7as s\u00e3o todas querubins irrespons\u00e1veis e 2) a hist\u00f3ria da nossa inf\u00e2ncia nos torna irrespons\u00e1veis quando adultos. Que maravilha.\u201d<\/p>\n<p align=\"right\">Contardo Calligaris, \u201cFolha de S.Paulo\u201d \u2013 25\/04\/2013<\/p>\n<p>&nbsp;<\/p>\n<p>\u201cFazer 40 anos \u00e9 aprender que \u00e9 imposs\u00edvel n\u00e3o magoar pessoas queridas, momentaneamente ou para sempre, com ou sem raz\u00e3o.\u201d<\/p>\n<p align=\"right\">Michel Laub, \u201cFolha de S.Paulo\u201d \u2013 26\/04\/2013<\/p>\n<p>&nbsp;<\/p>\n<p>\u201c \u2018Essas igrejas n\u00e3o obter\u00e3o reconhecimento do Estado, principalmente as que s\u00e3o dissid\u00eancias, e v\u00e3o continuar impedidas de funcionar no pa\u00eds\u2019, disse o porta-voz do MPLA, Rui Falc\u00e3o. \u2018Elas s\u00e3o apenas um neg\u00f3cio.\u2019 Segundo Falc\u00e3o, a for\u00e7a das igrejas evang\u00e9licas brasileiras em Angola desperta preocupa\u00e7\u00e3o. \u2018Elas ficam a enganar as pessoas, \u00e9 um neg\u00f3cio, isto est\u00e1 mais do que \u00f3bvio, ficam a vender milagres\u2019.\u201d<\/p>\n<p align=\"right\">Patr\u00edcia Campos Mello, \u201cFolha de S.Paulo\u201d \u2013 27\/04\/2013<\/p>\n<p>&nbsp;<\/p>\n","protected":false},"excerpt":{"rendered":"<p>\u201cEsse meu pilar de preserva\u00e7\u00e3o de qualidade de vida, f\u00edsica, moral e emocional, fez com que eu chegasse aos 60 anos de idade com uma jovialidade acima da m\u00e9dia. Tenho muito que dar ainda. [&#8230;] Vivemos em um momento no mundo em que h\u00e1 uma obsolesc\u00eancia terr\u00edvel das coisas, dos materiais. Quando voc\u00ea compra um [&hellip;]<\/p>\n","protected":false},"author":14,"featured_media":0,"comment_status":"open","ping_status":"open","sticky":false,"template":"","format":"standard","meta":{"ngg_post_thumbnail":0,"footnotes":""},"categories":[4778],"tags":[15,7601,5826,5938],"class_list":["post-729","post","type-post","status-publish","format-standard","hentry","category-contando-os-dias","tag-criancas","tag-humanidade","tag-pais","tag-religiao","count-0","even alt","author-taismachado","last"],"_links":{"self":[{"href":"https:\/\/ultimato.com.br\/sites\/taismachado\/wp-json\/wp\/v2\/posts\/729","targetHints":{"allow":["GET"]}}],"collection":[{"href":"https:\/\/ultimato.com.br\/sites\/taismachado\/wp-json\/wp\/v2\/posts"}],"about":[{"href":"https:\/\/ultimato.com.br\/sites\/taismachado\/wp-json\/wp\/v2\/types\/post"}],"author":[{"embeddable":true,"href":"https:\/\/ultimato.com.br\/sites\/taismachado\/wp-json\/wp\/v2\/users\/14"}],"replies":[{"embeddable":true,"href":"https:\/\/ultimato.com.br\/sites\/taismachado\/wp-json\/wp\/v2\/comments?post=729"}],"version-history":[{"count":1,"href":"https:\/\/ultimato.com.br\/sites\/taismachado\/wp-json\/wp\/v2\/posts\/729\/revisions"}],"predecessor-version":[{"id":730,"href":"https:\/\/ultimato.com.br\/sites\/taismachado\/wp-json\/wp\/v2\/posts\/729\/revisions\/730"}],"wp:attachment":[{"href":"https:\/\/ultimato.com.br\/sites\/taismachado\/wp-json\/wp\/v2\/media?parent=729"}],"wp:term":[{"taxonomy":"category","embeddable":true,"href":"https:\/\/ultimato.com.br\/sites\/taismachado\/wp-json\/wp\/v2\/categories?post=729"},{"taxonomy":"post_tag","embeddable":true,"href":"https:\/\/ultimato.com.br\/sites\/taismachado\/wp-json\/wp\/v2\/tags?post=729"}],"curies":[{"name":"wp","href":"https:\/\/api.w.org\/{rel}","templated":true}]}}