{"id":727,"date":"2013-04-21T01:36:04","date_gmt":"2013-04-21T01:36:04","guid":{"rendered":"http:\/\/ultimato.com.br\/sites\/taismachado\/?p=727"},"modified":"2013-05-25T01:37:12","modified_gmt":"2013-05-25T01:37:12","slug":"16a-semana-de-2013","status":"publish","type":"post","link":"https:\/\/ultimato.com.br\/sites\/taismachado\/2013\/04\/21\/16a-semana-de-2013\/","title":{"rendered":"16\u00aa semana de 2013"},"content":{"rendered":"<p>Os indicadores de qualidade do ensino b\u00e1sico continuam ruins se comparado com pa\u00edses desenvolvidos. Um pa\u00eds que n\u00e3o consegue ensinar matem\u00e1tica para seus alunos pode aspirar formar engenheiros com alta qualifica\u00e7\u00e3o?\u201d<\/p>\n<p align=\"right\">\u00c9rica Fraga, \u201cFolha de S.Paulo\u201d \u2013 14\/04\/2013<\/p>\n<p>&nbsp;<\/p>\n<p>\u201cOs direitos das pessoas devem ser respeitados. Somos um Estado laico, e um Estado laico \u00e9 para defender os direitos dos que creem e dos que n\u00e3o creem. As pessoas tem o direito de ser bem tratadas em igualdade de condi\u00e7\u00e3o perante a Constitui\u00e7\u00e3o Federal, perante as leis. O que n\u00e3o se pode \u00e9 fazer extrapola\u00e7\u00f5es. Os direitos civis das pessoas n\u00e3o podem cercear a liberdade religiosa. Os padres e pastores t\u00eam o direito de continuar fazendo suas prele\u00e7\u00f5es em rela\u00e7\u00e3o aos princ\u00edpios de seus livros sagrados.[&#8230;] N\u00e3o acho que um pastor possa destratar ou satirizar ningu\u00e9m por sua condi\u00e7\u00e3o humana.\u201d<\/p>\n<p align=\"right\">Marina Silva, \u201cRevista \u00c9poca\u201d \u2013 15\/04\/2013<\/p>\n<p>&nbsp;<\/p>\n<p>\u201cCostumo ouvir que os pais da atualidade querem poupar seus filhos de sofrimento. Por isso, sentem uma enorme dificuldade para dizer &#8220;n\u00e3o&#8221; a eles, para permitir que enfrentem as suas frustra\u00e7\u00f5es e para deixar que atravessem as situa\u00e7\u00f5es dif\u00edceis que a vida lhes apresenta. [&#8230;] Entre tentativas de evitar um e outro tipo de sofrimento, que os pais vivem a ilus\u00e3o de construir para seus filhos um mundo que s\u00f3 pode existir em outra dimens\u00e3o: um mundo onde ningu\u00e9m os rejeitar\u00e1, onde n\u00e3o ser\u00e3o exclu\u00eddos de nada e onde participar\u00e3o de todos os grupos pelo simples fato de consumirem as mesmas coisas que a maioria.\u201d<\/p>\n<p align=\"right\">Rosely Say\u00e3o, \u201cFolha de S.Paulo\u201d \u2013 16\/04\/2013<\/p>\n<p>&nbsp;<\/p>\n<p>\u201c\u00c0s vezes, sua motiva\u00e7\u00e3o n\u00e3o \u00e9 o amor, mas o medo. Reparou como na f\u00e9 existe expectativa de retorno? Nem sempre t\u00e3o expl\u00edcita como certos bispos a colocam: \u2018Doe seu d\u00edzimo, quanto mais voc\u00ea doar, mais receber\u00e1 de volta!\u2019 Mas, pelo menos, se livrar do inferno \u00e9 esperado.\u201d<\/p>\n<p align=\"right\">Francisco Daudt, \u201cFolha de S.Paulo\u201d \u2013 16\/04\/2013<\/p>\n<p>&nbsp;<\/p>\n<p>\u201cNo estado atual das pris\u00f5es brasileiras, \u00e9 t\u00e3o b\u00e1rbaro prender quem tem 16 anos quanto quem tem 18 ou mais. Todos sabemos disso. O pa\u00eds n\u00e3o tem moral para exigir respeito \u00e0 lei quando n\u00e3o tem moral para dizer: isto \u00e9 uma pris\u00e3o, voc\u00ea perder\u00e1 a liberdade e aprender\u00e1 um of\u00edcio; trate de se recuperar. Quem pede leis mais rigorosas simplesmente usa um eufemismo: queria que todo criminoso fosse fuzilado. Quem \u00e9 contra leis mais rigorosas sabe que, na verdade, as que existem s\u00e3o outro eufemismo. Falam em \u2018institui\u00e7\u00e3o correcional\u2019, em \u2018pres\u00eddio\u2019, quando deveriam dizer \u2018campo de concentra\u00e7\u00e3o\u2019, \u2018pocilga\u2019, ou \u2018masmorra\u2019.\u201d<\/p>\n<p align=\"right\">Marcelo Coelho, \u201cFolha de S.Paulo\u201d \u2013 17\/04\/2013<\/p>\n<p>&nbsp;<\/p>\n<p>\u201cUma cultura desprovida de fogo, de mordida, poder\u00e1 nos fazer retroceder \u00e0s cavernas.\u201d<\/p>\n<p align=\"right\">Vargas Llosa, \u201cFolha de S.Paulo\u201d \u2013 19\/04\/2013<\/p>\n","protected":false},"excerpt":{"rendered":"<p>Os indicadores de qualidade do ensino b\u00e1sico continuam ruins se comparado com pa\u00edses desenvolvidos. Um pa\u00eds que n\u00e3o consegue ensinar matem\u00e1tica para seus alunos pode aspirar formar engenheiros com alta qualifica\u00e7\u00e3o?\u201d \u00c9rica Fraga, \u201cFolha de S.Paulo\u201d \u2013 14\/04\/2013 &nbsp; \u201cOs direitos das pessoas devem ser respeitados. Somos um Estado laico, e um Estado laico \u00e9 [&hellip;]<\/p>\n","protected":false},"author":14,"featured_media":0,"comment_status":"open","ping_status":"open","sticky":false,"template":"","format":"standard","meta":{"ngg_post_thumbnail":0,"footnotes":""},"categories":[4778],"tags":[131,5826,7642],"class_list":["post-727","post","type-post","status-publish","format-standard","hentry","category-contando-os-dias","tag-educacao","tag-pais","tag-sociedade","count-0","even alt","author-taismachado","last"],"_links":{"self":[{"href":"https:\/\/ultimato.com.br\/sites\/taismachado\/wp-json\/wp\/v2\/posts\/727","targetHints":{"allow":["GET"]}}],"collection":[{"href":"https:\/\/ultimato.com.br\/sites\/taismachado\/wp-json\/wp\/v2\/posts"}],"about":[{"href":"https:\/\/ultimato.com.br\/sites\/taismachado\/wp-json\/wp\/v2\/types\/post"}],"author":[{"embeddable":true,"href":"https:\/\/ultimato.com.br\/sites\/taismachado\/wp-json\/wp\/v2\/users\/14"}],"replies":[{"embeddable":true,"href":"https:\/\/ultimato.com.br\/sites\/taismachado\/wp-json\/wp\/v2\/comments?post=727"}],"version-history":[{"count":1,"href":"https:\/\/ultimato.com.br\/sites\/taismachado\/wp-json\/wp\/v2\/posts\/727\/revisions"}],"predecessor-version":[{"id":728,"href":"https:\/\/ultimato.com.br\/sites\/taismachado\/wp-json\/wp\/v2\/posts\/727\/revisions\/728"}],"wp:attachment":[{"href":"https:\/\/ultimato.com.br\/sites\/taismachado\/wp-json\/wp\/v2\/media?parent=727"}],"wp:term":[{"taxonomy":"category","embeddable":true,"href":"https:\/\/ultimato.com.br\/sites\/taismachado\/wp-json\/wp\/v2\/categories?post=727"},{"taxonomy":"post_tag","embeddable":true,"href":"https:\/\/ultimato.com.br\/sites\/taismachado\/wp-json\/wp\/v2\/tags?post=727"}],"curies":[{"name":"wp","href":"https:\/\/api.w.org\/{rel}","templated":true}]}}