{"id":718,"date":"2013-03-24T23:04:44","date_gmt":"2013-03-24T23:04:44","guid":{"rendered":"http:\/\/ultimato.com.br\/sites\/taismachado\/?p=718"},"modified":"2013-05-20T23:07:13","modified_gmt":"2013-05-20T23:07:13","slug":"12a-semana-de-2013","status":"publish","type":"post","link":"https:\/\/ultimato.com.br\/sites\/taismachado\/2013\/03\/24\/12a-semana-de-2013\/","title":{"rendered":"12\u00aa semana de 2013"},"content":{"rendered":"<p>\u201cA Teologia da Liberta\u00e7\u00e3o, mesmo combalida, convive bem com a imagem de uma Igreja moderna, aberta \u00e0s demandas de um mundo em agonia e em transforma\u00e7\u00e3o crescente. \u00c9 dif\u00edcil dizer que a Teologia da Liberta\u00e7\u00e3o tenha acabado definitivamente, porque ela est\u00e1 impregnada de uma das faces mais essenciais do cristianismo: a ideia de um Deus \u00e9tico, cr\u00edtico dos abusos do poder e sens\u00edvel \u00e0 infelicidade dos aflitos do mundo.\u201d<\/p>\n<p align=\"right\">Luiz Felipe Pond\u00e9, \u201cRevista \u00c9poca\u201d &#8211; 18\/03\/2013<\/p>\n<p>&nbsp;<\/p>\n<p>\u201cVaidade, ansiedade e indisciplina se manifestam em muitos jovens. \u00c9 preciso ficar atento, porque isso pode prejudicar o in\u00edcio de uma carreira.\u201d<\/p>\n<p align=\"right\">Wolf Maya, \u201cRevista \u00c9poca\u201d &#8211; 18\/03\/2013<\/p>\n<p>&nbsp;<\/p>\n<p>\u201cUm novo modelo de combate \u00e0 desigualdade s\u00f3 pode passar pela constru\u00e7\u00e3o de algo pr\u00f3ximo \u00e0quilo que um dia se chamou de Estado do Bem-Estar Social, ou seja, um Estado capaz de garantir servi\u00e7os de educa\u00e7\u00e3o e sa\u00fade gratuitos, universais e de alta qualidade. Nada disso est\u00e1 na pauta das discuss\u00f5es atuais. Qual partido apresentou, por exemplo, um programa cr\u00edvel \u00e0 sociedade no qual explica como em, digamos, dez anos n\u00e3o precisaremos mais pagar pela educa\u00e7\u00e3o privada para nossos filhos? Na verdade, ningu\u00e9m apresentou porque a ideia exigiria uma proposta de refinanciamento do Estado pelo aumento na tributa\u00e7\u00e3o daqueles que ganham nababescamente e contribuem pouco. Algo que no Brasil equivale a uma verdadeira revolu\u00e7\u00e3o armada.\u201d<\/p>\n<p align=\"right\">Vladimir Safatle, \u201cRevista Carta Capital\u201d \u2013 20\/03\/2013<\/p>\n<p>&nbsp;<\/p>\n<p>\u201cO modelo socr\u00e1tico-plat\u00f4nico \u2013 no qual um professor emocionalmente envolvido com seus alunos \u00e9 capaz de transmitir seus conhecimentos de maneira organizada e estimulante, exigindo ao mesmo tempo esfor\u00e7o cont\u00ednuo de seus alunos \u2013 parece ter descoberto intuitivamente o que a ci\u00eancia de dois mil\u00eanios depois referendaria sobre o funcionamento de nosso c\u00e9rebro.\u201d<\/p>\n<p align=\"right\">Gustavo Ioschpe, Revista Veja \u2013 20\/03\/2013<\/p>\n<p>&nbsp;<\/p>\n<p>\u201cOs pais nunca nos d\u00e3o tudo (nem quando s\u00e3o loucos a ponto de querer nos fartar). Mesmo assim, durante um tempo absurdamente longo, o que temos e esperamos vem s\u00f3 deles. Na adolesc\u00eancia, come\u00e7amos a desejar coisas que eles n\u00e3o conseguiriam nos dar nem se quisessem nos ver eternamente satisfeitos. No entanto, como eles sempre foram respons\u00e1veis por nossas satisfa\u00e7\u00f5es, agora eles nos parecem ser respons\u00e1veis por nossas frustra\u00e7\u00f5es.\u201d<\/p>\n<p align=\"right\">Contardo Calligaris, \u201cFolha de S.Paulo\u201d \u2013 21\/03\/2013<\/p>\n<p>&nbsp;<\/p>\n<p>\u201cNossas vidas s\u00e3o atravessadas e marcadas pro m\u00fasicas, por can\u00e7\u00f5es que nos devolvem momentos felizes ou n\u00e3o. Recuperei algumas, mas a cada dia acumulo outras.\u201d<\/p>\n<p align=\"right\">Ign\u00e1cio de Loyola Brand\u00e3o, \u201cO Estado de S.Paulo\u201d \u2013 22\/03\/2013<\/p>\n<p>&nbsp;<\/p>\n<p>\u201cFicar preso em uma cultura \u00fanica, abster-se de ver o outro, de tentar entender o diferente, negando o valor do semelhante que n\u00e3o \u00e9 t\u00e3o semelhante assim, empobrece, emburrece, diminui.\u201d<\/p>\n<p align=\"right\">Eugenio Mussak, \u201cRevista Vida Simples\u201d \u2013 mar\u00e7o de 2013<\/p>\n<p>&nbsp;<\/p>\n<p>\u201cN\u00e3o s\u00f3 as jovens, mas todos se sentem frustrados, porque apenas uma minoria corresponde ao padr\u00e3o de beleza divulgado pela m\u00eddia.\u00a0 [&#8230;] As pessoas se sentem frustradas, incompletas, inseguras e acham que a cirurgia pl\u00e1stica \u00e9 a solu\u00e7\u00e3o para seus problemas.\u201d<\/p>\n<p align=\"right\">Viviane Namur Campagna, \u201cRevista Psique&amp;Vida\u201d \u2013 mar\u00e7o de 2013<\/p>\n","protected":false},"excerpt":{"rendered":"<p>\u201cA Teologia da Liberta\u00e7\u00e3o, mesmo combalida, convive bem com a imagem de uma Igreja moderna, aberta \u00e0s demandas de um mundo em agonia e em transforma\u00e7\u00e3o crescente. \u00c9 dif\u00edcil dizer que a Teologia da Liberta\u00e7\u00e3o tenha acabado definitivamente, porque ela est\u00e1 impregnada de uma das faces mais essenciais do cristianismo: a ideia de um Deus [&hellip;]<\/p>\n","protected":false},"author":14,"featured_media":0,"comment_status":"open","ping_status":"open","sticky":false,"template":"","format":"standard","meta":{"ngg_post_thumbnail":0,"footnotes":""},"categories":[4778],"tags":[5175,131,157,5938,7642],"class_list":["post-718","post","type-post","status-publish","format-standard","hentry","category-contando-os-dias","tag-adolescentes","tag-educacao","tag-juventude","tag-religiao","tag-sociedade","count-0","even alt","author-taismachado","last"],"_links":{"self":[{"href":"https:\/\/ultimato.com.br\/sites\/taismachado\/wp-json\/wp\/v2\/posts\/718","targetHints":{"allow":["GET"]}}],"collection":[{"href":"https:\/\/ultimato.com.br\/sites\/taismachado\/wp-json\/wp\/v2\/posts"}],"about":[{"href":"https:\/\/ultimato.com.br\/sites\/taismachado\/wp-json\/wp\/v2\/types\/post"}],"author":[{"embeddable":true,"href":"https:\/\/ultimato.com.br\/sites\/taismachado\/wp-json\/wp\/v2\/users\/14"}],"replies":[{"embeddable":true,"href":"https:\/\/ultimato.com.br\/sites\/taismachado\/wp-json\/wp\/v2\/comments?post=718"}],"version-history":[{"count":1,"href":"https:\/\/ultimato.com.br\/sites\/taismachado\/wp-json\/wp\/v2\/posts\/718\/revisions"}],"predecessor-version":[{"id":719,"href":"https:\/\/ultimato.com.br\/sites\/taismachado\/wp-json\/wp\/v2\/posts\/718\/revisions\/719"}],"wp:attachment":[{"href":"https:\/\/ultimato.com.br\/sites\/taismachado\/wp-json\/wp\/v2\/media?parent=718"}],"wp:term":[{"taxonomy":"category","embeddable":true,"href":"https:\/\/ultimato.com.br\/sites\/taismachado\/wp-json\/wp\/v2\/categories?post=718"},{"taxonomy":"post_tag","embeddable":true,"href":"https:\/\/ultimato.com.br\/sites\/taismachado\/wp-json\/wp\/v2\/tags?post=718"}],"curies":[{"name":"wp","href":"https:\/\/api.w.org\/{rel}","templated":true}]}}