{"id":709,"date":"2013-02-24T11:39:41","date_gmt":"2013-02-24T11:39:41","guid":{"rendered":"http:\/\/ultimato.com.br\/sites\/taismachado\/?p=709"},"modified":"2013-05-18T11:45:02","modified_gmt":"2013-05-18T11:45:02","slug":"08a-semana-de-2013","status":"publish","type":"post","link":"https:\/\/ultimato.com.br\/sites\/taismachado\/2013\/02\/24\/08a-semana-de-2013\/","title":{"rendered":"08\u00aa semana de 2013"},"content":{"rendered":"<p>\u201cSegundo o Conselho de Medicina Veterin\u00e1ria de S\u00e3o Paulo, o Estado j\u00e1 conta com 50 creches para cachorro. Elas recebem animais cujos donos passam boa parte do dia fora de casa e lhes oferecem recrea\u00e7\u00e3o, que pode incluir atividades como nata\u00e7\u00e3o e musicoterapia. Os c\u00e3es levam at\u00e9 suas lancheirinhas, o que d\u00e1 uma nova dimens\u00e3o ao termo antropomorfiza\u00e7\u00e3o, a tend\u00eancia de atribuir caracter\u00edsticas humanas ao que n\u00e3o o \u00e9.\u201d<\/p>\n<p align=\"right\">H\u00e9lio Schwartsman, \u201cFolha de S.Paulo\u201d \u2013 17\/02\/2013<\/p>\n<p>&nbsp;<\/p>\n<p>\u201cA sensa\u00e7\u00e3o de que tudo pode dar errado \u00e9 mais presente quando se dirige um filme. Atuando, voc\u00ea se preocupa com a realiza\u00e7\u00e3o do seu trabalho. E \u00e9 apenas isso. Dirigindo, \u00e9 preciso descobrir o que fazer quando o clima atrapalha um dia de filmagem. Voc\u00ea fica comprometido com aquele projeto o dia inteiro.\u201d<\/p>\n<p align=\"right\">Dustin Hoffman, \u201cO Estado de S.Paulo\u201d \u2013 17\/02\/2013<\/p>\n<p>&nbsp;<\/p>\n<p>\u201cJ\u00e1 h\u00e1 um elenco diversificado de explica\u00e7\u00f5es para a ren\u00fancia de Bento XVI ao trono de S\u00e3o Pedro. A melhor foi a dada por ele mesmo: \u2018Para governar a barca de S\u00e3o Pedro e anunciar o Evangelho, \u00e9 necess\u00e1rio tamb\u00e9m o vigor quer do corpo quer do esp\u00edrito; vigor esse que, nos \u00faltimos meses, foi diminuindo de tal modo em mim que tenho de reconhecer minha incapacidade para administrar bem o minist\u00e9rio que me foi confiado\u2019. O papa n\u00e3o fez nenhuma refer\u00eancia mais expl\u00edcita ao mar proceloso em que se move a barca e, sobretudo, refer\u00eancia a quem agita as \u00e1guas que perturbam os rumos da nau sagrada. Manteve <i>in pectore<\/i> os fatores institucionais de seu gesto. Foi desprendido ao tomar sobre os pr\u00f3prios ombros o peso imenso dos fatores da ren\u00fancia como debilidade pessoal. [&#8230;] No quadro dos paradoxos de Bento VXI, uma decis\u00e3o republicana numa estrutura mon\u00e1rquica, mais um ind\u00edcio de um papa moderno at\u00e9 na a\u00e7\u00e3o inovadora em nome dos valores da tradi\u00e7\u00e3o conservadora.\u201d<\/p>\n<p align=\"right\">Jos\u00e9 de Souza Martins, \u201cO Estado de S.Paulo\u201d \u2013 17\/02\/2013<\/p>\n<p>&nbsp;<\/p>\n<p>\u201cS\u00e3o momentos de grave introspec\u00e7\u00e3o em que o Homem faz um invent\u00e1rio de si mesmo \u2013 seus sonhos, suas desilus\u00f5es, suas possibilidades \u2013 e se faz perguntas. Valeu a pena? Devo continuar? Aproveito o promont\u00f3rio e me atiro? Quem sou eu, e por que estou aqui falando sozinho?<\/p>\n<p align=\"right\">Luis Fernando Verissimo, \u201cO Estado de S.Paulo\u201d \u2013 17\/02\/2013<\/p>\n<p>&nbsp;<\/p>\n<p>\u201cA sociedade caminha mais rapidamente que a Igreja. N\u00e3o acho que haja uma queda na f\u00e9. Os homens querem simplesmente uma igreja que os acolha. E n\u00e3o \u00e9 assim Cristo, que abriu os bra\u00e7os para acolher a humanidade? [&#8230;] Sou cat\u00f3lico. Sempre me emociono com a mensagem de amor e acolhimento de Jesus Cristo. Mas faz falta um novo S\u00e3o Francisco de Assis, capaz de abandonar as estruturas r\u00edgidas do clero para se aproximar profundamente das dores do homem comum.\u201d<\/p>\n<p align=\"right\">Walcyr Carrasco, \u201cRevista \u00c9poca\u201d, 18\/02\/13<\/p>\n<p>&nbsp;<\/p>\n<p>\u201cA cada minuto, s\u00e3o milhares de est\u00edmulos disputando aten\u00e7\u00e3o: dezenas de e-mails, coment\u00e1rios no Facebook, fotos legais no Instagram. [&#8230;] O telefone sempre toca no exato momento em que a gente est\u00e1, finalmente, se concentrando. [&#8230;] Estamos perdidos em um mar de informa\u00e7\u00f5es e est\u00edmulos, e muitas vezes acabamos dispersando nossa energia em coisa pouco importantes. [&#8230;] De certa maneira, fomos programados para isso: parte do nosso c\u00e9rebro prefere a gratifica\u00e7\u00e3o imediata, que \u00e9 o que os coment\u00e1rios na internet fornecem, por exemplo \u2013 a cada \u2018curtir\u2019, uma descarga de dopamina, horm\u00f4nio ligado ao prazer, inunda nosso sistema nervoso. [&#8230;] \u00c9 poss\u00edvel vencer a batalha contra as distra\u00e7\u00f5es e aprender a focar. Para isso, s\u00e3o necess\u00e1rias, basicamente, duas coisas: 1) definir o que \u00e9 essencial; 2) eliminar todo o resto.\u201d<\/p>\n<p align=\"right\">Jeanne Callegari, \u201cRevista Vida Simples\u201d \u2013 fevereiro de 2013<\/p>\n<p>&nbsp;<\/p>\n<p>\u201cNa leitura de um adulto para uma crian\u00e7a \u00e9 preciso haver cumplicidade. Se voc\u00ea n\u00e3o gostar da hist\u00f3ria lida, n\u00e3o adianta nada. As pessoas generosas s\u00e3o capazes de fazer uma esp\u00e9cie de regress\u00e3o: permitem que o beb\u00ea que foram um dia no passado fale com o outro que est\u00e1 ali diante delas. Isso torna o contato mais profundo entre eles. [&#8230;] O livro \u00e9 um objeto que necessita do contato com o ser humano para se transformar em um objeto de cultura. Ao mesmo tempo, uma das fun\u00e7\u00f5es da leitura na primeira inf\u00e2ncia \u00e9 permitir que o beb\u00ea ultrapasse o sujeito f\u00edsico e alcance o cultural.\u201d<\/p>\n<p align=\"right\">Evelio Cabrejo Parra, \u201cRevista Nova Escola\u201d, fevereiro de 2013<\/p>\n<p>&nbsp;<\/p>\n<p>\u201cO n\u00famero de jovens que viraram chefes de si mesmos cresceu. De 2006 a 2012 houve um aumento mensal m\u00e9dio de 7,2% ao ano no n\u00famero de startups, segundo uma pesquisa da rede de consultoria e auditoria UHY, com salto de 467 mil para 617 mil novos neg\u00f3cios.\u201d<\/p>\n<p>\u201cRevista \u00c9poca Neg\u00f3cios\u201d \u2013 fevereiro de 2013<\/p>\n","protected":false},"excerpt":{"rendered":"<p>\u201cSegundo o Conselho de Medicina Veterin\u00e1ria de S\u00e3o Paulo, o Estado j\u00e1 conta com 50 creches para cachorro. Elas recebem animais cujos donos passam boa parte do dia fora de casa e lhes oferecem recrea\u00e7\u00e3o, que pode incluir atividades como nata\u00e7\u00e3o e musicoterapia. Os c\u00e3es levam at\u00e9 suas lancheirinhas, o que d\u00e1 uma nova dimens\u00e3o [&hellip;]<\/p>\n","protected":false},"author":14,"featured_media":0,"comment_status":"open","ping_status":"open","sticky":false,"template":"","format":"standard","meta":{"ngg_post_thumbnail":0,"footnotes":""},"categories":[4778],"tags":[157,25,5938],"class_list":["post-709","post","type-post","status-publish","format-standard","hentry","category-contando-os-dias","tag-juventude","tag-leitura","tag-religiao","count-0","even alt","author-taismachado","last"],"_links":{"self":[{"href":"https:\/\/ultimato.com.br\/sites\/taismachado\/wp-json\/wp\/v2\/posts\/709","targetHints":{"allow":["GET"]}}],"collection":[{"href":"https:\/\/ultimato.com.br\/sites\/taismachado\/wp-json\/wp\/v2\/posts"}],"about":[{"href":"https:\/\/ultimato.com.br\/sites\/taismachado\/wp-json\/wp\/v2\/types\/post"}],"author":[{"embeddable":true,"href":"https:\/\/ultimato.com.br\/sites\/taismachado\/wp-json\/wp\/v2\/users\/14"}],"replies":[{"embeddable":true,"href":"https:\/\/ultimato.com.br\/sites\/taismachado\/wp-json\/wp\/v2\/comments?post=709"}],"version-history":[{"count":1,"href":"https:\/\/ultimato.com.br\/sites\/taismachado\/wp-json\/wp\/v2\/posts\/709\/revisions"}],"predecessor-version":[{"id":710,"href":"https:\/\/ultimato.com.br\/sites\/taismachado\/wp-json\/wp\/v2\/posts\/709\/revisions\/710"}],"wp:attachment":[{"href":"https:\/\/ultimato.com.br\/sites\/taismachado\/wp-json\/wp\/v2\/media?parent=709"}],"wp:term":[{"taxonomy":"category","embeddable":true,"href":"https:\/\/ultimato.com.br\/sites\/taismachado\/wp-json\/wp\/v2\/categories?post=709"},{"taxonomy":"post_tag","embeddable":true,"href":"https:\/\/ultimato.com.br\/sites\/taismachado\/wp-json\/wp\/v2\/tags?post=709"}],"curies":[{"name":"wp","href":"https:\/\/api.w.org\/{rel}","templated":true}]}}