{"id":699,"date":"2013-02-15T19:16:59","date_gmt":"2013-02-15T19:16:59","guid":{"rendered":"http:\/\/ultimato.com.br\/sites\/taismachado\/?p=699"},"modified":"2013-04-15T19:18:52","modified_gmt":"2013-04-15T19:18:52","slug":"06a-semana-de-2013","status":"publish","type":"post","link":"https:\/\/ultimato.com.br\/sites\/taismachado\/2013\/02\/15\/06a-semana-de-2013\/","title":{"rendered":"06\u00aa semana de 2013"},"content":{"rendered":"<p>\u201cO capitalismo, por sua vez, \u00e9 o regime da explora\u00e7\u00e3o e da desigualdade, precisamente porque se funda no ego\u00edsmo e na busca do lucro m\u00e1ximo. Se deixarmos, ele suga a car\u00f3tida da m\u00e3e. O grande problema \u00e9 este: como estimular a iniciativa criadora de riqueza e, ao mesmo tempo, valer-se da riqueza criada para reduzir a desigualdade.\u201d<br \/>\nFerreira Gullar, \u201cFolha de S.Paulo\u201d \u2013 03\/02\/2013<\/p>\n<p>\u201cH\u00e1 indiv\u00edduos mais sujeitos a compuls\u00e3o do que outros. Ambos podem estar expostos aos mesmos fatores. Mas a rea\u00e7\u00e3o de uns vai ser diferente de outros.\u201d<br \/>\nMarion Strecker, \u201cFolha de S.Paulo\u201d \u2013 04\/02\/2013<\/p>\n<p>\u201cA ci\u00eancia vive pressionando a \u00e9tica: trata-se aqui da amplia\u00e7\u00e3o do poder de escolha informada. Aumentando os recursos t\u00e9cnicos da medicina pr\u00e9-natal, aumenta-se proporcionalmente a possibilidade de se evitar determinados tipos de gravidez. O nome disso, segundo o fil\u00f3sofo americano Francis Fukuyama, \u00e9 &#8220;design babies&#8221; (beb\u00eas de prancheta, na tradu\u00e7\u00e3o brasileira): beb\u00eas ao portador, com grau m\u00e1ximo de sa\u00fade. [&#8230;] O processo de amplia\u00e7\u00e3o de escolha informada implica, num prazo de tempo n\u00e3o muito preciso, a crescente artificializa\u00e7\u00e3o da atividade reprodutiva humana. Isso \u00e9 t\u00e3o inevit\u00e1vel como a amplia\u00e7\u00e3o dos direitos civis, tais como voto das mulheres, casamentos gays, direitos da mulher sobre seu corpo, e afins.\u201d<br \/>\nLuiz Felipe Pond\u00e9, \u201cFolha de S.Paulo\u201d \u2013 04\/02\/2013<\/p>\n<p>\u201cAs leis existem. Mas, por corrup\u00e7\u00e3o, gan\u00e2ncia, descaso, ignor\u00e2ncia e, principalmente, por falta de fiscaliza\u00e7\u00e3o e puni\u00e7\u00e3o, crian\u00e7as caem de rodas-gigantes defeituosas, grupos afundam em barcos superlotados, moradores de pr\u00e9dios antigos s\u00e3o soterrados, buj\u00f5es, fogos de artif\u00edcio e bueiros explodem. Ningu\u00e9m vai preso, a culpa se dilui e a m\u00eddia esquece. At\u00e9 a pr\u00f3xima \u2018fatalidade anunciada\u2019.\u201d<br \/>\nRuth Aquino, \u201cRevista \u00c9poca\u201d \u2013 04\/02\/2013<\/p>\n<p>\u201cH\u00e1 semanas descobrimos, gra\u00e7as ao Censo Escolar de 2011, que 72,5% das escolas p\u00fablicas brasileiras simplesmente n\u00e3o t\u00eam bibliotecas. Isto equivale a 113.269 escolas. Um descaso que n\u00e3o mudou com o tempo, j\u00e1 que, das 7.284 escolas constru\u00eddas a partir de 2008, apenas 19,4% t\u00eam algo parecido com uma biblioteca. Mesmo S\u00e3o Paulo, o Estado mais rico da Federa\u00e7\u00e3o, conseguiu ter 85% de suas escolas p\u00fablicas nessa situa\u00e7\u00e3o. Ou seja, um n\u00famero pior do que a m\u00e9dia nacional. Diante de resultados dessa magnitude, n\u00e3o \u00e9 dif\u00edcil entender a matriz dos graves problemas educacionais que atravessamos. Dif\u00edcil \u00e9 entender por que demoramos tanto para ter uma imagem dessa realidade. Ningu\u00e9m precisa de mais um discurso \u00f3bvio sobre a import\u00e2ncia da leitura e do contato efetivo com livros para a boa forma\u00e7\u00e3o educacional.\u201d<br \/>\nVladimir Safatle, \u201cFolha de S.Paulo\u201d \u2013 05\/02\/2013<\/p>\n<p>\u201cA \u00e9tica n\u00e3o \u00e9 a lei. A lei est\u00e1 escrita no bronze ou no papel, mas a \u00e9tica est\u00e1 inscrita na consci\u00eancia ou no cora\u00e7\u00e3o &#8211; quando h\u00e1 cora\u00e7\u00e3o&#8230; Por isso, ela n\u00e3o precisa de den\u00fancias de jornais, nem de serm\u00f5es, nem de demagogia, nem da pol\u00edcia! A lei precisa da pol\u00edcia, o moralismo religioso carece dos santarr\u00f5es e as normas, de fiscais. A \u00e9tica, por\u00e9m, requer o senso de limites que obriga \u00e0 mais dura das coragens: a de dizer n\u00e3o a si mesmo. [&#8230;] Justi\u00e7a social, honestidade, retid\u00e3o de prop\u00f3sito s\u00e3o valores que formam parte da minha ideologia; s\u00e3o des\u00edgnios que acredito e quero para o Brasil.  [&#8230;] O \u00e9tico tem dentro de si o sentido da sufici\u00eancia moral. Ela ou ele sabem que em certas situa\u00e7\u00f5es somente o sujeito pode dizer sim (ou n\u00e3o!) a si mesmo. Isso eu n\u00e3o fa\u00e7o, isso eu n\u00e3o aceito, nisso eu n\u00e3o entro. \u00c9 simples assim\u201d.<br \/>\nRoberto DaMatta, \u201cO Estado de S.Paulo\u201d \u2013 06\/02\/2013<\/p>\n","protected":false},"excerpt":{"rendered":"<p>\u201cO capitalismo, por sua vez, \u00e9 o regime da explora\u00e7\u00e3o e da desigualdade, precisamente porque se funda no ego\u00edsmo e na busca do lucro m\u00e1ximo. Se deixarmos, ele suga a car\u00f3tida da m\u00e3e. O grande problema \u00e9 este: como estimular a iniciativa criadora de riqueza e, ao mesmo tempo, valer-se da riqueza criada para reduzir [&hellip;]<\/p>\n","protected":false},"author":14,"featured_media":0,"comment_status":"open","ping_status":"open","sticky":false,"template":"","format":"standard","meta":{"ngg_post_thumbnail":0,"footnotes":""},"categories":[4778],"tags":[7636,25,7642],"class_list":["post-699","post","type-post","status-publish","format-standard","hentry","category-contando-os-dias","tag-etica","tag-leitura","tag-sociedade","count-0","even alt","author-taismachado","last"],"_links":{"self":[{"href":"https:\/\/ultimato.com.br\/sites\/taismachado\/wp-json\/wp\/v2\/posts\/699","targetHints":{"allow":["GET"]}}],"collection":[{"href":"https:\/\/ultimato.com.br\/sites\/taismachado\/wp-json\/wp\/v2\/posts"}],"about":[{"href":"https:\/\/ultimato.com.br\/sites\/taismachado\/wp-json\/wp\/v2\/types\/post"}],"author":[{"embeddable":true,"href":"https:\/\/ultimato.com.br\/sites\/taismachado\/wp-json\/wp\/v2\/users\/14"}],"replies":[{"embeddable":true,"href":"https:\/\/ultimato.com.br\/sites\/taismachado\/wp-json\/wp\/v2\/comments?post=699"}],"version-history":[{"count":1,"href":"https:\/\/ultimato.com.br\/sites\/taismachado\/wp-json\/wp\/v2\/posts\/699\/revisions"}],"predecessor-version":[{"id":700,"href":"https:\/\/ultimato.com.br\/sites\/taismachado\/wp-json\/wp\/v2\/posts\/699\/revisions\/700"}],"wp:attachment":[{"href":"https:\/\/ultimato.com.br\/sites\/taismachado\/wp-json\/wp\/v2\/media?parent=699"}],"wp:term":[{"taxonomy":"category","embeddable":true,"href":"https:\/\/ultimato.com.br\/sites\/taismachado\/wp-json\/wp\/v2\/categories?post=699"},{"taxonomy":"post_tag","embeddable":true,"href":"https:\/\/ultimato.com.br\/sites\/taismachado\/wp-json\/wp\/v2\/tags?post=699"}],"curies":[{"name":"wp","href":"https:\/\/api.w.org\/{rel}","templated":true}]}}