{"id":682,"date":"2013-01-30T19:41:54","date_gmt":"2013-01-30T19:41:54","guid":{"rendered":"http:\/\/ultimato.com.br\/sites\/taismachado\/?p=682"},"modified":"2013-01-30T22:43:50","modified_gmt":"2013-01-30T22:43:50","slug":"a-lagrima-cai","status":"publish","type":"post","link":"https:\/\/ultimato.com.br\/sites\/taismachado\/2013\/01\/30\/a-lagrima-cai\/","title":{"rendered":"A l\u00e1grima cai"},"content":{"rendered":"<p>Nosso pa\u00eds est\u00e1 em luto pela trag\u00e9dia em Santa Maria\/RS. Por enquanto, foram contabilizados 235 mortos. Uma cidade em prantos, fam\u00edlias desnorteadas pela dor, e o luto se instala numa dimens\u00e3o avassaladora em muitos. Familiares e amigos choram seus queridos. At\u00e9 os que ajudam com o cumprimento de seu trabalho, como coveiros e taxistas, encontram-se abalados e buscam ajuda no n\u00facleo psicol\u00f3gico de emerg\u00eancia que foi criado ap\u00f3s o incidente. Um enorme sofrimento sobreveio de uma s\u00f3 vez a muitos compatriotas.<br \/>\nO rabino Abraham Heschel dizia que \u201cnossa compreens\u00e3o da profundidade do sofrimento \u00e9 compar\u00e1vel ao que \u00e9 capaz de perceber uma mariposa voando sobre o Grand Canyon\u201d. Ser\u00e1 isso mesmo? O que compreendemos a respeito do sofrimento? Como o amor crist\u00e3o nos conduz em tempos de profunda dor?  A f\u00e9 crist\u00e3 nos ensina a respeito, nos educa a alma?<br \/>\nLembro-me da pergunta de Jesus a seus disc\u00edpulos: \u201cPodem voc\u00eas beber o c\u00e1lice que eu vou beber?\u2019 (Mt.20.22). Me parece que Jesus, ao reconhecer nossa falta de no\u00e7\u00e3o, nos faz essa pergunta-convite, a fim de que prestemos aten\u00e7\u00e3o para o quanto nossos desejos adoecidos tomam lugar da realidade. Nossa insensibilidade nos faz pedir coisas inadequadas, sem perceber o que acontece ao nosso redor. Nem percebemos que na busca de nosso conforto, de reconhecimentos, ignoramos o que se passa com nosso pr\u00f3ximo. O que de fato est\u00e1 acontecendo? Somos atra\u00eddos por ilus\u00f5es, apegados a muletas emocionais (onde nos apoiamos em coisas como dinheiro, suposto poder, suposto saber, etc.).<br \/>\nA pergunta de Jesus ecoa, chegando at\u00e9 n\u00f3s hoje. E a\u00ed aproveito o coment\u00e1rio de Henri Nouwen a respeito desse texto: \u201cBeber o c\u00e1lice n\u00e3o \u00e9 simplesmente nos adaptar a uma situa\u00e7\u00e3o ruim ou tentar us\u00e1-la o melhor que pudermos. \u00c9 uma forma de viver com esperan\u00e7a, coragem e confian\u00e7a. Isso significa ficar de p\u00e9 com a cabe\u00e7a erguida, solidamente enraizado no conhecimento de quem somos, encarar a realidade que nos rodeia e responder a ela com nossos cora\u00e7\u00f5es\u201d. Sim, talvez atentar para a raz\u00e3o das nossas l\u00e1grimas seja uma forma de nos conhecermos melhor. Inclusive, perceber como o evangelho nos transforma, aprofundar como o evangelho nos faz solid\u00e1rios, arranca medos e desconfian\u00e7as a fim de que o amor ganhe mais espa\u00e7o dentro de n\u00f3s, ent\u00e3o, vamos aprendendo mais a respeito de estender as m\u00e3os para acolher do que agredir, mais sobre abra\u00e7ar do que competir, mais sobre respeitar do que caluniar, mais sobre chorar com os que choram do que tripudiar em cima das dores do pr\u00f3ximo, celebrar com os que se alegram do que invej\u00e1-los, e por a\u00ed vai.<br \/>\nVivemos assustados, tentando nos proteger continuamente, correndo atr\u00e1s do vento, nos apegando a desejos infantis. A dor pouco nos comove, ou, nos perturba intensamente, por\u00e9m, apenas por alguns instantes e logo nos dispersamos nos muitos afazeres e est\u00edmulos que nos cercam.<br \/>\nA necessidade imperiosa de nos distrairmos, fugirmos do t\u00e9dio, da tristeza, corrermos para o divertimento e prazeres, n\u00e3o termos contato com a dura realidade de muitos que nos cercam den\u00fancia que nossas l\u00e1grimas acabam sendo somente por n\u00f3s mesmos.<br \/>\n\u201cN\u00e3o deem espa\u00e7o para o ego \u00e0 custa da sua alma\u201d (I Pe 2.11 \u2013 \u201cA Mensagem\u201d).  <\/p>\n","protected":false},"excerpt":{"rendered":"<p>Nosso pa\u00eds est\u00e1 em luto pela trag\u00e9dia em Santa Maria\/RS. Por enquanto, foram contabilizados 235 mortos. Uma cidade em prantos, fam\u00edlias desnorteadas pela dor, e o luto se instala numa dimens\u00e3o avassaladora em muitos. Familiares e amigos choram seus queridos. At\u00e9 os que ajudam com o cumprimento de seu trabalho, como coveiros e taxistas, encontram-se [&hellip;]<\/p>\n","protected":false},"author":14,"featured_media":0,"comment_status":"open","ping_status":"open","sticky":false,"template":"","format":"standard","meta":{"ngg_post_thumbnail":0,"footnotes":""},"categories":[116],"tags":[16530,6019],"class_list":["post-682","post","type-post","status-publish","format-standard","hentry","category-blog","tag-egoismo","tag-sofrimento","count-0","even alt","author-taismachado","last"],"_links":{"self":[{"href":"https:\/\/ultimato.com.br\/sites\/taismachado\/wp-json\/wp\/v2\/posts\/682","targetHints":{"allow":["GET"]}}],"collection":[{"href":"https:\/\/ultimato.com.br\/sites\/taismachado\/wp-json\/wp\/v2\/posts"}],"about":[{"href":"https:\/\/ultimato.com.br\/sites\/taismachado\/wp-json\/wp\/v2\/types\/post"}],"author":[{"embeddable":true,"href":"https:\/\/ultimato.com.br\/sites\/taismachado\/wp-json\/wp\/v2\/users\/14"}],"replies":[{"embeddable":true,"href":"https:\/\/ultimato.com.br\/sites\/taismachado\/wp-json\/wp\/v2\/comments?post=682"}],"version-history":[{"count":1,"href":"https:\/\/ultimato.com.br\/sites\/taismachado\/wp-json\/wp\/v2\/posts\/682\/revisions"}],"predecessor-version":[{"id":683,"href":"https:\/\/ultimato.com.br\/sites\/taismachado\/wp-json\/wp\/v2\/posts\/682\/revisions\/683"}],"wp:attachment":[{"href":"https:\/\/ultimato.com.br\/sites\/taismachado\/wp-json\/wp\/v2\/media?parent=682"}],"wp:term":[{"taxonomy":"category","embeddable":true,"href":"https:\/\/ultimato.com.br\/sites\/taismachado\/wp-json\/wp\/v2\/categories?post=682"},{"taxonomy":"post_tag","embeddable":true,"href":"https:\/\/ultimato.com.br\/sites\/taismachado\/wp-json\/wp\/v2\/tags?post=682"}],"curies":[{"name":"wp","href":"https:\/\/api.w.org\/{rel}","templated":true}]}}