{"id":674,"date":"2012-12-22T15:22:21","date_gmt":"2012-12-22T15:22:21","guid":{"rendered":"http:\/\/ultimato.com.br\/sites\/taismachado\/?p=674"},"modified":"2013-01-04T15:24:36","modified_gmt":"2013-01-04T15:24:36","slug":"51a-semana-de-2012","status":"publish","type":"post","link":"https:\/\/ultimato.com.br\/sites\/taismachado\/2012\/12\/22\/51a-semana-de-2012\/","title":{"rendered":"51\u00aa semana de 2012"},"content":{"rendered":"<p>\u201cO potencial da tecnologia na educa\u00e7\u00e3o \u00e9 imenso para melhorar a experi\u00eancia do aluno, do professor e para instrumentar a sala de aula e colocar institui\u00e7\u00f5es de ensino na vanguarda da educa\u00e7\u00e3o inteligente. Agora, \u00e9 a hora de investir nossos esfor\u00e7os e recursos em novos modelos educacionais que ir\u00e3o aumentar as habilidades de nossos jovens e refor\u00e7ar a competitividade do Brasil.\u201d<br \/>\nRodrigo Souto, \u201cO Estado de S.Paulo\u201d \u2013 16\/12\/2012<\/p>\n<p>\u201c\u00c9 um desafio numa cultura onde a efici\u00eancia n\u00e3o est\u00e1 em primeiro lugar. Eu acho que um dos grandes desafios do Brasil \u00e9 essa consci\u00eancia da necessidade de fazer as coisas da forma mais r\u00e1pida e mais simples para atingir o mesmo resultado. [&#8230;] Eu n\u00e3o acredito que pessoas que executem atividades sem reflex\u00e3o gerem valor para a empresa. Se n\u00e3o se pensa de forma cr\u00edtica no trabalho que se realiza, porque est\u00e1 sendo feito de uma certa maneira, n\u00e3o se consegue ter melhoria cont\u00ednua. H\u00e1 outras formas de fazer as coisas. \u00c9 ter essa capacidade cr\u00edtica para poder inovar e gerar novas formas de fazer as coisas.\u201d<br \/>\nRui Rocheta, \u201cO Estado de S.Paulo\u201d \u2013 16\/12\/2012<\/p>\n<p>\u201cA crise econ\u00f4mica europeia levou os 21 monges de uma abadia na B\u00e9lgica a exportar um lote da cerveja que produziam para consumo pr\u00f3prio. Outras abadias europeias j\u00e1 exportam cervejas regularmente, mas esta \u00e9 a primeira vez para a St. Sixtus.\u201d<br \/>\n\u201cO Estado de S.Paulo\u201d \u2013 18\/12\/2012<\/p>\n<p>\u201cConhecimento cient\u00edfico, mesmo quando bem fundamentado, n\u00e3o leva por si s\u00f3 a promover virtudes c\u00edvicas, bons comportamentos ou pol\u00edticas virtuosas. De pouco valem os estudiosos do c\u00e9rebro, se o c\u00e9rebro de quem decide prefere ignorar ou desprezar as suas contribui\u00e7\u00f5es. Mas o desconhecimento e o desprezo pelo conhecimento certamente deixa v\u00edtimas. Os resultados da educa\u00e7\u00e3o brasileira est\u00e3o a\u00ed como prova.\u201d<br \/>\nJo\u00e3o Batista Oliveira, \u201cO Estado de S.Paulo\u201d \u2013 18\/12\/2012<\/p>\n<p>\u201cOs brasileiros nunca se divorciaram tanto como no ano passado. A constata\u00e7\u00e3o est\u00e1 na pesquisa Estat\u00edsticas do Registro Civil 2011, divulgada pelo Instituto Brasileiro de Geografia e Estat\u00edstica (IBGE), nesta segunda-feira. Em 2011, foram concedidos 351.153 processos judiciais ou escrituras p\u00fablicas de div\u00f3rcio. Comparado a 2010,. O n\u00famero representa um crescimento de 45,6% no total de separa\u00e7\u00f5es desse tipo no Pa\u00eds. A taxa geral de div\u00f3rcios que aparece na pesquisa, de 2,6 por mil, foi a maior da s\u00e9rie hist\u00f3rica do IBGE, iniciada em 1984, quando foi de 0,5. O indicador \u00e9 obtido pela divis\u00e3o do n\u00famero de casamentos dissolvidos pela popula\u00e7\u00e3o, multiplicando-se o resultado por mil. Segundo a pesquisa, em 2011 a faixa com div\u00f3rcios com propor\u00e7\u00e3o mais elevada \u2013 20,8% &#8211; foi a dos casamentos entre cinco e nove anos de dura\u00e7\u00e3o, seguida pela de um a quatro anos (19%). Isso provocou queda de tr\u00eas anos no tempo m\u00e9dio entre as datas do casamento e da senten\u00e7a do div\u00f3rcio- de 18 anos em 2006 para 15 em 2011. [&#8230;] Todos os Estados brasileiros apresentaram crescimento na taxa geral de div\u00f3rcio no ano passado em compara\u00e7\u00e3o com o anterior. Tamb\u00e9m houve crescimento no guarda compartilhada dos filhos: 2,7% em 2001, 5,4% em 2011. [&#8230;] O trabalho retrata o crescimento na propor\u00e7\u00e3o de casamentos nos quais as mulheres s\u00e3o mais velhas que os homens. Eram 20,3 em 2001 e passaram para 23,7% em 2011.\u201d<br \/>\nWilson Tosta, \u201cO Estado de S.Paulo\u201d \u2013 18\/12\/2012<\/p>\n<p>\u201c\u00c9 frequente que a cren\u00e7a em magn\u00edficos milagres pr\u00f3pria da inf\u00e2ncia desapare\u00e7a com ela. A partir de um determinado momento, somos for\u00e7ados a nos contentar com milagres bem mais modestos, embora n\u00e3o menos espantosos. Milagres advindos n\u00e3o da emerg\u00eancia do sobrenatural na realidade humana, mas decorrentes dos pr\u00f3prios movimentos da vida, que, em sua perseverante luta contra a destrui\u00e7\u00e3o e a morte e com seus ininterruptos processos de transforma\u00e7\u00e3o, tomam rumos e desdobramentos imprevis\u00edveis, impondo mudan\u00e7as e criando o novo.\u201d<br \/>\nS\u00e9rgio Telles, \u201cO Estado de S.Paulo\u201d \u2013 22\/12\/2012<\/p>\n<p>\u201cO bom trabalho educativo \u00e9 feito por professores que sabem atuar nas circunst\u00e2ncias que encontram. Educar \u00e9 tamb\u00e9m uma arte do poss\u00edvel e, portanto, deve ser apreciada em seu contexto, e n\u00e3o julgada de forma abstrata. [&#8230;] Por n\u00e3o lamentarem a falta da escola ideal, que deveriam ter, ou dos alunos ideais, que ningu\u00e9m tem, e por encararem o desafio que realmente vivem.\u201d<br \/>\nLuis Carlos de Menezes \u2013 \u201cRevista Nova Escola\u201d \u2013 dezembro de 2012<\/p>\n<p>\u201cUma corrida para chamar a aten\u00e7\u00e3o do outro. Cresceu a busca pela apar\u00eancia f\u00edsica, que \u00e9 amiga \u00edntima do consumismo. Os hippies s\u00f3 queriam amor, sexo, paz e aconchego. Nada parecido com autoerotismo e exibi\u00e7\u00e3o no Facebook. E o Facebook ati\u00e7a a inveja. E mexe com a frustra\u00e7\u00e3o. Estar ali \u00e9 como ser dono de uma revista de celebridade que publica as pr\u00f3prias not\u00edcias. Voc\u00ea vai \u00e0 praia e p\u00f5e l\u00e1. Compra e posta. Quem n\u00e3o foi e n\u00e3o tem baba. Olhar a vida alheia gera tens\u00e3o. N\u00e3o traz felicidade.\u201d<br \/>\nFl\u00e1vio Gikovate, \u201cRevista Claudia\u201d \u2013 dezembro de 2012<\/p>\n","protected":false},"excerpt":{"rendered":"<p>\u201cO potencial da tecnologia na educa\u00e7\u00e3o \u00e9 imenso para melhorar a experi\u00eancia do aluno, do professor e para instrumentar a sala de aula e colocar institui\u00e7\u00f5es de ensino na vanguarda da educa\u00e7\u00e3o inteligente. Agora, \u00e9 a hora de investir nossos esfor\u00e7os e recursos em novos modelos educacionais que ir\u00e3o aumentar as habilidades de nossos jovens [&hellip;]<\/p>\n","protected":false},"author":14,"featured_media":0,"comment_status":"open","ping_status":"open","sticky":false,"template":"","format":"standard","meta":{"ngg_post_thumbnail":0,"footnotes":""},"categories":[4778],"tags":[197,9540,131,8442],"class_list":["post-674","post","type-post","status-publish","format-standard","hentry","category-contando-os-dias","tag-casamento","tag-divorcio","tag-educacao","tag-vida-digital","count-0","even alt","author-taismachado","last"],"_links":{"self":[{"href":"https:\/\/ultimato.com.br\/sites\/taismachado\/wp-json\/wp\/v2\/posts\/674","targetHints":{"allow":["GET"]}}],"collection":[{"href":"https:\/\/ultimato.com.br\/sites\/taismachado\/wp-json\/wp\/v2\/posts"}],"about":[{"href":"https:\/\/ultimato.com.br\/sites\/taismachado\/wp-json\/wp\/v2\/types\/post"}],"author":[{"embeddable":true,"href":"https:\/\/ultimato.com.br\/sites\/taismachado\/wp-json\/wp\/v2\/users\/14"}],"replies":[{"embeddable":true,"href":"https:\/\/ultimato.com.br\/sites\/taismachado\/wp-json\/wp\/v2\/comments?post=674"}],"version-history":[{"count":1,"href":"https:\/\/ultimato.com.br\/sites\/taismachado\/wp-json\/wp\/v2\/posts\/674\/revisions"}],"predecessor-version":[{"id":675,"href":"https:\/\/ultimato.com.br\/sites\/taismachado\/wp-json\/wp\/v2\/posts\/674\/revisions\/675"}],"wp:attachment":[{"href":"https:\/\/ultimato.com.br\/sites\/taismachado\/wp-json\/wp\/v2\/media?parent=674"}],"wp:term":[{"taxonomy":"category","embeddable":true,"href":"https:\/\/ultimato.com.br\/sites\/taismachado\/wp-json\/wp\/v2\/categories?post=674"},{"taxonomy":"post_tag","embeddable":true,"href":"https:\/\/ultimato.com.br\/sites\/taismachado\/wp-json\/wp\/v2\/tags?post=674"}],"curies":[{"name":"wp","href":"https:\/\/api.w.org\/{rel}","templated":true}]}}