{"id":656,"date":"2012-10-27T14:21:38","date_gmt":"2012-10-27T14:21:38","guid":{"rendered":"http:\/\/ultimato.com.br\/sites\/taismachado\/?p=656"},"modified":"2012-11-05T14:24:50","modified_gmt":"2012-11-05T14:24:50","slug":"43a-semana-de-2012","status":"publish","type":"post","link":"https:\/\/ultimato.com.br\/sites\/taismachado\/2012\/10\/27\/43a-semana-de-2012\/","title":{"rendered":"43\u00aa semana de 2012"},"content":{"rendered":"<p>\u201cAfinal, o que todos queremos da vida &#8211; al\u00e9m do b\u00e1sico, claro? mais que tudo, o que todos queremos, do ber\u00e7\u00e1rio at\u00e9 a mais provecta idade, \u00e9 o bem mais precioso: um pouco de aten\u00e7\u00e3o. [&#8230;] Qualquer coisa na vida, qualquer, \u00e9 melhor do que a indiferen\u00e7a. Se ningu\u00e9m te d\u00e1 aten\u00e7\u00e3o voc\u00ea n\u00e3o existe Se ningu\u00e9m te d\u00e1 aten\u00e7\u00e3o voc\u00ea n\u00e3o existe. [&#8230;] N\u00e3o adianta ter todo o poder e todo o dinheiro do mundo se ningu\u00e9m pergunta se voc\u00ea melhorou da gripe.\u201d<br \/>\nDanuza Le\u00e3o &#8211; Folha de S.Paulo, 21\/10\/2012<\/p>\n<p>\u201cEm situa\u00e7\u00f5es de risco, em guerras, a covardia \u00e9 a regra. No dia a dia, isso tem outro nome: honestidade n\u00e3o vale nada, o que vale \u00e9 ter uma \u2018vida decente\u2019: seguran\u00e7a para os filhos, uma esposa feliz porque pode comprar o que quiser (dentro do or\u00e7amento, claro, mas quanto menor o or\u00e7amento menor o amor&#8230;), enfim, um \u2018futuro melhor\u2019.\u201d<br \/>\nLuiz Felipe Pond\u00e9 &#8211; Folha de S.Paulo, 22\/10\/2012<\/p>\n<p>\u201c \u2018Quando perdemos o controle emocional, \u00e9 dif\u00edcil recuar um passo e ver o que est\u00e1 realmente acontecendo\u2019, diz Lynn Friedman, psicanalista e consultora de carreiras em Washington. Ao sentir uma rea\u00e7\u00e3o intensa no trabalho, pergunte a si mesmo se a rea\u00e7\u00e3o \u00e9 realista e justific\u00e1vel. \u00c0s vezes o que est\u00e1 motivando esses sentimentos guarda pouca rela\u00e7\u00e3o com o momento. Em vez de reagir na hora, d\u00ea algum tempo para voc\u00ea mesmo, dizendo: \u2018Preciso refletir. Podemos voltar ao assunto dentro de um ou dois dias?\u2019 Ent\u00e3o procure analisar o mais objetivamente poss\u00edvel o que causou o aborrecimento.\u201d<br \/>\nEilene Zimmerman &#8211; Folha de S.Paulo, 22\/10\/2012<\/p>\n<p>\u201cQue as crian\u00e7as t\u00eam cada vez menos inf\u00e2ncia \u00e9 um fato j\u00e1 constatado e conhecido por muita gente. [&#8230;] O que acontece, na verdade, \u00e9 que as crian\u00e7as s\u00e3o estimuladas desde o primeiro minuto de vida, e os adultos que as cercam est\u00e3o ocupados demais consigo mesmos e com sua juventude para ter a disponibilidade de construir autoridade sobre as crian\u00e7as. [&#8230;] Com a expectativa de vida em torno dos 75 anos, por que n\u00e3o deixamos nossas crian\u00e7as em paz para que possam viver sua inf\u00e2ncia? Afinal, depois de crescidas, elas ter\u00e3o muito tempo para fazer o que \u00e9 caracter\u00edstico do mundo adulto. Adiantar por qu\u00ea?\u201d<br \/>\nRosely Say\u00e3o &#8211; Folha de S.Paulo, 23\/10\/2012<\/p>\n<p>\u201cFala-se da interna\u00e7\u00e3o compuls\u00f3ria, mas onde seria esta interna\u00e7\u00e3o, mesmo que n\u00e3o fosse compuls\u00f3ria? Quais equipes iriam cuidar destes pacientes? Abrigar n\u00e3o \u00e9 tratar! N\u00e3o h\u00e1 quase locais para interna\u00e7\u00e3o de adolescentes no Rio, nem equipes capacitadas para acolh\u00ea-los e efetivamente trat\u00e1-los. Se houvesse, poderia transformar a interna\u00e7\u00e3o compuls\u00f3ria no direito de tratamento que a Constitui\u00e7\u00e3o garante: &#8220;sa\u00fade \u00e9 um direito de todos e um dever do Estado&#8221;. Tal mudan\u00e7a de enfoque \u00e9 fundamental e faz toda a diferen\u00e7a. O tratamento para dependentes de droga requer uma equipe interdisciplinar de sa\u00fade capacitada para as especificidades desse atendimento.\u201d<br \/>\nIvone Stefania Ponczek &#8211; Folha de S.Paulo, 23\/10\/2012<\/p>\n<p>\u201cTodas as emo\u00e7\u00f5es &#8211; da paix\u00e3o partid\u00e1ria ao esp\u00edrito torcedor, passando pelo amor, a saudade, o ci\u00fame, o \u00f3dio etc. -, aos meus olhos, s\u00e3o quase sempre excessivas: transportes descontrolados ou atua\u00e7\u00f5es caricatas. Longe de serem rea\u00e7\u00f5es adequadas a circunst\u00e2ncias externas, elas me parecem ser teatralizadas (se n\u00e3o produzidas) por n\u00f3s mesmos. [&#8230;] As m\u00e1scaras que pesam e nos sufocam talvez sejam as que vestimos para expressar e teatralizar emo\u00e7\u00f5es excessivas e obrigat\u00f3rias, que todos esperam de n\u00f3s.\u201d<br \/>\nContardo Calligaris &#8211; Folha de S.Paulo, 25\/10\/2012<\/p>\n<p>\u201cO otimista tende a interpretar a realidade ruim como algo passageiro. O vi\u00e9s otimista est\u00e1 relacionado a outros vieses comuns: a \u2018ilus\u00e3o de superioridade\u2019 e o \u2018efeito melhor que a m\u00e9dia\u2019, em que acreditamos ser melhores do que realmente somos e melhores e do que as outras pessoas. Se voc\u00ea se acha especial, o pr\u00f3ximo passo l\u00f3gico \u00e9 acreditar que tudo vai dar certo, que seu futuro ser\u00e1 melhor que o dos outros. [&#8230;] Quando voc\u00ea espera o melhor de si mesmo, tamb\u00e9m aprende mais com os erros, porque eles s\u00e3o interpretados com surpresa pelo c\u00e9rebro. [&#8230;] N\u00e3o acho que ter expectativas realistas seja s\u00e1bio. Ser otimista torna sua vida melhor.\u201d<br \/>\nTali Sharot, neurocientista israelense \u2013 Revista Lola, outubro de 2012<\/p>\n<p>\u201cExiste uma paranoia em ser belo, perfeito, bem-sucedido e feliz a todo custo. E essa \u00e9 uma busca muito dolorosa. Vivemos uma era louca das cirurgias pl\u00e1sticas. Soube at\u00e9 que existe uma em que \u00e9 poss\u00edvel colocar barriga de tanquinho de silicone! E a\u00ed o camarada engorda e vira uma tartaruga ninja. Bizarro, n\u00e3o?\u201d<br \/>\nSelton Mello \u2013 Revista Lola, outubro de 2012<\/p>\n","protected":false},"excerpt":{"rendered":"<p>\u201cAfinal, o que todos queremos da vida &#8211; al\u00e9m do b\u00e1sico, claro? mais que tudo, o que todos queremos, do ber\u00e7\u00e1rio at\u00e9 a mais provecta idade, \u00e9 o bem mais precioso: um pouco de aten\u00e7\u00e3o. [&#8230;] Qualquer coisa na vida, qualquer, \u00e9 melhor do que a indiferen\u00e7a. Se ningu\u00e9m te d\u00e1 aten\u00e7\u00e3o voc\u00ea n\u00e3o existe [&hellip;]<\/p>\n","protected":false},"author":14,"featured_media":0,"comment_status":"open","ping_status":"open","sticky":false,"template":"","format":"standard","meta":{"ngg_post_thumbnail":0,"footnotes":""},"categories":[4778],"tags":[15,8400,7642],"class_list":["post-656","post","type-post","status-publish","format-standard","hentry","category-contando-os-dias","tag-criancas","tag-saude","tag-sociedade","count-0","even alt","author-taismachado","last"],"_links":{"self":[{"href":"https:\/\/ultimato.com.br\/sites\/taismachado\/wp-json\/wp\/v2\/posts\/656","targetHints":{"allow":["GET"]}}],"collection":[{"href":"https:\/\/ultimato.com.br\/sites\/taismachado\/wp-json\/wp\/v2\/posts"}],"about":[{"href":"https:\/\/ultimato.com.br\/sites\/taismachado\/wp-json\/wp\/v2\/types\/post"}],"author":[{"embeddable":true,"href":"https:\/\/ultimato.com.br\/sites\/taismachado\/wp-json\/wp\/v2\/users\/14"}],"replies":[{"embeddable":true,"href":"https:\/\/ultimato.com.br\/sites\/taismachado\/wp-json\/wp\/v2\/comments?post=656"}],"version-history":[{"count":1,"href":"https:\/\/ultimato.com.br\/sites\/taismachado\/wp-json\/wp\/v2\/posts\/656\/revisions"}],"predecessor-version":[{"id":657,"href":"https:\/\/ultimato.com.br\/sites\/taismachado\/wp-json\/wp\/v2\/posts\/656\/revisions\/657"}],"wp:attachment":[{"href":"https:\/\/ultimato.com.br\/sites\/taismachado\/wp-json\/wp\/v2\/media?parent=656"}],"wp:term":[{"taxonomy":"category","embeddable":true,"href":"https:\/\/ultimato.com.br\/sites\/taismachado\/wp-json\/wp\/v2\/categories?post=656"},{"taxonomy":"post_tag","embeddable":true,"href":"https:\/\/ultimato.com.br\/sites\/taismachado\/wp-json\/wp\/v2\/tags?post=656"}],"curies":[{"name":"wp","href":"https:\/\/api.w.org\/{rel}","templated":true}]}}