{"id":648,"date":"2012-10-07T02:22:43","date_gmt":"2012-10-07T02:22:43","guid":{"rendered":"http:\/\/ultimato.com.br\/sites\/taismachado\/?p=648"},"modified":"2012-10-14T02:25:18","modified_gmt":"2012-10-14T02:25:18","slug":"40a-semana-de-2012","status":"publish","type":"post","link":"https:\/\/ultimato.com.br\/sites\/taismachado\/2012\/10\/07\/40a-semana-de-2012\/","title":{"rendered":"40\u00aa semana de 2012"},"content":{"rendered":"<p>\u201cQuem nasce e cresce num vilarejo rural acaba assumindo padr\u00f5es mentais que v\u00eam do mundo agr\u00e1rio e da presen\u00e7a iminente de um cavalo pastando na pra\u00e7a matriz. Quem vive na metr\u00f3pole, em S\u00e3o Paulo, ter\u00e1 inscritos em seu c\u00e9rebro a neurose do tr\u00e2nsito, o medo de assalto, a press\u00e3o alta e a falta de ar. A cidade dita a personalidade de seus habitantes mais ou menos como a l\u00edngua materna nos ensina a pensar. \u201csomos \u2018filhos\u2019 das cidades em que moramos. As cidades criam os humanos (embora sejam criadas por eles). [&#8230;] Num filme argentino recente, Medianeras, de Gustavo Taretto, o narrador joga na cidade a culpa por todos os males do mundo. Ele diz que \u2018as separa\u00e7\u00f5es, a viol\u00eancia familiar, a bulimia, a depress\u00e3o, os suic\u00eddios, os ataques de p\u00e2nico, a obesidade, a hipocondria, o estresse e o sedentarismo s\u00e3o responsabilidades dos arquitetos e empres\u00e1rios da constru\u00e7\u00e3o.\u2019.\u201d<br \/>\nEug\u00eanio Bucci \u2013 Carta Capital, 01\/10\/2012<\/p>\n<p>\u201cO que \u00e9 uma cidade? N\u00e3o existe defini\u00e7\u00e3o ideal. A cidade sou eu, \u00e9 voc\u00ea. Se \u00e9 o lugar onde se dorme, acorda, trabalha, caminha e trafega, onde se ama, briga e morre, a cidade \u00e9 bem mais que um amontoado de concreto e verde \u2013 \u00e9 uma experi\u00eancia de bem-estar ou mal-estar. Alguns se tornam ref\u00e9ns de sua cidade, sequestrados por circunst\u00e2ncias profissionais, financeiras e familiares. Alguns vivem onde desejam. \u00c9 a\u00ed que os defeitos da cidade incomodam como trai\u00e7\u00f5es de mulher amada. S\u00f3 n\u00f3s podemos criticar \u2013 forasteiros n\u00e3o.\u201d<br \/>\nRuth de Aquino \u2013 Revista \u00c9poca, 01\/10\/2012<\/p>\n<p>\u201cSomos muito cegos com os olhos abertos. Vivemos bombardeados de est\u00edmulos. Quando fechamos os olhos, a princ\u00edpio, j\u00e1 ouvimos mais. Se conseguimos permanecer assim por um tempo, ent\u00e3o, vamos entrando no t\u00fanel de n\u00f3s mesmos. No poder do escuro, do nada.\u201d<br \/>\nDenise Fraga &#8211; Folha de S.Paulo, 03\/10\/2012<\/p>\n<p>\u201c\u00c9 comum ouvirmos reclama\u00e7\u00f5es sobre a falta de \u00e9tica dos homens p\u00fablicos ou da sociedade em geral. Talvez pud\u00e9ssemos manifestar essa mesma indigna\u00e7\u00e3o falando da feiura que, infelizmente, muitas vezes encontramos: rostos que poderiam expressar humanidade, mas s\u00e3o artificiais, n\u00e3o em raz\u00e3o das pl\u00e1sticas, mas pela falta de sinceridade de vida. [&#8230;] Seja na esfera privada ou p\u00fablica, sempre estamos analisando comportamentos humanos, complexos, irredut\u00edveis ao seu aspecto quantitativo. E \u00e9 preciso saber ver.\u201d<br \/>\nNicolau da Rocha Cavalcanti \u2013 O Estado de S.Paulo, 03\/10\/2012<\/p>\n<p>\u201cPrecisamos abandonar a no\u00e7\u00e3o de que democracia funciona porque cidad\u00e3os se debru\u00e7am sobre os problemas e, ap\u00f3s cuidadosa an\u00e1lise, escolhem as melhores propostas. Esse modelo existiu apenas na cabe\u00e7a de alguns fil\u00f3sofos do s\u00e9culo 18 e do TSE. Democracias d\u00e3o certo principalmente porque canalizam para formas menos violentas os conflitos existentes em qualquer sociedade.\u201d<br \/>\nH\u00e9lio Schwartsman &#8211; Folha de S.Paulo, 03\/10\/2012<\/p>\n<p>\u201cAfortunadamente, hoje temos um monte de pessoas que t\u00eam acesso cada vez maior \u00e0 educa\u00e7\u00e3o. Mas ser executivo de uma companhia exige qualidades que v\u00e3o al\u00e9m das t\u00e9cnicas, como a confian\u00e7a de que as pessoas realmente queiram trabalhar com voc\u00ea, que seja capaz de transmitir motiva\u00e7\u00e3o para as pessoas, de sonhar e motivar os colegas para acompanh\u00e1-lo. Tamb\u00e9m ter valores como integridade, honestidade, transpar\u00eancia, entre outros s\u00e3o fundamentais para ser um l\u00edder e, no futuro, possa ser um executivo.\u201d<br \/>\nTeodoro L\u00f3pez \u2013 O Estado de S.Paulo, 05\/10\/2012<\/p>\n","protected":false},"excerpt":{"rendered":"<p>\u201cQuem nasce e cresce num vilarejo rural acaba assumindo padr\u00f5es mentais que v\u00eam do mundo agr\u00e1rio e da presen\u00e7a iminente de um cavalo pastando na pra\u00e7a matriz. Quem vive na metr\u00f3pole, em S\u00e3o Paulo, ter\u00e1 inscritos em seu c\u00e9rebro a neurose do tr\u00e2nsito, o medo de assalto, a press\u00e3o alta e a falta de ar. [&hellip;]<\/p>\n","protected":false},"author":14,"featured_media":0,"comment_status":"open","ping_status":"open","sticky":false,"template":"","format":"standard","meta":{"ngg_post_thumbnail":0,"footnotes":""},"categories":[4778],"tags":[15590,7642],"class_list":["post-648","post","type-post","status-publish","format-standard","hentry","category-contando-os-dias","tag-cidades","tag-sociedade","count-0","even alt","author-taismachado","last"],"_links":{"self":[{"href":"https:\/\/ultimato.com.br\/sites\/taismachado\/wp-json\/wp\/v2\/posts\/648","targetHints":{"allow":["GET"]}}],"collection":[{"href":"https:\/\/ultimato.com.br\/sites\/taismachado\/wp-json\/wp\/v2\/posts"}],"about":[{"href":"https:\/\/ultimato.com.br\/sites\/taismachado\/wp-json\/wp\/v2\/types\/post"}],"author":[{"embeddable":true,"href":"https:\/\/ultimato.com.br\/sites\/taismachado\/wp-json\/wp\/v2\/users\/14"}],"replies":[{"embeddable":true,"href":"https:\/\/ultimato.com.br\/sites\/taismachado\/wp-json\/wp\/v2\/comments?post=648"}],"version-history":[{"count":1,"href":"https:\/\/ultimato.com.br\/sites\/taismachado\/wp-json\/wp\/v2\/posts\/648\/revisions"}],"predecessor-version":[{"id":649,"href":"https:\/\/ultimato.com.br\/sites\/taismachado\/wp-json\/wp\/v2\/posts\/648\/revisions\/649"}],"wp:attachment":[{"href":"https:\/\/ultimato.com.br\/sites\/taismachado\/wp-json\/wp\/v2\/media?parent=648"}],"wp:term":[{"taxonomy":"category","embeddable":true,"href":"https:\/\/ultimato.com.br\/sites\/taismachado\/wp-json\/wp\/v2\/categories?post=648"},{"taxonomy":"post_tag","embeddable":true,"href":"https:\/\/ultimato.com.br\/sites\/taismachado\/wp-json\/wp\/v2\/tags?post=648"}],"curies":[{"name":"wp","href":"https:\/\/api.w.org\/{rel}","templated":true}]}}