{"id":646,"date":"2012-09-30T19:46:45","date_gmt":"2012-09-30T19:46:45","guid":{"rendered":"http:\/\/ultimato.com.br\/sites\/taismachado\/?p=646"},"modified":"2012-10-13T19:49:15","modified_gmt":"2012-10-13T19:49:15","slug":"39a-semana-de-2012","status":"publish","type":"post","link":"https:\/\/ultimato.com.br\/sites\/taismachado\/2012\/09\/30\/39a-semana-de-2012\/","title":{"rendered":"39\u00aa semana de 2012"},"content":{"rendered":"<p>\u201cMeu ponto de vista \u00e9 que n\u00e3o existe \u2018n\u00f3s e eles\u2019. A diferen\u00e7a entre \u2018n\u00f3s e eles\u2019 \u00e9 acidental, uma quest\u00e3o geogr\u00e1fica. Ent\u00e3o, n\u00e3o importa se somos radicais mu\u00e7ulmanos ou extremistas crist\u00e3os malucos de direita de algum lugar do Meio-Oeste americano, isso depende totalmente de onde nascemos e do que nossos pais nos ensinaram. Isso se partimos do princ\u00edpio de que h\u00e1 um grande plano, coisa que n\u00e3o acredito. Se existe um plano, do meu ponto de vista, se Deus tiver planejado tudo e feito tudo isso, ele n\u00e3o criaria extremistas mul\u00e7umanos na Ar\u00e1bia Saudita e extremistas crist\u00e3os no Kansas. Isso n\u00e3o seria evid\u00eancia de seu trabalho. \u00c9 a diferen\u00e7a entre todas essas posi\u00e7\u00f5es extremas que me leva a crer que n\u00e3o h\u00e1 uma m\u00e3o que nos guie.\u201d<br \/>\nRoger Waters, 68, baixista ingl\u00eas, ex-integrante do Pink Floyd \u2013 Revista Billboard \u2013 setembro de 2012<\/p>\n<p>\u201c\u00c9 fundamental saber lidar com um aluno que diz n\u00e3o entendi\u2019. N\u00e3o adianta repetir a explica\u00e7\u00e3o. Ele precisa de outros recursos ou acessar a informa\u00e7\u00e3o de um jeito diferente.\u201d<br \/>\nMaria Auxiliadora Megid \u2013 Revista Nova Escola \u2013 setembro de 2012<\/p>\n<p>\u201c\u00c9 uma gera\u00e7\u00e3o mais introspectiva, de relacionamentos virtuais. Apesar disso, \u00e0 medida que vai ficando mais velho, o adolescente tende a se tornar mais materialista. Garotos e garotas de 17 anos s\u00e3o mais consumistas que seus pares de 14 anos.\u201d<br \/>\n\u00c9poca Neg\u00f3cios \u2013 setembro de 2012<\/p>\n<p>\u201cO ator George Clooney, afirmou preferir um exame de pr\u00f3stata em p\u00fablico a ter um perfil no Facebook. N\u00e3o vou a esse extremo&#8230; mas est\u00e1 claro que a vulgariza\u00e7\u00e3o do uso das redes sociais afugente cada vez mais gente. A falta de regras de privacidade \u00e9 outro temor real. O Facebook coleta nome de usu\u00e1rio, senha, contatos e localiza\u00e7\u00e3o. Cada vez que voc\u00ea visita uma p\u00e1gina na web com o bot\u00e3o \u2018curtir\u2019, a rede social \u00e9 avisada. Qualquer um acessa seus dados a partir de visitas a seu perfil por pessoas de sua rede de contatos.\u201d<br \/>\nRuth de Aquino \u2013 Revista \u00c9poca \u2013 24\/09\/2012<\/p>\n<p>\u201cA moralidade \u00e9 uma virtude disputada. Mesmo aqueles que dela conhecem apenas o nome gostam de falar sobre virtudes morais como se fossem \u00edntimos de longa data.\u201d<br \/>\nVladimir Safatle &#8211; Folha de S.Paulo, 25\/09\/2012<\/p>\n<p>\u201cO que \u00e9 sagrado para mim n\u00e3o \u00e9 tal ou tal outra opini\u00e3o &#8211;ainda menos a minha. O que \u00e9 sagrado \u00e9 o pr\u00f3prio direito de expressar uma opini\u00e3o e de viver segundo ela manda.\u201d<br \/>\nContardo Calligaris &#8211; Folha de S.Paulo, 27\/09\/2012<\/p>\n<p>\u201cAtribui-se a um famoso pol\u00edtico brasileiro a frase \u2018A pol\u00edtica \u00e9 a arte de fazer com que aquelas coisas que j\u00e1 iam mesmo acontecer aconte\u00e7am, porque n\u00f3s fizemos acontecer.\u2019 Al\u00e9m de ir\u00f4nica, essa m\u00e1xima revela a ideia de pol\u00edtica como fingimento. A pol\u00edtica real \u00e9 aquela que faz acontecer o que dificilmente aconteceria sem a nossa vontade e a\u00e7\u00e3o. Naquela ideia, pol\u00edtica \u00e9 oportunismo que se apropria da a\u00e7\u00e3o de outrem. Nesta outra, \u00e9 resultado da a\u00e7\u00e3o de diferentes sujeitos que, para o bem ou para o mal, escolhem fazer algo al\u00e9m do j\u00e1 feito.\u201d<br \/>\nMarina Silva &#8211; Folha de S.Paulo, 28\/09\/2012<\/p>\n<p>\u201cO escritor \u00e9 um saqueador de hist\u00f3rias. Mas, ao contr\u00e1rio do paparazzo ou do colunista de fofocas de celebridades, n\u00e3o tem como objetivo prec\u00edpuo a exposi\u00e7\u00e3o da privacidade alheia, n\u00e3o faz da indiscri\u00e7\u00e3o maldosa sua meta. Na banalidade ou estranheza das hist\u00f3rias que recolhe, ele consegue divisar um fil\u00e3o secreto &#8211; o veio sagrado da vida, do sinuoso movimento do tempo, das for\u00e7as maiores que se abatem sobre a fragilidade do homem, e a partir da\u00ed cria uma pe\u00e7a que d\u00e1 testemunho do inef\u00e1vel acontecimento da exist\u00eancia.\u201d<br \/>\nS\u00e9rgio Telles \u2013 O Estado de S.Paulo, 29\/09\/2012<\/p>\n<p>\u201cO Brasil est\u00e1 envelhecendo rapidamente segundo os \u00faltimos dados coletados pelo Instituto Brasileiro de Geografia e Estat\u00edstica (IBGE). A expectativa de vida do brasileiro cresceu 25,4 anos, de 1960 a 210, indo de uma m\u00e9dia de 48 anos para 73,4 anos de idade. Na ocasi\u00e3o da pesquisa (2010), o pa\u00eds possu\u00eda cerca de 19,4 milh\u00f5es de pessoas com mais de 60 anos. N\u00famero maior do que as crian\u00e7as at\u00e9 seis anos: um efeito da redu\u00e7\u00e3o da natalidade e o aumento da longevidade. Este n\u00famero se torna mais impressionante se levarmos em conta que, nos pr\u00f3ximos 20 anos, espera-se que haja duas vezes mais idosos do que registrado em 2010. Os estudos de progress\u00e3o apontam para essa poss\u00edvel realidade em 2050: quando  30% da popula\u00e7\u00e3o brasileira ter\u00e1 mais de 60 anos. Essa afirma\u00e7\u00e3o \u00e9 de uma pesquisa realizada pelo IBGE, apenas avaliando uma taxa de aritm\u00e9tica \u2013 ela n\u00e3o leva em conta os avan\u00e7os da medicina e a possibilidade de melhoria das condi\u00e7\u00f5es de vida das classes m\u00e9dia e baixa, fatores bem conhecido de influ\u00eancia nesses \u00edndices. Dos estados brasileiros, o que apresenta maior \u00edndice de longevidade \u00e9 o Rio de Janeiro. No Rio, a propor\u00e7\u00e3o de idosos com 60 anos ou mais (14,9%) \u00e9 pr\u00f3ximo \u00e0 de menores de 14 anos. Tamb\u00e9m possui a menor taxa de fecundidade do pa\u00eds 1,54% e, na regi\u00e3o metropolitana do Rio cai para 0,9%, \u00edndice menor que o do Jap\u00e3o (1%), pa\u00eds cuja popula\u00e7\u00e3o vem diminuindo h\u00e1 muitos anos.\u201d<br \/>\nJo\u00e3o Oliveira \u2013 Revista Psique &#8211; setembro de 2012<\/p>\n","protected":false},"excerpt":{"rendered":"<p>\u201cMeu ponto de vista \u00e9 que n\u00e3o existe \u2018n\u00f3s e eles\u2019. A diferen\u00e7a entre \u2018n\u00f3s e eles\u2019 \u00e9 acidental, uma quest\u00e3o geogr\u00e1fica. Ent\u00e3o, n\u00e3o importa se somos radicais mu\u00e7ulmanos ou extremistas crist\u00e3os malucos de direita de algum lugar do Meio-Oeste americano, isso depende totalmente de onde nascemos e do que nossos pais nos ensinaram. Isso [&hellip;]<\/p>\n","protected":false},"author":14,"featured_media":0,"comment_status":"open","ping_status":"open","sticky":false,"template":"","format":"standard","meta":{"ngg_post_thumbnail":0,"footnotes":""},"categories":[4778],"tags":[131,13732,7642,8442],"class_list":["post-646","post","type-post","status-publish","format-standard","hentry","category-contando-os-dias","tag-educacao","tag-envelhecer","tag-sociedade","tag-vida-digital","count-0","even alt","author-taismachado","last"],"_links":{"self":[{"href":"https:\/\/ultimato.com.br\/sites\/taismachado\/wp-json\/wp\/v2\/posts\/646","targetHints":{"allow":["GET"]}}],"collection":[{"href":"https:\/\/ultimato.com.br\/sites\/taismachado\/wp-json\/wp\/v2\/posts"}],"about":[{"href":"https:\/\/ultimato.com.br\/sites\/taismachado\/wp-json\/wp\/v2\/types\/post"}],"author":[{"embeddable":true,"href":"https:\/\/ultimato.com.br\/sites\/taismachado\/wp-json\/wp\/v2\/users\/14"}],"replies":[{"embeddable":true,"href":"https:\/\/ultimato.com.br\/sites\/taismachado\/wp-json\/wp\/v2\/comments?post=646"}],"version-history":[{"count":1,"href":"https:\/\/ultimato.com.br\/sites\/taismachado\/wp-json\/wp\/v2\/posts\/646\/revisions"}],"predecessor-version":[{"id":647,"href":"https:\/\/ultimato.com.br\/sites\/taismachado\/wp-json\/wp\/v2\/posts\/646\/revisions\/647"}],"wp:attachment":[{"href":"https:\/\/ultimato.com.br\/sites\/taismachado\/wp-json\/wp\/v2\/media?parent=646"}],"wp:term":[{"taxonomy":"category","embeddable":true,"href":"https:\/\/ultimato.com.br\/sites\/taismachado\/wp-json\/wp\/v2\/categories?post=646"},{"taxonomy":"post_tag","embeddable":true,"href":"https:\/\/ultimato.com.br\/sites\/taismachado\/wp-json\/wp\/v2\/tags?post=646"}],"curies":[{"name":"wp","href":"https:\/\/api.w.org\/{rel}","templated":true}]}}