{"id":641,"date":"2012-09-15T13:49:55","date_gmt":"2012-09-15T13:49:55","guid":{"rendered":"http:\/\/ultimato.com.br\/sites\/taismachado\/?p=641"},"modified":"2012-10-01T13:52:10","modified_gmt":"2012-10-01T13:52:10","slug":"37a-semana-de-2012","status":"publish","type":"post","link":"https:\/\/ultimato.com.br\/sites\/taismachado\/2012\/09\/15\/37a-semana-de-2012\/","title":{"rendered":"37\u00aa semana de 2012"},"content":{"rendered":"<p>\u201cCerca de 3 milh\u00f5es de brit\u00e2nicos com idade ente 20 e 34 anos moravam com os pais no ano passado. Segundo o \u00f3rg\u00e3o nacional de estat\u00edstica brit\u00e2nico, o n\u00famero \u00e9 20% maior que o registrado em 1997. Um dos motivos por tr\u00e1s dessa \u2018adultolesc\u00eancia\u2019 \u00e9 a crise econ\u00f4mica europeia, que for\u00e7ou o retorno de filhos j\u00e1 adultos \u00e0 conviv\u00eancia com a fam\u00edlia. No Brasil, o \u00faltimo censo do IBGE mostrou que h\u00e1 1,7 milh\u00e3o de brasileiros, entre 25 e 34 anos, vivendo na casa dos pais. Mas daqui os motivos s\u00e3o mais culturais do que econ\u00f4micos.\u201d<br \/>\nRevista Voc\u00eaSA \u2013 setembro de 2012<\/p>\n<p>\u201cO passado deve nos servir contraponto, de li\u00e7\u00e3o, de vis\u00e3o cr\u00edtica, mas n\u00e3o de ressentimento. Aprendi com os erros e, principalmente, com os acertos de todas as administra\u00e7\u00f5es que me antecederam. Mas governo com os olhos no futuro.\u201d<br \/>\nDilma Rousseff \u2013 Revista \u00c9poca \u2013 10\/09\/2012<\/p>\n<p>\u201cA islamofobia assume que os mu\u00e7ulmanos s\u00e3o t\u00e3o violentos e irracionais que, se voc\u00ea apenas questionar sua religi\u00e3o, eles vir\u00e3o mata-lo. N\u00e3o acredito nisso. Essa imagem n\u00e3o corresponde a nenhum mu\u00e7ulmano que conhe\u00e7o.\u201d<br \/>\nTom Holland \u2013 Revista \u00c9poca \u2013 10\/09\/2012<\/p>\n<p>\u201cA agilidade estrat\u00e9gica que impera no mundo empresarial necessita de l\u00edderes que auxiliem a descortinar o novo, que assumam riscos, que tenham atitudes decis\u00f3rias, que orquestrem sua equipe com harmonia e realiza\u00e7\u00f5es, mas, para tanto, estas mesmas empresas precisam ter uma pol\u00edtica que incentive este grau de comprometimento organizacional.\u201d<br \/>\nRuth Duarte \u2013 O Estado de S.Paulo, 10\/09\/2012<\/p>\n<p>\u201cNa Coreia do Sul, o excesso de mulheres na carreira diplom\u00e1tica obrigou o governo a instituir as fat\u00eddicas cotas para homens. [&#8230;] A nova economia emergente, baseada cada vez mais em qualidades como \u2018comunica\u00e7\u00e3o\u2019 e \u2018adapta\u00e7\u00e3o\u2019, est\u00e1 pronta para o triunfo da sensibilidade feminina.\u201d<br \/>\nJo\u00e3o Pereira Coutinho &#8211; Folha de S.Paulo, 11\/09\/2012<\/p>\n<p>\u201cO que vamos comer, por exemplo? Agora j\u00e1 n\u00e3o vale mais o nosso gosto, apenas. Precisamos tamb\u00e9m considerar determinadas normas ditadas pelas ci\u00eancias que, por sinal, podem mudar constantemente. Lembra-se do ovo? J\u00e1 foi demonizado, agora n\u00e3o \u00e9 mais. \u00c9 que a alimenta\u00e7\u00e3o se transformou em uma quest\u00e3o de sa\u00fade, e n\u00e3o mais uma quest\u00e3o social, familiar, de prazer etc. [&#8230;] \u00c0s vezes, d\u00e1 a impress\u00e3o de que entregamos com gosto algumas decis\u00f5es para outrem, seja para o Estado ou para ditames atuais das ci\u00eancias e das tecnologias. No m\u00ednimo, n\u00f3s precisamos ter consci\u00eancia de que isso est\u00e1 ocorrendo. E as gera\u00e7\u00f5es mais novas poderiam aprender a fazer uma an\u00e1lise cr\u00edtica a esse respeito.\u201d<br \/>\nRosely Say\u00e3o &#8211; Folha de S.Paulo, 11\/09\/2012<\/p>\n<p>\u201c \u2018A forma como assediamos a vida uns dos outros hoje tem tudo a ver com o processo de celebriza\u00e7\u00e3o da sociedade. H\u00e1 um impulso de consumir a vida do outro, de us\u00e1-la como entretenimento, semelhante a um filme\u2019, explica Eug\u00eanio Trivinho, professor do programa de p\u00f3s-gradua\u00e7\u00e3o em comunica\u00e7\u00e3o e semi\u00f3tica da PUC-SP.\u201d<br \/>\nJuliana Cunha &#8211; Folha de S.Paulo, 11\/09\/2012<\/p>\n<p>\u201cA epidemiologia da cola sugere que n\u00e3o. Um trabalho de 2005 de Donald McCabe mostrou que 70% dos alunos do ensino m\u00e9dio de escolas p\u00fablicas dos EUA admitiam ter colado em testes. Entre estudantes de institui\u00e7\u00f5es privadas, o \u00edndice ca\u00eda para 50%. No Brasil, pesquisa Datafolha de 2009 revelou que 31% da popula\u00e7\u00e3o reconhecia j\u00e1 ter colado. O fen\u00f4meno transcende a escola. Uma empresa de recursos humanos de Wisconsin divulga anualmente, desde 1995, seu \u00cdndice do Mentiroso, isto \u00e9, a propor\u00e7\u00e3o de CVs fraudulentos que recebe. Em 2011, a taxa foi de 27,3%, o recorde hist\u00f3rico.\u201d<br \/>\nH\u00e9lio Schwartsman &#8211; Folha de S.Paulo, 11\/09\/2012<\/p>\n<p>\u201cCriamos padr\u00f5es e os repetimos, nos acostumamos a eles. E n\u00e3o s\u00f3 n\u00f3s, tamb\u00e9m aqueles com quem convivemos. As pessoas entendem como funcionamos e passam a lidar conosco considerando nossos padr\u00f5es. [&#8230;] Cerca de metade do que fazemos no dia a dia deriva de nossos h\u00e1bitos e n\u00e3o de inten\u00e7\u00f5es deliberadas.\u201d<br \/>\nEugenio Mussak \u2013 Revista Vida Simples \u2013 setembro de 2012<\/p>\n<p>\u201cMisturar Deus (qualquer Deus) ou seus profetas com pol\u00edtica \u00e9 receita certa para horror.\u201d<br \/>\nCl\u00f3vis Rossi &#8211; Folha de S.Paulo, 13\/09\/2012<\/p>\n","protected":false},"excerpt":{"rendered":"<p>\u201cCerca de 3 milh\u00f5es de brit\u00e2nicos com idade ente 20 e 34 anos moravam com os pais no ano passado. Segundo o \u00f3rg\u00e3o nacional de estat\u00edstica brit\u00e2nico, o n\u00famero \u00e9 20% maior que o registrado em 1997. Um dos motivos por tr\u00e1s dessa \u2018adultolesc\u00eancia\u2019 \u00e9 a crise econ\u00f4mica europeia, que for\u00e7ou o retorno de filhos [&hellip;]<\/p>\n","protected":false},"author":14,"featured_media":0,"comment_status":"open","ping_status":"open","sticky":false,"template":"","format":"standard","meta":{"ngg_post_thumbnail":0,"footnotes":""},"categories":[4778],"tags":[5536,157,8420,5780],"class_list":["post-641","post","type-post","status-publish","format-standard","hentry","category-contando-os-dias","tag-fe","tag-juventude","tag-lideranca","tag-mulheres","count-0","even alt","author-taismachado","last"],"_links":{"self":[{"href":"https:\/\/ultimato.com.br\/sites\/taismachado\/wp-json\/wp\/v2\/posts\/641","targetHints":{"allow":["GET"]}}],"collection":[{"href":"https:\/\/ultimato.com.br\/sites\/taismachado\/wp-json\/wp\/v2\/posts"}],"about":[{"href":"https:\/\/ultimato.com.br\/sites\/taismachado\/wp-json\/wp\/v2\/types\/post"}],"author":[{"embeddable":true,"href":"https:\/\/ultimato.com.br\/sites\/taismachado\/wp-json\/wp\/v2\/users\/14"}],"replies":[{"embeddable":true,"href":"https:\/\/ultimato.com.br\/sites\/taismachado\/wp-json\/wp\/v2\/comments?post=641"}],"version-history":[{"count":1,"href":"https:\/\/ultimato.com.br\/sites\/taismachado\/wp-json\/wp\/v2\/posts\/641\/revisions"}],"predecessor-version":[{"id":642,"href":"https:\/\/ultimato.com.br\/sites\/taismachado\/wp-json\/wp\/v2\/posts\/641\/revisions\/642"}],"wp:attachment":[{"href":"https:\/\/ultimato.com.br\/sites\/taismachado\/wp-json\/wp\/v2\/media?parent=641"}],"wp:term":[{"taxonomy":"category","embeddable":true,"href":"https:\/\/ultimato.com.br\/sites\/taismachado\/wp-json\/wp\/v2\/categories?post=641"},{"taxonomy":"post_tag","embeddable":true,"href":"https:\/\/ultimato.com.br\/sites\/taismachado\/wp-json\/wp\/v2\/tags?post=641"}],"curies":[{"name":"wp","href":"https:\/\/api.w.org\/{rel}","templated":true}]}}