{"id":632,"date":"2012-08-18T13:34:13","date_gmt":"2012-08-18T13:34:13","guid":{"rendered":"http:\/\/ultimato.com.br\/sites\/taismachado\/?p=632"},"modified":"2012-09-19T13:37:04","modified_gmt":"2012-09-19T13:37:04","slug":"33a-semana-de-2012","status":"publish","type":"post","link":"https:\/\/ultimato.com.br\/sites\/taismachado\/2012\/08\/18\/33a-semana-de-2012\/","title":{"rendered":"33\u00aa semana de 2012"},"content":{"rendered":"<p>\u201cHoje em dia, a express\u00e3o \u2018toler\u00e2ncia\u2019 \u00e9 comumente utilizada por fan\u00e1ticos que querem afirmar que tudo que vem do &#8220;outro&#8221; \u00e9 lindo e maravilhoso.\u201d<br \/>\nLuiz Felipe Pond\u00e9 &#8211; Folha de S.Paulo, 13\/08\/2012<\/p>\n<p>\u201cConsiderando a fragilidade do ensino brasileiro, ser\u00e1 mesmo que descobrir atletas deve ser uma prioridade das nossas escolas? [&#8230;] Os benef\u00edcios f\u00edsicos e psicol\u00f3gicos obtidos com a pr\u00e1tica esportiva s\u00e3o ineg\u00e1veis. A quest\u00e3o \u00e9 de foco. O objetivo \u00e9 estimular h\u00e1bitos saud\u00e1veis nas escolas &#8211;para os quais bastam uma bola, uma quadra e um bom professor de educa\u00e7\u00e3o f\u00edsica&#8211; ou vamos gastar milh\u00f5es em diversos equipamentos esportivos para formar campe\u00f5es em dezenas de modalidades? Antes de pensar em mudar de patamar ol\u00edmpico, o Brasil precisa elevar o seu padr\u00e3o de ensino.\u201d<br \/>\nRog\u00e9rio Gentile &#8211; Folha de S.Paulo, 16\/08\/2012<\/p>\n<p>\u201cA experi\u00eancia do div\u00f3rcio dos pais criou jovens interessantes. A sensa\u00e7\u00e3o de que eles n\u00e3o foram uma raz\u00e3o suficiente para que os pais ficassem juntos produziu, em alguns, uma inseguran\u00e7a doentia para a vida toda, mas, em outros, deixou um fundo de sabedoria melanc\u00f3lica que resiste bravamente \u00e0s ideias narcisistas mais estupidamente grandiosas.\u201d<br \/>\nContardo Calligaris &#8211; Folha de S.Paulo, 16\/08\/2012<\/p>\n<p>\u201cSou a favor da descriminaliza\u00e7\u00e3o do usu\u00e1rio, mas totalmente contra a libera\u00e7\u00e3o. Existem modelos muito espec\u00edficos de libera\u00e7\u00e3o da droga e nenhum deles se aplica ao Brasil, um pa\u00eds de tamanho continental e que n\u00e3o tem como dar conta, na assist\u00eancia m\u00e9dica, do n\u00famero de pacientes que pode surgir. A pergunta que eu fa\u00e7o \u00e9: se liberar, como a gente faz com as crian\u00e7as? Porque hoje n\u00e3o se consegue evitar a venda de \u00e1lcool e tabaco para as crian\u00e7as. A gente tem de discutir \u00e9 se a venda de \u00e1lcool e tabaco deve permanecer liberada no Pa\u00eds.\u201d<br \/>\nJorge Jaber \u2013 O Estado de S.Paulo, 18\/08\/2012<\/p>\n<p>\u201cIntera\u00e7\u00f5es entre pessoas de diferentes origens, como as que trabalham em \u00e1reas variadas mas relacionadas, ou as que trabalham em outros lugares, podem ser muito ben\u00e9ficas para promover a s\u00edntese e o desenvolvimento de novas ideias. Por\u00e9m, mesmo com pensamentos criativos, ainda h\u00e1 um grande obst\u00e1culo a ultrapassar: nosso medo de correr ricos. As pessoas em geral preferem rotas seguras, mas a seguran\u00e7a n\u00e3o propicia novas solu\u00e7\u00f5es radicais. Afinal, ter ideias boas \u00e9 fundamental, mas na maioria das vezes n\u00e3o basta. Abandonar uma solu\u00e7\u00e3o satisfat\u00f3ria, segura, para buscar um novo conceito pode ser o maior desafio para tirar proveito do potencial criativo.\u201d<br \/>\nEvangelia G. Chrysikou &#8211; MenteC\u00e9rebro \u2013 agosto de 2012<\/p>\n<p>\u201cExiste uma esp\u00e9cie de compl\u00f4 que faz com que as mulheres n\u00e3o se sintam felizes com os seus pr\u00f3prios corpos. O n\u00famero de revistas e livros de dietas cresceu exponencialmente desde os anos 80. Existe um mercado que vive dessa insatisfa\u00e7\u00e3o feminina. At\u00e9 m\u00e9dicos. Muitos lucram com promessas de milagre. \u00c9 preciso entender que ser magra n\u00e3o tem nenhuma liga\u00e7\u00e3o com ser saud\u00e1vel. O que mede a sa\u00fade de algu\u00e9m n\u00e3o \u00e9 o peso. Mas a taxa de a\u00e7\u00facar no sangue, a hereditariedade, uma s\u00e9rie de fatores que n\u00e3o podem ser medidos pelo peso. Muitas vezes emagrecer pode ser tudo, menos saud\u00e1vel.\u201d<br \/>\nMarle Alvarenga, diretora do Grupo Especializado em Nutri\u00e7\u00e3o e Transtornos Alimentares (Genta) \u2013 Revista TPM \u2013 agosto de 2012<\/p>\n<p>\u201cO ser humano, como ser de rela\u00e7\u00f5es sociais, necessita do outro desde seu nascimento at\u00e9 a morte. O modo como o outro, o ambiente e as quest\u00f5es socioculturais influenciam o desenvolvimento do ser tamb\u00e9m influenciam a compreens\u00e3o de si mesmo. Cada qual tem um modo \u00fanico e especial de experimentar a vida, associando novas viv\u00eancias com experi\u00eancias passadas e aspectos cognitivo-afetivos. Ao nascer, o beb\u00ea depende de cuidados maternais, sem os quais n\u00e3o viveria. Aquele(a) que cuida torna-se uma esp\u00e9cie de espelho para a crian\u00e7a, que vai desenvolvendo seu processo de individua\u00e7\u00e3o por meio da interpreta\u00e7\u00e3o do outro, compreendendo-se com um ser que faz parte do outro. Por interm\u00e9dio dessa rela\u00e7\u00e3o de cuidado, a crian\u00e7a vai construindo a si mesma, seu autoconceito, at\u00e9 apreender-se com um ser separado desse outro: \u00fanico, com desejos e necessidades. O senso de valor pr\u00f3prio e compet\u00eancia, a avalia\u00e7\u00e3o pessoal que um indiv\u00edduo faz de si constituem a autoestima. J\u00e1 a imagem interna ou a descri\u00e7\u00e3o interna que algu\u00e9m tem de si mesmo \u00e9 a autoimagem. A autoimagem \u00e9 constru\u00edda na intera\u00e7\u00e3o indiv\u00edduo e meio ambiente. Portanto, o feedback positivo ou negativo dessas intera\u00e7\u00f5es influencia a autoimagem. A autoestima possui um n\u00edvel importante de contribui\u00e7\u00e3o na atitude das pessoas em rela\u00e7\u00e3o \u00e0 autoimagem, que engloba, entre outros, o conhecimento acerca dos pap\u00e9is sociais desempenhados.\u201d<br \/>\nBeatriz Acampora \u2013 Revista Psique \u2013 agosto de 2012<\/p>\n","protected":false},"excerpt":{"rendered":"<p>\u201cHoje em dia, a express\u00e3o \u2018toler\u00e2ncia\u2019 \u00e9 comumente utilizada por fan\u00e1ticos que querem afirmar que tudo que vem do &#8220;outro&#8221; \u00e9 lindo e maravilhoso.\u201d Luiz Felipe Pond\u00e9 &#8211; Folha de S.Paulo, 13\/08\/2012 \u201cConsiderando a fragilidade do ensino brasileiro, ser\u00e1 mesmo que descobrir atletas deve ser uma prioridade das nossas escolas? [&#8230;] Os benef\u00edcios f\u00edsicos e [&hellip;]<\/p>\n","protected":false},"author":14,"featured_media":0,"comment_status":"open","ping_status":"open","sticky":false,"template":"","format":"standard","meta":{"ngg_post_thumbnail":0,"footnotes":""},"categories":[4778],"tags":[15,8469,131,8400],"class_list":["post-632","post","type-post","status-publish","format-standard","hentry","category-contando-os-dias","tag-criancas","tag-criatividade","tag-educacao","tag-saude","count-0","even alt","author-taismachado","last"],"_links":{"self":[{"href":"https:\/\/ultimato.com.br\/sites\/taismachado\/wp-json\/wp\/v2\/posts\/632","targetHints":{"allow":["GET"]}}],"collection":[{"href":"https:\/\/ultimato.com.br\/sites\/taismachado\/wp-json\/wp\/v2\/posts"}],"about":[{"href":"https:\/\/ultimato.com.br\/sites\/taismachado\/wp-json\/wp\/v2\/types\/post"}],"author":[{"embeddable":true,"href":"https:\/\/ultimato.com.br\/sites\/taismachado\/wp-json\/wp\/v2\/users\/14"}],"replies":[{"embeddable":true,"href":"https:\/\/ultimato.com.br\/sites\/taismachado\/wp-json\/wp\/v2\/comments?post=632"}],"version-history":[{"count":1,"href":"https:\/\/ultimato.com.br\/sites\/taismachado\/wp-json\/wp\/v2\/posts\/632\/revisions"}],"predecessor-version":[{"id":633,"href":"https:\/\/ultimato.com.br\/sites\/taismachado\/wp-json\/wp\/v2\/posts\/632\/revisions\/633"}],"wp:attachment":[{"href":"https:\/\/ultimato.com.br\/sites\/taismachado\/wp-json\/wp\/v2\/media?parent=632"}],"wp:term":[{"taxonomy":"category","embeddable":true,"href":"https:\/\/ultimato.com.br\/sites\/taismachado\/wp-json\/wp\/v2\/categories?post=632"},{"taxonomy":"post_tag","embeddable":true,"href":"https:\/\/ultimato.com.br\/sites\/taismachado\/wp-json\/wp\/v2\/tags?post=632"}],"curies":[{"name":"wp","href":"https:\/\/api.w.org\/{rel}","templated":true}]}}