{"id":623,"date":"2012-07-22T21:07:32","date_gmt":"2012-07-22T21:07:32","guid":{"rendered":"http:\/\/ultimato.com.br\/sites\/taismachado\/?p=623"},"modified":"2012-07-30T21:09:49","modified_gmt":"2012-07-30T21:09:49","slug":"29a-semana-de-2012","status":"publish","type":"post","link":"https:\/\/ultimato.com.br\/sites\/taismachado\/2012\/07\/22\/29a-semana-de-2012\/","title":{"rendered":"29\u00aa semana de 2012"},"content":{"rendered":"<p>\u201cEu digo aos meus gestores: voc\u00ea j\u00e1 entende qual \u00e9 o real problema do cliente? N\u00e3o \u00e9 o que ele diz ter, mal o real problema dele? [&#8230;] Tem um outro ponto: durante esse desenvolvimento, um comportamento que eu tenho \u00e9 escutar todo mundo, em todos os sentidos, e extrair o que tem de bom. Eu tenho prazer no que eu fa\u00e7o e gosto de contar. Eu fico energizado para contar, porque \u00e9 essa paix\u00e3o que faz o sucesso. O resto, \u00e9 sua capacidade de direcionar o resto da equipe.\u201d<br \/>\nAlysson Barros Paolinelli, 40, CEO da Aqces Log\u00edstica &#8211; O Estado de S.Paulo, 15\/07\/2012<\/p>\n<p>\u201cA composi\u00e7\u00e3o da for\u00e7a de trabalho mudou muito nos \u00faltimos anos. As equipes est\u00e3o cada vez mais diversas, multidisciplinares, multi\u00e9tnicas e jovens \u2013 impulsionadas pela inclus\u00e3o da gera\u00e7\u00e3o Y no mercado de trabalho. Para se manterem competitivas, empresas precisam aprender a unir culturas, l\u00ednguas, origens e profiss\u00f5es, transformar tudo num conjunto integrado e ainda abrir espa\u00e7o para a valoriza\u00e7\u00e3o do indiv\u00edduo. As organiza\u00e7\u00f5es devem manter uma comunica\u00e7\u00e3o eficiente com essa for\u00e7a de trabalho diversa e, principalmente, promover a intera\u00e7\u00e3o entre funcion\u00e1rios num ambiente colaborativo que estimula a inova\u00e7\u00e3o.\u201d<br \/>\nChristiana C. Martins &#8211; O Estado de S.Paulo, 15\/07\/2012<\/p>\n<p>\u201cSer feliz hoje \u00e9 excluir o mundo em torno. Ser feliz \u00e9 uma viv\u00eancia pelo avesso, pelo &#8220;n\u00e3o&#8221;. Ser feliz \u00e9 n\u00e3o ver, n\u00e3o pensar, \u00e9 n\u00e3o se deixar impressionar pelas desgra\u00e7as do Pa\u00eds ou dos outros.\u201d<br \/>\nArnaldo Jabor &#8211; O Estado de S.Paulo, 17\/07\/2012<\/p>\n<p>\u201cEntre os estudantes do ensino superior, 38% n\u00e3o dominam habilidades b\u00e1sicas de leitura e escrita, segundo o Indicador de Alfabetismo Funcional (Inaf), divulgado pelo Instituto Paulo Montenegro (IPM) e pela ONG A\u00e7\u00e3o Educativa. O indicador reflete o expressivo crescimento de universidades de baixa qualidade. [&#8230;] Segundo dados do IBGE e da Pesquisa Nacional por Amostra de Domic\u00edlios (Pnad), cerca de 30 milh\u00f5es de estudantes ingressaram nos ensinos m\u00e9dio e superior entre 2000 e 2009. Para a diretora do IPM, o aumento foi bom, pois possibilitou a difus\u00e3o da educa\u00e7\u00e3o em v\u00e1rios estratos da sociedade. No entanto, a qualidade do ensino caiu por conta do crescimento acelerado. &#8220;Algumas universidades s\u00f3 pegam a nata e as outras se adaptaram ao p\u00fablico menos qualificado por uma quest\u00e3o de sobreviv\u00eancia&#8221;, comenta. [&#8230;] Entre as pessoas de 50 a 64 anos, o \u00edndice de analfabetismo funcional \u00e9 ainda maior, atingindo 52%. Levando em conta os 60 milh\u00f5es de brasileiros que deixaram de completar o ensino fundamental de acordo com dados do Censo 2010, a oferta de vagas em EJA n\u00e3o chega a 5% da necessidade nacional.\u201d<br \/>\nLuis Carrasco &#8211; O Estado de S.Paulo, 17\/07\/2012<\/p>\n<p>\u201cA cada 4 pessoas ao redor do mundo, 3 possuem um celular, aponta um estudo do Banco Mundial, que ser\u00e1 divulgado hoje. O n\u00famero de aparelhos, que era de 700 milh\u00f5es em 2000, multiplicou-se por mais de 8 e chegou a 5,9 bilh\u00f5es em 2010. O aumento foi liderado pelos pa\u00edses emergentes. Em dez anos, na\u00e7\u00f5es como China e Brasil ampliaram sua participa\u00e7\u00e3o de 29% do total para 71% &#8211; cerca de 5 bilh\u00f5es.\u201d<br \/>\nFolha de S.Paulo, 17\/07\/2012<\/p>\n<p>\u201cMais do que excesso de horm\u00f4nios, a neuroci\u00eancia j\u00e1 identificou na imaturidade do c\u00f3rtex \u00f3rbito-frontal dos jovens \u2013 \u00e1rea c\u00e9rebro respons\u00e1vel por c\u00e1lculos de custo-benef\u00edcio \u2013 uma das causas do excesso de decis\u00f5es equivocadas nessa faixa et\u00e1ria. A imaturidade leva o jovem a n\u00e3o pensar nas consequ\u00eancias de longo prazo e a sobrevalorizar os ganhos de curto prazo.\u201d<br \/>\nBruno Paes Manso &#8211; O Estado de S.Paulo, 18\/07\/2012<\/p>\n<p>\u201cO \u00faltimo Censo do IBGE mostrou que 43 mil meninas menores de 14 anos vivem relacionamentos est\u00e1veis no Brasil. Como a pr\u00e1tica \u00e9 ilegal, a maioria vive em uni\u00e3o consensual, sem registro. \u00c9 o retrato de uma cultura atrasada que ainda sobrevive nos grot\u00f5es de nosso pa\u00eds. Na maioria dos casos, fruto do esquecimento secular por parte dos governantes. [&#8230;]Nos pa\u00edses pobres, mais de 30% das jovens se casam antes de completar 18 anos. Muitas meninas enfrentam press\u00f5es para terem filhos o mais rapidamente poss\u00edvel, engravidam e morrem de hemorragia. Os maridos n\u00e3o s\u00e3o fi\u00e9is e elas, com maior vulnerabilidade por causa da idade, frequentemente tamb\u00e9m sucumbem a DSTs. \u00c9 uma realidade com nuances distintas. Na \u00c1frica ocidental, a fome empurra jovens para o casamento precoce. Pais casam suas filhas mais cedo em busca de dotes para ajudar as fam\u00edlias a sobreviver. O N\u00edger tem o mais alto \u00edndice de casamento infantil no mundo, com uma em cada duas jovens se casando antes dos 15 anos -algumas delas com apenas sete anos. As noivas meninas t\u00eam seu futuro comprometido e seus direitos b\u00e1sicos de brincar e estudar violados. Se tornam meninas sem presente e mulheres sem futuro.\u201d<br \/>\nMarta Suplicy &#8211; Folha de S.Paulo, 21\/07\/2012<\/p>\n","protected":false},"excerpt":{"rendered":"<p>\u201cEu digo aos meus gestores: voc\u00ea j\u00e1 entende qual \u00e9 o real problema do cliente? N\u00e3o \u00e9 o que ele diz ter, mal o real problema dele? [&#8230;] Tem um outro ponto: durante esse desenvolvimento, um comportamento que eu tenho \u00e9 escutar todo mundo, em todos os sentidos, e extrair o que tem de bom. [&hellip;]<\/p>\n","protected":false},"author":14,"featured_media":0,"comment_status":"open","ping_status":"open","sticky":false,"template":"","format":"standard","meta":{"ngg_post_thumbnail":0,"footnotes":""},"categories":[4778],"tags":[5175,15,8389,8420,8442],"class_list":["post-623","post","type-post","status-publish","format-standard","hentry","category-contando-os-dias","tag-adolescentes","tag-criancas","tag-empresas","tag-lideranca","tag-vida-digital","count-0","even alt","author-taismachado","last"],"_links":{"self":[{"href":"https:\/\/ultimato.com.br\/sites\/taismachado\/wp-json\/wp\/v2\/posts\/623","targetHints":{"allow":["GET"]}}],"collection":[{"href":"https:\/\/ultimato.com.br\/sites\/taismachado\/wp-json\/wp\/v2\/posts"}],"about":[{"href":"https:\/\/ultimato.com.br\/sites\/taismachado\/wp-json\/wp\/v2\/types\/post"}],"author":[{"embeddable":true,"href":"https:\/\/ultimato.com.br\/sites\/taismachado\/wp-json\/wp\/v2\/users\/14"}],"replies":[{"embeddable":true,"href":"https:\/\/ultimato.com.br\/sites\/taismachado\/wp-json\/wp\/v2\/comments?post=623"}],"version-history":[{"count":1,"href":"https:\/\/ultimato.com.br\/sites\/taismachado\/wp-json\/wp\/v2\/posts\/623\/revisions"}],"predecessor-version":[{"id":624,"href":"https:\/\/ultimato.com.br\/sites\/taismachado\/wp-json\/wp\/v2\/posts\/623\/revisions\/624"}],"wp:attachment":[{"href":"https:\/\/ultimato.com.br\/sites\/taismachado\/wp-json\/wp\/v2\/media?parent=623"}],"wp:term":[{"taxonomy":"category","embeddable":true,"href":"https:\/\/ultimato.com.br\/sites\/taismachado\/wp-json\/wp\/v2\/categories?post=623"},{"taxonomy":"post_tag","embeddable":true,"href":"https:\/\/ultimato.com.br\/sites\/taismachado\/wp-json\/wp\/v2\/tags?post=623"}],"curies":[{"name":"wp","href":"https:\/\/api.w.org\/{rel}","templated":true}]}}