{"id":617,"date":"2012-06-30T22:00:08","date_gmt":"2012-06-30T22:00:08","guid":{"rendered":"http:\/\/ultimato.com.br\/sites\/taismachado\/?p=617"},"modified":"2012-07-16T22:03:08","modified_gmt":"2012-07-16T22:03:08","slug":"26a-semana-de-2012","status":"publish","type":"post","link":"https:\/\/ultimato.com.br\/sites\/taismachado\/2012\/06\/30\/26a-semana-de-2012\/","title":{"rendered":"26\u00aa semana de 2012"},"content":{"rendered":"<p>\u201cMais gente est\u00e1 se tornando mais narcisista, ou est\u00e1 se apresentando para o mundo como se s\u00f3 se importasse consigo pr\u00f3pria. Mais gente est\u00e1 ficando obcecada e compelida a checar constantemente o telefone. E h\u00e1 uma pesquisa que mostra que mais pessoas est\u00e3o ficando deprimidas quando n\u00e3o t\u00eam coisas maravilhosas para mostrar aos outros no Facebook.\u201d<br \/>\nLarry Rosen, psic\u00f3logo \u2013 Folha de S.Paulo, 25\/06\/2012<\/p>\n<p>\u201cNessa idade ningu\u00e9m vai mudar radicalmente o modo de ver as coisas, que \u00e9 uma decanta\u00e7\u00e3o de tudo que foi vivido. [&#8230;] Acredito no poder da ora\u00e7\u00e3o. Mas as institui\u00e7\u00f5es religiosas, e incluo todas as ordens, est\u00e3o preocupadas com pol\u00edtica e poder. J\u00e1 os evang\u00e9licos cresceram enormemente como utilitarismo sist\u00eamico produtivista, industrialista. Hoje j\u00e1 \u00e9 uma religi\u00e3o para l\u00e1 da religi\u00e3o.\u201d<br \/>\nGilberto Gil, 70, cantor \u2013 Folha de S.Paulo, 25\/06\/2012<\/p>\n<p>\u201cCart\u00f5es e cheques especiais s\u00e3o vias r\u00e1pidas para o superendividamento. [&#8230;] O anzol do cr\u00e9dito ter\u00e1, em sua ponta, a minhoca do acesso mais f\u00e1cil a bens e servi\u00e7os. Mas continuar\u00e1 sendo uma pescaria indevida, de consumidores incautos, \u00e1vidos por mais conforto e lazer.<br \/>\nMaria In\u00eas Dolci \u2013 Folha de S.Paulo, 25\/06\/2012<\/p>\n<p>\u201cN\u00e3o h\u00e1 uma defini\u00e7\u00e3o do amor rom\u00e2ntico que agrade a todos. Para os pragm\u00e1ticos, o amor \u00e9 algo que inventamos para satisfazer uma necessidade. Para os c\u00e9ticos, \u00e9 uma surpresa! Para quem sempre escolhe a pessoa errada, amar \u00e9 sofrer. Para os obcecados, significa estreitar seu foco sobre um \u00fanico objeto de desejo. Para as pessoas de pensamento estrat\u00e9gico, amar significa priorizar o bem-estar do(da) amado(a), porque a felicidade dele(a) aumenta a sua pr\u00f3pria.\u201d<br \/>\nMichael Keep \u2013 Folha de S.Paulo, 26\/06\/2012<\/p>\n<p>\u201c\u2018Pol\u00edtica \u00e9 a arte de engolir sapos.\u2019 A frase pode ser alterada, trocando-se a palavra \u2018arte\u2019 por outra: \u2018necessidade\u2019. E n\u00e3o se aplica apenas aos profissionais que se dedicam e, em alguns casos, se beneficiam com a obriga\u00e7\u00e3o de comer batr\u00e1quios, mas \u00e0queles que torcem e chegam a se entusiasmar com os artistas ou com os necessitados de se alimentar com um produto que ainda n\u00e3o faz parte da cesta b\u00e1sica.\u201d<br \/>\nCarlos Heitor Cony \u2013 Folha de S.Paulo, 26\/06\/2012<\/p>\n<p>\u201cAs f\u00e9rias, para crian\u00e7as e jovens, poderiam ser um tempo de descobertas e solidifica\u00e7\u00e3o de aprendizagens se nesse tempo eles n\u00e3o fossem levados a ter novos compromissos, mesmo que sejam compromissos com o lazer.\u201d<br \/>\nRosely Say\u00e3o \u2013 Folha de S.Paulo, 26\/06\/2012<\/p>\n<p>\u201cCerca de 58% dos profissionais graduados em engenharia trabalham em empresas de grande porte, segundo amostra de 105 mil curr\u00edculos cadastrados no site de carreira vagas.com.br. Outros 24% est\u00e3o em empresas de m\u00e9dio porte e 13%, em companhias pequenas.\u201d<br \/>\nMaria Cristina Frias \u2013 Folha de S.Paulo, 26\/06\/2012<\/p>\n<p>\u201cEsse mundo imensamente midi\u00e1tico, em que se oferece a ilus\u00e3o da liberdade radical de se autoinventar, \u00e9 falso.\u201d<br \/>\nJonathan Franzen &#8211; O Estado de S.Paulo, 30\/06\/2012<\/p>\n<p>\u201cA escolha entre o nada e a coisa nenhuma \u00e9 bem disfar\u00e7ada no poder de ostentar que promete redimir do buraco subjetivo. N\u00e3o tendo mais o que expressar, algu\u00e9m simplesmente \u2018ostenta\u2019 um rel\u00f3gio caro, um computador moderninho, um carr\u00e3o oneroso. Ou um piercing, um m\u00fasculo forte. Tudo e cada coisa \u00e9 reduzida \u00e0 marca, emblema do capital e seu poder na era do Espet\u00e1culo. [&#8230;] A sa\u00edda \u00e9 a arte, a poesia, a nega\u00e7\u00e3o ativa contra o uso e o consumo de marcas. A pr\u00e1tica anti-capitalista \u00e9 um ate\u00edsmo e come\u00e7a com a recusa aos seus deuses como simples profana\u00e7\u00e3o cotidiana.\u201d<br \/>\nMarcia Tiburi, Revista Cult \u2013 junho\/2012<\/p>\n<p>\u201cO tr\u00e1fico de pessoas, principalmente para explora\u00e7\u00e3o sexual, \u00e9 o terceiro crime mais lucrativo do mundo, atr\u00e1s apenas do tr\u00e1fico de drogas e armas. Segundo dados do Escrit\u00f3rio das Na\u00e7\u00f5es Unidas sobre Drogas e Crime (UNODC), 2,4 milh\u00f5es de pessoas s\u00e3o traficadas, anualmente, para o trabalho for\u00e7ado. A explora\u00e7\u00e3o sexual representa quase 80% dos casos detectados \u2013 seguido do trabalho escravo e do com\u00e9rcio ilegal de \u00f3rg\u00e3os. De cada cinco v\u00edtimas, quatro s\u00e3o mulheres ou meninas e metade das pessoas traficadas s\u00e3o menores de idade. [&#8230;] Um levantamento da Organiza\u00e7\u00e3o Internacional do Trabalho (OIT), baseado no Relat\u00f3rio Nacional sobre Tr\u00e1fico de Mulheres, Crian\u00e7as e Adolescentes para o Prop\u00f3sito de Explora\u00e7\u00e3o Sexual (publicado em 2002), mapeou 241 rotas de tr\u00e1fico: 110 dentro do Brasil e 131 internacionais. As a\u00e7\u00f5es est\u00e3o concentradas em 520 munic\u00edpios. Os principais destinos no exterior s\u00e3o para Europa. Segundo o Minist\u00e9rio P\u00fablico e a Pol\u00edcia Federal, cerca de 70 mil brasileiros s\u00e3o traficados, anualmente, para o exterior, correspondendo a 10% dos lucros mundiais.\u201d<br \/>\nR\u00f4ney Rodrigues \u2013 Revista Caros Amigos, junho de 2012<\/p>\n","protected":false},"excerpt":{"rendered":"<p>\u201cMais gente est\u00e1 se tornando mais narcisista, ou est\u00e1 se apresentando para o mundo como se s\u00f3 se importasse consigo pr\u00f3pria. Mais gente est\u00e1 ficando obcecada e compelida a checar constantemente o telefone. E h\u00e1 uma pesquisa que mostra que mais pessoas est\u00e3o ficando deprimidas quando n\u00e3o t\u00eam coisas maravilhosas para mostrar aos outros no [&hellip;]<\/p>\n","protected":false},"author":14,"featured_media":0,"comment_status":"open","ping_status":"open","sticky":false,"template":"","format":"standard","meta":{"ngg_post_thumbnail":0,"footnotes":""},"categories":[4778],"tags":[5206,13732,7642,8442],"class_list":["post-617","post","type-post","status-publish","format-standard","hentry","category-contando-os-dias","tag-amor","tag-envelhecer","tag-sociedade","tag-vida-digital","count-0","even alt","author-taismachado","last"],"_links":{"self":[{"href":"https:\/\/ultimato.com.br\/sites\/taismachado\/wp-json\/wp\/v2\/posts\/617","targetHints":{"allow":["GET"]}}],"collection":[{"href":"https:\/\/ultimato.com.br\/sites\/taismachado\/wp-json\/wp\/v2\/posts"}],"about":[{"href":"https:\/\/ultimato.com.br\/sites\/taismachado\/wp-json\/wp\/v2\/types\/post"}],"author":[{"embeddable":true,"href":"https:\/\/ultimato.com.br\/sites\/taismachado\/wp-json\/wp\/v2\/users\/14"}],"replies":[{"embeddable":true,"href":"https:\/\/ultimato.com.br\/sites\/taismachado\/wp-json\/wp\/v2\/comments?post=617"}],"version-history":[{"count":1,"href":"https:\/\/ultimato.com.br\/sites\/taismachado\/wp-json\/wp\/v2\/posts\/617\/revisions"}],"predecessor-version":[{"id":618,"href":"https:\/\/ultimato.com.br\/sites\/taismachado\/wp-json\/wp\/v2\/posts\/617\/revisions\/618"}],"wp:attachment":[{"href":"https:\/\/ultimato.com.br\/sites\/taismachado\/wp-json\/wp\/v2\/media?parent=617"}],"wp:term":[{"taxonomy":"category","embeddable":true,"href":"https:\/\/ultimato.com.br\/sites\/taismachado\/wp-json\/wp\/v2\/categories?post=617"},{"taxonomy":"post_tag","embeddable":true,"href":"https:\/\/ultimato.com.br\/sites\/taismachado\/wp-json\/wp\/v2\/tags?post=617"}],"curies":[{"name":"wp","href":"https:\/\/api.w.org\/{rel}","templated":true}]}}