{"id":613,"date":"2012-06-16T21:54:51","date_gmt":"2012-06-16T21:54:51","guid":{"rendered":"http:\/\/ultimato.com.br\/sites\/taismachado\/?p=613"},"modified":"2012-07-16T21:56:59","modified_gmt":"2012-07-16T21:56:59","slug":"24a-semana-de-2012","status":"publish","type":"post","link":"https:\/\/ultimato.com.br\/sites\/taismachado\/2012\/06\/16\/24a-semana-de-2012\/","title":{"rendered":"24\u00aa semana de 2012"},"content":{"rendered":"<p>\u201cA partir do momento em que passa a exercer a representa\u00e7\u00e3o conferida pelo povo, o parlamentar se obriga a compartilhar a trajet\u00f3ria p\u00fablica com a sociedade. Esse \u00e9 o ditame do exerc\u00edcio do poder na vida republicana. O chamado &#8220;voto corporativo&#8221;, que se desenvolve em fun\u00e7\u00e3o do v\u00ednculo entre iguais que trabalham sob a mesma c\u00fapula, \u00e9 figura insustent\u00e1vel diante do imp\u00e9rio da \u00e9tica e da moral, cujos dom\u00ednios se expandem nos m\u00faltiplos espa\u00e7os da sociedade organizada. N\u00e3o h\u00e1 mais sentido em guardar segredo no julgamento de parlamentares. A oxigena\u00e7\u00e3o dos pulm\u00f5es sociais est\u00e1 a exigir assepsia, independ\u00eancia, justi\u00e7a. A soberania popular ordena que a representa\u00e7\u00e3o pol\u00edtica se paute por transpar\u00eancia de atitudes e decis\u00f5es. Onde o poder \u00e9 oculto, j\u00e1 dizia Bobbio, tende a ser oculto o contrapoder, o poder invis\u00edvel. Nas ditaduras floresce a cultura do sigilo. O Parlamento deve ser o primeiro Poder a implantar nas democracias o governo do poder vis\u00edvel.\u201d<br \/>\nGaud\u00eancio Torquato &#8211; O Estado de S.Paulo, 10\/06\/2012<\/p>\n<p>\u201cA Europa nasceu ali, no p\u00e9 da Acr\u00f3pole, 25 s\u00e9culos atr\u00e1s, e tudo que ela tem de melhor, aquilo que ela mais aprecia e admira em si mesma, assim como as institui\u00e7\u00f5es democr\u00e1ticas, a liberdade e os direitos humanos t\u00eam sua distante raiz nesse pequeno rinc\u00e3o do velho continente, \u00e0s margens do Egeu, onde a luz do sol \u00e9 mais potente e o mar \u00e9 mais azul. A Gr\u00e9cia \u00e9 o s\u00edmbolo da Europa e os s\u00edmbolos n\u00e3o podem desaparecer sem que aquilo que eles encarnam desmorone e se desfa\u00e7a nessa confus\u00e3o b\u00e1rbara de irracionalidade e viol\u00eancia da qual a civiliza\u00e7\u00e3o grega nos tirou.\u201d<br \/>\nMario Vargas Llosa &#8211; O Estado de S.Paulo, 10\/06\/2012<\/p>\n<p>\u201cSem d\u00favida, o indiv\u00edduo que adota um comportamento social adequado no espa\u00e7o corporativo em que atua, possibilita a visibilidade e o reconhecimento de suas compet\u00eancias, encurtando o caminho para a realiza\u00e7\u00e3o profissional. No entanto, sem os princ\u00edpios \u00e9ticos de honestidade e integridade gravitando em todos os nossos atos, dificilmente nos daremos um destino construtivo para nossa identidade profissional.\u201d<br \/>\nRuth Duarte &#8211; O Estado de S.Paulo, 10\/06\/2012<\/p>\n<p>\u201cNo conv\u00edvio escolar, como nas ci\u00eancias, a constru\u00e7\u00e3o do conhecimento depende da compara\u00e7\u00e3o de vis\u00f5es diferentes. Por isso, a boa escola deve ser, necessariamente, um espa\u00e7o plural em termos de pensamentos e manifesta\u00e7\u00f5es. [&#8230;] Toda escola tem algo de parlamento, est\u00e1dio e de templo. Se cada aula propiciar o di\u00e1logo e a compreens\u00e3o, em lugar do proselitismo e da intoler\u00e2ncia, e as convic\u00e7\u00f5es puderem ser expressas e respeitadas \u2013 n\u00e3o escondidas ou condenadas -, educar ser\u00e1 preparar para a aventura real da vida. E n\u00e3o conduzir para rumos definidos, que podem ser becos sem sa\u00edda.\u201d<br \/>\nLuis Carlos de Menezes \u2013 Revista Nova Escola, junho\/julho 2012<\/p>\n<p>\u201cEstamos no seguinte paradoxo: o mundo est\u00e1 muito aqu\u00e9m da economia verde, aumentando emiss\u00f5es, desmatando mais, usando mal os materiais. Economia verde \u00e9 produzir usando menos recursos e comprometendo menos as sa\u00fades dos ecossistemas, \u00e9 transitar da energia f\u00f3ssil para a renov\u00e1vel e usar melhor os materiais. Mas se constato que estamos muito aqu\u00e9m, ent\u00e3o algu\u00e9m pode me chamar de &#8216;radicaloide&#8217; por querer ir Muito Al\u00e9m da Economia Verde. S\u00f3 de alcan\u00e7ar a economia verde j\u00e1 estaria muito bom. O problema \u00e9 que se considerarmos os \u00faltimos 20 anos, vemos que houve um imenso progresso no sentido da economia verde. Cada unidade de d\u00f3lar foi gerada com 21% menos de uso de recursos materiais e 23% menos emiss\u00f5es de gases de efeito estufa. No entanto, o uso de materiais aumentou 39% e as emiss\u00f5es aumentaram 41%. Porque mesmo tendo um avan\u00e7o extraordin\u00e1rio, est\u00e1 se produzindo e consumindo muito mais.\u201d<br \/>\nRicardo Abramovay &#8211; O Estado de S.Paulo, 11\/06\/2012<\/p>\n<p>\u201cO aut\u00eantico crist\u00e3o n\u00e3o vive de costas para o mundo nem encara o seu tempo com inquieta\u00e7\u00e3o ou nostalgias do passado. O verdadeiro crist\u00e3o n\u00e3o vive focado no retrovisor.\u201d<br \/>\nCarlos Alberto Di Franco &#8211; O Estado de S.Paulo, 11\/06\/2012<\/p>\n<p>\u201cEstamos vivendo uma doen\u00e7a chamada o mal do excesso. Nos transformando em verdadeiros exterminadores do futuro.\u201d<br \/>\nMarina Silva &#8211; O Estado de S.Paulo, 12\/06\/2012<\/p>\n<p>\u201cN\u00e3o \u00e9 poss\u00edvel esverdear o mundo instantaneamente, e, por algum tempo, ser\u00e1 preciso conviver com alternativas que representam progressos consider\u00e1veis em rela\u00e7\u00e3o ao passado condenado, mas que ainda estar\u00e3o longe do ideal. Uma postura militante tem sido bloquear esses progressos, contrapondo alternativas idealistas que, embora v\u00e1lidas para um pequeno grupo, fogem por completo \u00e0 realidade (a\u00ed se incluem desde a agroecologia at\u00e9 a agricultura org\u00e2nica, biol\u00f3gica e natural proposta). Outra postura militante \u00e9 n\u00e3o aceitar, de forma efetiva, os novos valores que precisam ser assumidos e reagir com base em direitos de propriedade como se fossem absolutos e n\u00e3o condicionados \u00e0s regras sociais. No caso dos alimentos, o grande desafio da Rio+20 \u00e9 permitir o di\u00e1logo entre os &#8220;radicais&#8221; de ambos os lados, o que abrir\u00e1 espa\u00e7o para uma transi\u00e7\u00e3o consistente para uma nova economia com capacidade de alimentar o mundo.\u201d<br \/>\nAntonio M. Buainain &#8211; O Estado de S.Paulo, 12\/06\/2012<\/p>\n","protected":false},"excerpt":{"rendered":"<p>\u201cA partir do momento em que passa a exercer a representa\u00e7\u00e3o conferida pelo povo, o parlamentar se obriga a compartilhar a trajet\u00f3ria p\u00fablica com a sociedade. Esse \u00e9 o ditame do exerc\u00edcio do poder na vida republicana. O chamado &#8220;voto corporativo&#8221;, que se desenvolve em fun\u00e7\u00e3o do v\u00ednculo entre iguais que trabalham sob a mesma [&hellip;]<\/p>\n","protected":false},"author":14,"featured_media":0,"comment_status":"open","ping_status":"open","sticky":false,"template":"","format":"standard","meta":{"ngg_post_thumbnail":0,"footnotes":""},"categories":[4778],"tags":[131],"class_list":["post-613","post","type-post","status-publish","format-standard","hentry","category-contando-os-dias","tag-educacao","count-0","even alt","author-taismachado","last"],"_links":{"self":[{"href":"https:\/\/ultimato.com.br\/sites\/taismachado\/wp-json\/wp\/v2\/posts\/613","targetHints":{"allow":["GET"]}}],"collection":[{"href":"https:\/\/ultimato.com.br\/sites\/taismachado\/wp-json\/wp\/v2\/posts"}],"about":[{"href":"https:\/\/ultimato.com.br\/sites\/taismachado\/wp-json\/wp\/v2\/types\/post"}],"author":[{"embeddable":true,"href":"https:\/\/ultimato.com.br\/sites\/taismachado\/wp-json\/wp\/v2\/users\/14"}],"replies":[{"embeddable":true,"href":"https:\/\/ultimato.com.br\/sites\/taismachado\/wp-json\/wp\/v2\/comments?post=613"}],"version-history":[{"count":1,"href":"https:\/\/ultimato.com.br\/sites\/taismachado\/wp-json\/wp\/v2\/posts\/613\/revisions"}],"predecessor-version":[{"id":614,"href":"https:\/\/ultimato.com.br\/sites\/taismachado\/wp-json\/wp\/v2\/posts\/613\/revisions\/614"}],"wp:attachment":[{"href":"https:\/\/ultimato.com.br\/sites\/taismachado\/wp-json\/wp\/v2\/media?parent=613"}],"wp:term":[{"taxonomy":"category","embeddable":true,"href":"https:\/\/ultimato.com.br\/sites\/taismachado\/wp-json\/wp\/v2\/categories?post=613"},{"taxonomy":"post_tag","embeddable":true,"href":"https:\/\/ultimato.com.br\/sites\/taismachado\/wp-json\/wp\/v2\/tags?post=613"}],"curies":[{"name":"wp","href":"https:\/\/api.w.org\/{rel}","templated":true}]}}