{"id":607,"date":"2012-06-10T14:36:45","date_gmt":"2012-06-10T14:36:45","guid":{"rendered":"http:\/\/ultimato.com.br\/sites\/taismachado\/?p=607"},"modified":"2012-06-10T20:38:53","modified_gmt":"2012-06-10T20:38:53","slug":"22a-semana-de-2012","status":"publish","type":"post","link":"https:\/\/ultimato.com.br\/sites\/taismachado\/2012\/06\/10\/22a-semana-de-2012\/","title":{"rendered":"22\u00aa semana de 2012"},"content":{"rendered":"<p>\u201cA sabedoria das decis\u00f5es enfrenta para ser eficaz um desafio adicional: a de que os destinat\u00e1rios mostrem igual sabedoria e comedimento, que se disponham a sacrificar algo da perspectiva particular em favor do predom\u00ednio do interesse coletivo maior. [&#8230;] Se isso ocorrer, poderemos dizer que o Brasil se move na dire\u00e7\u00e3o certa, dando realidade \u00e0s quatro ideias-for\u00e7a que resumem o progresso da consci\u00eancia humana no s\u00e9culo 21: os direitos humanos, o meio ambiente, a igualdade entre mulheres e homens, a realiza\u00e7\u00e3o do desenvolvimento pleno definido como a promo\u00e7\u00e3o de todos os homens e do homem como um todo.\u201d<br \/>\nRubens Ricupero \u2013 Folha de S.Paulo, 28\/05\/2012<\/p>\n<p>\u201cQuando as universidades deixam de ser lugares de excel\u00eancia e viram laborat\u00f3rios de fanatismo ideol\u00f3gico, o c\u00e9u \u00e9 o limite.\u201d<br \/>\nJo\u00e3o Pereira Coutinho \u2013 Folha de S.Paulo, 29\/05\/2012<\/p>\n<p>\u201cSomos levados a acreditar que a viol\u00eancia s\u00f3 acontece no cora\u00e7\u00e3o dos criminosos, dos terroristas, mas a maldade est\u00e1 em cada ser humano, dentro de casa, na estupidez ou no desrespeito com o companheiro, com os filhos.\u201d<br \/>\nPrem Baba \u2013 Folha de S.Paulo, 29\/05\/2012<\/p>\n<p>\u201cO pre\u00e7o da liberdade \u00e9 a vigil\u00e2ncia constante.\u201d<br \/>\nDesmond Tutu &#8211; O Estado de S.Paulo, 29\/05\/2012 <\/p>\n<p>\u201cA sa\u00fade \u00e9 o espelho da nossa consci\u00eancia, do que pensamos. Atualmente, estudos comprovam que pensamentos geram respostas fisiol\u00f3gicas correspondentes, que podem ser positivas ou negativas. Cada estado de humor fica impresso em nossas c\u00e9lulas. Mas temos a capacidade de controlar algumas rea\u00e7\u00f5es do organismo por meio do dom\u00ednio dos pensamentos.\u201d<br \/>\nDeepak Chopra, Revista Isto\u00c9 \u2013 30\/05\/2012<\/p>\n<p>\u201cAo dar \u00eanfase \u00e0 economia verde como um novo caminho para o desenvolvimento sustent\u00e1vel, deixamos de evidenciar que nenhuma pauta valeria sem a confirma\u00e7\u00e3o da acelera\u00e7\u00e3o nas mudan\u00e7as clim\u00e1ticas pela atividade humana, verdadeiro vetor que modifica a capacidade humana de sobreviver no planeta. [&#8230;] Quem sabe as lutas ecol\u00f3gicas, que correm pelas mol\u00e9culas sociais desde os anos 1960, possam impulsionar a ampulheta burocr\u00e1tica, empurrando os interesses individuais para a urg\u00eancia que pedem os interesses coletivos. \u00c9 o futuro que queremos.\u201d<br \/>\nIsabel Gnaccarini \u2013 Folha de S.Paulo, 31\/05\/2012<\/p>\n<p>\u201cEstou em tratamento. Sou a paciente e minha pr\u00f3pria m\u00e9dica. Tomei consci\u00eancia de quanto viciada e intoxicada estou de tecnologia. Demorei a perceber. Achava que sempre era eu quem estava no comando da situa\u00e7\u00e3o. \u00c9 assim com qualquer depend\u00eancia. Achei que sabia tirar o melhor proveito dos eletr\u00f4nicos, dos sistemas, dos sites, das redes sociais. Mas agora reconhe\u00e7o que n\u00e3o. Agora reconhe\u00e7o que quem mandava no meu tempo n\u00e3o era eu: era o fluxo dos aparelhos e sistemas eletr\u00f4nicos que uso. Era qualquer um, menos eu. Comecei a desconfiar de que havia algo errado quando meu tempo desapareceu. Sim: desapareceu, escafedeu-se, sumiu. Por mais horas que ficasse \u00e0 frente do computador todos os dias, tentando sofregamente trabalhar, minha produtividade caiu a um n\u00edvel insuport\u00e1vel. [&#8230;] Acho que essa hiperconectividade \u00e9 no fundo um desejo infantil e irrealiz\u00e1vel de ter tudo ao mesmo tempo agora. Sinto culpa e ang\u00fastia por estar off-line, demorando para reagir a uma mensagem que talvez tenha chegado, embora eu ainda n\u00e3o saiba.\u201d<br \/>\nMarion Strecker \u2013 Folha de S.Paulo, 31\/05\/2012<\/p>\n<p>\u201cTravessias s\u00e3o sempre dif\u00edceis e revestidas de peculiaridades. Por isso h\u00e1 os ritos de passagem. Seja para celebrar com um bom choro a sa\u00edda do \u00fatero materno para a vida, para tolerar os primeiros dias de um luto com cerim\u00f4nias religiosas e presen\u00e7a da fam\u00edlia e amigos, as festas de sa\u00edda da adolesc\u00eancia para a vida adulta, a celebra\u00e7\u00e3o do casamento, o trote na universidade&#8230;\u201d<br \/>\nMarta Suplicy \u2013 Folha de S.Paulo, 02\/06\/2012<\/p>\n<p>\u201cMulheres apresentam risco aumentado para o transtorno depressivo maior ao longo da vida reprodutiva em uma propor\u00e7\u00e3o de 1,7 a 2,7 em rela\u00e7\u00e3o aos homens. Esta diferen\u00e7a ocorre principalmente nos per\u00edodos pr\u00e9-menstrual, puerperal e na perimenopausa. A preval\u00eancia de epis\u00f3dio depressivo ao longo da vida seria de 21,3% nas mulheres e 12,7% nos homens, nas idades entre 15 e 54 anos. Existem algumas diferen\u00e7as no que se refere \u00e0 sintomatologia do transtorno depressivo: mulheres apresenta, maior comorbidade com ansiedade e transtornos alimentares. Tamb\u00e9m apresentam maior n\u00famero de queixas som\u00e1ticas. Tentam o suic\u00eddio tr\u00eas vezes mais, mas os homens efetivam o ato em maior propor\u00e7\u00e3o. Fatores ambientais e estressores externos parecem exercer maior influ\u00eancia no humor das mulheres. Al\u00e9m disto, o epis\u00f3dio depressivo costuma aparecer em idade mais precoce nesta popula\u00e7\u00e3o. O g\u00eanero tamb\u00e9m influenciaria a resposta aos antidepressivos. Estudos demonstram que mulheres mais jovens ou abaixo dos 50 anos teriam melhor resposta a antidepressivos como os inibidores seletivos da recaptura da serotonina (ISRS). Os homens teriam melhor resposta aos antidepressivos tric\u00edclicos (ADTs) e esta diferen\u00e7a na p\u00f3s-menopausa, ou seja, ap\u00f3s este per\u00edodo, homens e mulheres apresentariam respostas semelhantes em rela\u00e7\u00e3o \u00e0s classes dos antidepressivos.\u201d<br \/>\nJoel Renn\u00f3 J\u00fanior, Revista Psique \u2013 maio de 2012<\/p>\n","protected":false},"excerpt":{"rendered":"<p>\u201cA sabedoria das decis\u00f5es enfrenta para ser eficaz um desafio adicional: a de que os destinat\u00e1rios mostrem igual sabedoria e comedimento, que se disponham a sacrificar algo da perspectiva particular em favor do predom\u00ednio do interesse coletivo maior. [&#8230;] Se isso ocorrer, poderemos dizer que o Brasil se move na dire\u00e7\u00e3o certa, dando realidade \u00e0s [&hellip;]<\/p>\n","protected":false},"author":14,"featured_media":0,"comment_status":"open","ping_status":"open","sticky":false,"template":"","format":"standard","meta":{"ngg_post_thumbnail":0,"footnotes":""},"categories":[4778],"tags":[7638,4796,5780,8400,8442,6097],"class_list":["post-607","post","type-post","status-publish","format-standard","hentry","category-contando-os-dias","tag-decisao","tag-depressao","tag-mulheres","tag-saude","tag-vida-digital","tag-violencia","count-0","even alt","author-taismachado","last"],"_links":{"self":[{"href":"https:\/\/ultimato.com.br\/sites\/taismachado\/wp-json\/wp\/v2\/posts\/607","targetHints":{"allow":["GET"]}}],"collection":[{"href":"https:\/\/ultimato.com.br\/sites\/taismachado\/wp-json\/wp\/v2\/posts"}],"about":[{"href":"https:\/\/ultimato.com.br\/sites\/taismachado\/wp-json\/wp\/v2\/types\/post"}],"author":[{"embeddable":true,"href":"https:\/\/ultimato.com.br\/sites\/taismachado\/wp-json\/wp\/v2\/users\/14"}],"replies":[{"embeddable":true,"href":"https:\/\/ultimato.com.br\/sites\/taismachado\/wp-json\/wp\/v2\/comments?post=607"}],"version-history":[{"count":1,"href":"https:\/\/ultimato.com.br\/sites\/taismachado\/wp-json\/wp\/v2\/posts\/607\/revisions"}],"predecessor-version":[{"id":608,"href":"https:\/\/ultimato.com.br\/sites\/taismachado\/wp-json\/wp\/v2\/posts\/607\/revisions\/608"}],"wp:attachment":[{"href":"https:\/\/ultimato.com.br\/sites\/taismachado\/wp-json\/wp\/v2\/media?parent=607"}],"wp:term":[{"taxonomy":"category","embeddable":true,"href":"https:\/\/ultimato.com.br\/sites\/taismachado\/wp-json\/wp\/v2\/categories?post=607"},{"taxonomy":"post_tag","embeddable":true,"href":"https:\/\/ultimato.com.br\/sites\/taismachado\/wp-json\/wp\/v2\/tags?post=607"}],"curies":[{"name":"wp","href":"https:\/\/api.w.org\/{rel}","templated":true}]}}