{"id":602,"date":"2012-06-08T11:47:28","date_gmt":"2012-06-08T11:47:28","guid":{"rendered":"http:\/\/ultimato.com.br\/sites\/taismachado\/?p=602"},"modified":"2012-06-08T15:49:51","modified_gmt":"2012-06-08T15:49:51","slug":"20a-semana-de-2012","status":"publish","type":"post","link":"https:\/\/ultimato.com.br\/sites\/taismachado\/2012\/06\/08\/20a-semana-de-2012\/","title":{"rendered":"20\u00aa semana de 2012"},"content":{"rendered":"<p>\u201cQueremos ouro sem garimpo, brilho sem polimento.\u201d<br \/>\nAntonio Prata \u2013 Folha de S.Paulo, 16\/05\/2012<\/p>\n<p>\u201cOs desafios do s\u00e9culo 21 exigem novas formas de ver, pensar, sentir e agir, for\u00e7ando-nos a criar modelos de refer\u00eancia in\u00e9ditos na hist\u00f3ria da humanidade. Os limites do crescimento a qualquer custo est\u00e3o sendo expostos e as quest\u00f5es da \u00e9tica ocupam espa\u00e7o cada vez maior no debate contempor\u00e2neo. [&#8230;] O ser humano \u00e9 intrinsecamente um ser social, o que nos permite sonhar com a utopia de uma sociedade em que a coopera\u00e7\u00e3o seja o eixo do desenvolvimento.\u201d<br \/>\nMaria Alice Setubal \u2013 Folha de S.Paulo, 17\/05\/2012<\/p>\n<p>\u201cO Brasil ocupa a 63\u00aa posi\u00e7\u00e3o no ranking mundial de pa\u00edses com mais domic\u00edlios que t\u00eam acesso \u00e0 internet. S\u00e3o cerca de 33% dos 6,192 milh\u00f5es de unidades levantadas pelo Censo de 2010 do IBGE (Instituto Brasileiro de Geografia e Estat\u00edstica). O pa\u00eds est\u00e1 na m\u00e9dia mundial, mas poderia estar em posi\u00e7\u00e3o melhor se n\u00e3o fosse a falta de conhecimento e de interesse da popula\u00e7\u00e3o, segundo o novo mapa da inclus\u00e3o digital elaborado por FGV (Funda\u00e7\u00e3o Getulio Vargas) e Funda\u00e7\u00e3o Telef\u00f4nica. De acordo com o estudo, 64,6% das pessoas exclu\u00eddas (6,6 milh\u00f5es) n\u00e3o sabem ou n\u00e3o acham necess\u00e1rio conectar-se \u00e0 rede mundial. Mesmo a inclus\u00e3o de 40 milh\u00f5es de pessoas na classe C n\u00e3o foi suficiente para ampliar o acesso \u00e0 internet. [&#8230;] Os quatro primeiros pa\u00edses com mais domic\u00edlios que t\u00eam acesso \u00e0 rede mundial s\u00e3o Su\u00e9cia, Isl\u00e2ndia, Dinamarca e Holanda, com \u00edndices superiores a 90%. A Su\u00e9cia, mais bem colocada, tem 97% das casas com internet.\u201d<br \/>\nVenceslau Borlina Filho \u2013 Folha de S.Paulo, 17\/05\/2012<\/p>\n<p>\u201cVivemos no mundo do imediatismo, em que a tecnologia encurta dist\u00e2ncias, aumenta a produtividade e permite a conex\u00e3o instant\u00e2nea de pessoas, coisas, produtos e lugares. \u00c9 a era dos computadores ultraport\u00e1teis, dos tablets e dos neg\u00f3cios bilion\u00e1rios que podem ser comandados a partir da palma da m\u00e3o, por meio de um smartphone. Nem sempre as pessoas est\u00e3o preparadas para aceitar mudan\u00e7as igualmente necess\u00e1rias em suas vidas e em suas carreiras. Ainda \u00e9 caracter\u00edstica da maior parte dos profissionais se manter arraigada a processos antigos que trazem seguran\u00e7a, como um cargo est\u00e1vel e\/ou um sal\u00e1rio razo\u00e1vel por m\u00eas. Um dos exemplos vem de profissionais excelentes, mas inflex\u00edveis, que ainda atribuem, por exemplo, valor excessivo \u00e0 hierarquia empresarial e n\u00e3o compreendem que, na nova din\u00e2mica dos neg\u00f3cios, o cargo d\u00e1 lugar ao profissional multifun\u00e7\u00e3o. Ele pode at\u00e9 n\u00e3o ter um t\u00edtulo grandioso no papel, mas \u00e9 essencial para o crescimento da empresa. No mundo das transforma\u00e7\u00f5es velozes dos neg\u00f3cios, estar aberto aos riscos das mudan\u00e7as de \u00e1reas, de empresas e at\u00e9 de profiss\u00e3o nunca foi t\u00e3o necess\u00e1rio. Agora, mais do que nunca, \u00e9 necess\u00e1rio que os jovens profissionais pensem em suas carreiras futuras como um plano de neg\u00f3cios: com estruturas de base, com as etapas necess\u00e1rias para o crescimento -e seus desvios em caso de imprevisto- e o objetivo final.\u201d<br \/>\nAlexandre Hohagen \u2013 Folha de S.Paulo, 17\/05\/2012<\/p>\n<p>\u201cAs consequ\u00eancias da hiperconectividade contempor\u00e2nea come\u00e7am a ser estudadas. J\u00e1 sabemos que ela leva as pessoas a uma conex\u00e3o profusa, mas superficial. Uma superficialidade perversa da qual pouco ainda sabemos. \u00c9 muito bom precisar de uma informa\u00e7\u00e3o e obt\u00ea-la em dois minutos. N\u00e3o sei se \u00e9 t\u00e3o positivo se &#8220;entupir&#8221; de not\u00edcias, ti-ti-tis, n\u00e3o se aprofundar em nada e n\u00e3o se conectar verdadeiramente com ningu\u00e9m. [&#8230;] O pensamento, para se desenvolver, precisa de tempo. De quietude e de isolamento para a maioria. Os grandes criadores produziram em anos de investimento as suas obras. O &#8220;insight&#8221; criativo vem de olhar o nada, do tempo livre, da medita\u00e7\u00e3o. Como isso pode acontecer no frenesi da necessidade de \u2018precisar saber tudo o que est\u00e1 acontecendo\u2019? A hiperconectividade pode passar a inibir o mergulho do ser humano dentro de si mesmo, de sua bagagem e emo\u00e7\u00f5es. A pessoa, e n\u00e3o a telinha, \u00e9 o lugar onde se desenvolvem as grandes rela\u00e7\u00f5es humanas e os caminhos da genialidade. No polo oposto, os muitos benef\u00edcios da inclus\u00e3o digital n\u00e3o caberiam neste espa\u00e7o. \u00c9 o dilema de Sofia dos nossos tempos. Ou, talvez, ser\u00e3o apontadas, como numa sequ\u00eancia darwiniana, novas formas do pensamento humano produzir.\u201d<br \/>\nMarta Suplicy \u2013 Folha de S.Paulo, 19\/05\/2012<\/p>\n","protected":false},"excerpt":{"rendered":"<p>\u201cQueremos ouro sem garimpo, brilho sem polimento.\u201d Antonio Prata \u2013 Folha de S.Paulo, 16\/05\/2012 \u201cOs desafios do s\u00e9culo 21 exigem novas formas de ver, pensar, sentir e agir, for\u00e7ando-nos a criar modelos de refer\u00eancia in\u00e9ditos na hist\u00f3ria da humanidade. Os limites do crescimento a qualquer custo est\u00e3o sendo expostos e as quest\u00f5es da \u00e9tica ocupam [&hellip;]<\/p>\n","protected":false},"author":14,"featured_media":0,"comment_status":"open","ping_status":"open","sticky":false,"template":"","format":"standard","meta":{"ngg_post_thumbnail":0,"footnotes":""},"categories":[4778],"tags":[8442],"class_list":["post-602","post","type-post","status-publish","format-standard","hentry","category-contando-os-dias","tag-vida-digital","count-0","even alt","author-taismachado","last"],"_links":{"self":[{"href":"https:\/\/ultimato.com.br\/sites\/taismachado\/wp-json\/wp\/v2\/posts\/602","targetHints":{"allow":["GET"]}}],"collection":[{"href":"https:\/\/ultimato.com.br\/sites\/taismachado\/wp-json\/wp\/v2\/posts"}],"about":[{"href":"https:\/\/ultimato.com.br\/sites\/taismachado\/wp-json\/wp\/v2\/types\/post"}],"author":[{"embeddable":true,"href":"https:\/\/ultimato.com.br\/sites\/taismachado\/wp-json\/wp\/v2\/users\/14"}],"replies":[{"embeddable":true,"href":"https:\/\/ultimato.com.br\/sites\/taismachado\/wp-json\/wp\/v2\/comments?post=602"}],"version-history":[{"count":2,"href":"https:\/\/ultimato.com.br\/sites\/taismachado\/wp-json\/wp\/v2\/posts\/602\/revisions"}],"predecessor-version":[{"id":604,"href":"https:\/\/ultimato.com.br\/sites\/taismachado\/wp-json\/wp\/v2\/posts\/602\/revisions\/604"}],"wp:attachment":[{"href":"https:\/\/ultimato.com.br\/sites\/taismachado\/wp-json\/wp\/v2\/media?parent=602"}],"wp:term":[{"taxonomy":"category","embeddable":true,"href":"https:\/\/ultimato.com.br\/sites\/taismachado\/wp-json\/wp\/v2\/categories?post=602"},{"taxonomy":"post_tag","embeddable":true,"href":"https:\/\/ultimato.com.br\/sites\/taismachado\/wp-json\/wp\/v2\/tags?post=602"}],"curies":[{"name":"wp","href":"https:\/\/api.w.org\/{rel}","templated":true}]}}