{"id":600,"date":"2012-06-08T08:55:57","date_gmt":"2012-06-08T08:55:57","guid":{"rendered":"http:\/\/ultimato.com.br\/sites\/taismachado\/?p=600"},"modified":"2012-06-08T14:58:45","modified_gmt":"2012-06-08T14:58:45","slug":"19a-semana-de-2012","status":"publish","type":"post","link":"https:\/\/ultimato.com.br\/sites\/taismachado\/2012\/06\/08\/19a-semana-de-2012\/","title":{"rendered":"19\u00aa semana de 2012"},"content":{"rendered":"<p>\u201cCertamente porque n\u00e3o \u00e9 f\u00e1cil compreender certas quest\u00f5es, as pessoas tendem a aceitar algumas afirma\u00e7\u00f5es como verdades indiscut\u00edveis e at\u00e9 mesmo a irritar-se quando algu\u00e9m insiste em discuti-las. \u00c9 natural que isso aconte\u00e7a, quando mais n\u00e3o seja porque as certezas nos d\u00e3o seguran\u00e7a e tranquilidade. P\u00f4-las em quest\u00e3o equivale a tirar o ch\u00e3o de sob nossos p\u00e9s.\u201d<br \/>\nFerreira Gullar \u2013 Folha de S.Paulo, 06\/05\/2012<\/p>\n<p>\u201cO maior perigo \u00e9 quando sua maior amiga est\u00e1 passando por uma crise e pede um conselho. As pessoas s\u00f3 querem que se diga o que elas querem ouvir, e h\u00e1 at\u00e9 quem ache que amigo s\u00f3 existe para dar raz\u00e3o quando n\u00e3o se tem raz\u00e3o &#8211; voc\u00ea n\u00e3o sabia?\u201d<br \/>\nDanuza Le\u00e3o \u2013 Folha de S.Paulo, 06\/05\/2012<\/p>\n<p>\u201cMuita gente acha que psicoterapia \u00e9 s\u00f3 para desabafar. N\u00e3o sabe que d\u00e1 trabalho, que muita coisa precisa ser feita fora do consult\u00f3rio. Eu sempre digo a meus pacientes que n\u00f3s dois temos de trabalhar duro e que ele precisa implementar os novos comportamentos fora do consult\u00f3rio. Se ele est\u00e1 esperando uma solu\u00e7\u00e3o m\u00e1gica, n\u00e3o vai acontecer. h\u00e1 pessoas procurando m\u00e1gica. S\u00e3o pregui\u00e7osas. Se voc\u00ea puder acreditar que vai virar um milion\u00e1rio, \u00e9 mais f\u00e1cil do que arrega\u00e7ar as mangas e dar duro. a pessoa realmente tem de querer olhar para si mesma e mudar.\u201d<br \/>\nJonathan Alpert \u2013 Folha de S.Paulo, 07\/05\/2012<\/p>\n<p>\u201cN\u00e3o \u00e9 mais permitido a um indiv\u00edduo razoavelmente integrado estar desconectado ou alheio aos fatos, ignorante de acontecimentos, incapaz de realizar uma tarefa. [&#8230;]Hoje todos s\u00e3o compelidos a saber, opinar, compartilhar, blogar e retuitar, mesmo que n\u00e3o fa\u00e7am a mais p\u00e1lida ideia do assunto abordado. A ignor\u00e2ncia, antes considerada uma b\u00ean\u00e7\u00e3o, foi transformada em maldi\u00e7\u00e3o, obrigando a todos que nas\u00e7am prontos, especialistas. O resultado, previs\u00edvel, \u00e9 um enorme conflito entre demandas e capacidades, obrigando cada indiv\u00edduo a empacotar a informa\u00e7\u00e3o que recebe o mais r\u00e1pido poss\u00edvel e transmiti-la para grupos cada vez maiores de pessoas que fazem o mesmo, em um tsunami de meias-verdades, preconceitos, informa\u00e7\u00f5es rasas e cita\u00e7\u00f5es fora de contexto. Por mais que entusiastas de m\u00eddias sociais classifiquem essa pr\u00e1tica como uma forma\u00e7\u00e3o de opini\u00e3o mais democr\u00e1tica, inovadora e aberta, a realidade a transforma em um tipo vicioso de fofoca, terreno f\u00e9rtil para todo tipo de boataria, casa de doidos em que todos falam para ningu\u00e9m escutar. Na velocidade e na press\u00e3o das redes de compartilhamento, a informa\u00e7\u00e3o gratuita perde seu valor. Sem tempo, foco ou refer\u00eancias de qualidade, n\u00e3o h\u00e1 como estabelecer uma reflex\u00e3o s\u00f3lida. O resultado \u00e9 uma esp\u00e9cie de histeria coletiva, combust\u00edvel social \u00e0 espera do primeiro estopim que a incendeie.\u201d<br \/>\nLuli Radfahrer \u2013 Folha de S.Paulo, 07\/05\/2012<\/p>\n<p>\u201cO aprendizado \u00e9 simplesmente a mudan\u00e7a das conex\u00f5es respons\u00e1veis pelo processamento de informa\u00e7\u00f5es no c\u00e9rebro conforme elas s\u00e3o usadas. Essa \u00e9 uma propriedade de neur\u00f4nios em geral e que se mant\u00e9m ao longo de toda a vida. O que muda de uma pessoa para a outra e com a idade n\u00e3o \u00e9 tanto a capacidade de aprender e sim os fatores que influenciam o aprendizado, sobretudo a aten\u00e7\u00e3o, a pr\u00e1tica, o m\u00e9todo&#8230; e a motiva\u00e7\u00e3o. Para come\u00e7o de conversa, \u00e9 preciso querer aprender.[&#8230;] A tecnologia n\u00e3o \u00e9 o problema; o problema \u00e9 nossa pregui\u00e7a em lidar com ela.\u201d<br \/>\nSuzana Herculano-Houzel \u2013 Folha de S.Paulo, 08\/05\/2012<\/p>\n<p>\u201cA cada duas horas, uma mulher \u00e9 morta no Brasil. Na maioria dos casos, o assassino \u00e9 o namorado, marido ou ex-companheiro, que mata dentro de casa, ap\u00f3s j\u00e1 ter cometido pelo menos um ato de agress\u00e3o. Os dados constam do Mapa da Viol\u00eancia de 2012 \u2013 Homic\u00eddio de Mulheres e mostram que, em uma lista de 87 pa\u00edses, o Brasil \u00e9 o s\u00e9timo que mais mata. Em 2012, foram 4.297 casos ou 4.4 assassinatos por 100 mil habitantes. [&#8230;] Nas \u00faltimas tr\u00eas d\u00e9cadas, de acordo com o hist\u00f3rico do mapa, 91.932 mulheres foram mortas no Brasil.\u201d<br \/>\nAdriana Ferraz &#8211; O Estado de S.Paulo, 08\/05\/2012<\/p>\n<p>\u201cOs sentimentos e as emo\u00e7\u00f5es s\u00e3o as bases sobre as quais constitu\u00edmos nossos mapas \u00e9ticos. O problema \u00e9 que nossos instintos morais nem sempre est\u00e3o certos.\u201d<br \/>\nH\u00e9lio Schwartsman \u2013 Folha de S.Paulo, 09\/05\/2012<\/p>\n<p>\u201cGanhar elei\u00e7\u00f5es \u00e9 acertar nos sonhos que povoam cora\u00e7\u00f5es e mentes. Sonhos s\u00f3 se alimentam quando o sonhado \u00e9 poss\u00edvel.\u201d<br \/>\nMarta Suplicy \u2013 Folha de S.Paulo, 12\/05\/2012<\/p>\n","protected":false},"excerpt":{"rendered":"<p>\u201cCertamente porque n\u00e3o \u00e9 f\u00e1cil compreender certas quest\u00f5es, as pessoas tendem a aceitar algumas afirma\u00e7\u00f5es como verdades indiscut\u00edveis e at\u00e9 mesmo a irritar-se quando algu\u00e9m insiste em discuti-las. \u00c9 natural que isso aconte\u00e7a, quando mais n\u00e3o seja porque as certezas nos d\u00e3o seguran\u00e7a e tranquilidade. P\u00f4-las em quest\u00e3o equivale a tirar o ch\u00e3o de sob [&hellip;]<\/p>\n","protected":false},"author":14,"featured_media":0,"comment_status":"open","ping_status":"open","sticky":false,"template":"","format":"standard","meta":{"ngg_post_thumbnail":0,"footnotes":""},"categories":[4778],"tags":[5780,8400,7642],"class_list":["post-600","post","type-post","status-publish","format-standard","hentry","category-contando-os-dias","tag-mulheres","tag-saude","tag-sociedade","count-0","even alt","author-taismachado","last"],"_links":{"self":[{"href":"https:\/\/ultimato.com.br\/sites\/taismachado\/wp-json\/wp\/v2\/posts\/600","targetHints":{"allow":["GET"]}}],"collection":[{"href":"https:\/\/ultimato.com.br\/sites\/taismachado\/wp-json\/wp\/v2\/posts"}],"about":[{"href":"https:\/\/ultimato.com.br\/sites\/taismachado\/wp-json\/wp\/v2\/types\/post"}],"author":[{"embeddable":true,"href":"https:\/\/ultimato.com.br\/sites\/taismachado\/wp-json\/wp\/v2\/users\/14"}],"replies":[{"embeddable":true,"href":"https:\/\/ultimato.com.br\/sites\/taismachado\/wp-json\/wp\/v2\/comments?post=600"}],"version-history":[{"count":1,"href":"https:\/\/ultimato.com.br\/sites\/taismachado\/wp-json\/wp\/v2\/posts\/600\/revisions"}],"predecessor-version":[{"id":601,"href":"https:\/\/ultimato.com.br\/sites\/taismachado\/wp-json\/wp\/v2\/posts\/600\/revisions\/601"}],"wp:attachment":[{"href":"https:\/\/ultimato.com.br\/sites\/taismachado\/wp-json\/wp\/v2\/media?parent=600"}],"wp:term":[{"taxonomy":"category","embeddable":true,"href":"https:\/\/ultimato.com.br\/sites\/taismachado\/wp-json\/wp\/v2\/categories?post=600"},{"taxonomy":"post_tag","embeddable":true,"href":"https:\/\/ultimato.com.br\/sites\/taismachado\/wp-json\/wp\/v2\/tags?post=600"}],"curies":[{"name":"wp","href":"https:\/\/api.w.org\/{rel}","templated":true}]}}