{"id":592,"date":"2012-04-21T20:18:41","date_gmt":"2012-04-21T20:18:41","guid":{"rendered":"http:\/\/ultimato.com.br\/sites\/taismachado\/?p=592"},"modified":"2012-04-22T00:23:29","modified_gmt":"2012-04-22T00:23:29","slug":"16a-semana-de-2012","status":"publish","type":"post","link":"https:\/\/ultimato.com.br\/sites\/taismachado\/2012\/04\/21\/16a-semana-de-2012\/","title":{"rendered":"16\u00aa semana de 2012"},"content":{"rendered":"<p>\u201cNo altar, um orador mulato, de 1,90 metro e 92 quilos, anuncia: \u2018Aqui tem milagre. O paral\u00edtico que saiu andando da cadeira de rodas. O cego que come\u00e7ou a enxergar. Aids, c\u00e2ncer. Tudo que na UTI n\u00e3o tiver mais jeito, aqui tem\u2019. [&#8230;] O orador \u00e9 o ap\u00f3stolo Valdemiro Santiago, 48. Ex-bispo da Igreja Universal do Reino de Deus, ele rompeu em 1997 com Edir Macedo para abrir sua pr\u00f3pria denomina\u00e7\u00e3o, a Igreja Mundial do Poder de Deus. [&#8230;] \u2018Sou um executivo das almas. Atrav\u00e9s de minha ora\u00e7\u00e3o, Deus j\u00e1 curou muitas doen\u00e7as incur\u00e1veis pelo recurso da ci\u00eancia\u2019. [&#8230;] Citando o antrop\u00f3logo franc\u00eas Claude L\u00e9vi-Strauss, o professor de sociologia da religi\u00e3o da USP Fl\u00e1vio Pierucci interpreta o sucesso de Santiago: \u2018Quem o procura j\u00e1 chega sugestionado. Os milagres acontecem, mas s\u00f3 para quem acredita. N\u00e3o curam o mal, mas podem curar a sensa\u00e7\u00e3o de dor\u2019, diz o professor, acrescentando que a oferta de servi\u00e7os m\u00e1gico-religiosos \u00e9 antiga no pa\u00eds e praticada por diversas f\u00e9s.\u201d<br \/>\nMorris Kachani \u2013 Folha de S.Paulo, 15\/04\/2012<\/p>\n<p>\u201cTer emprego, liberdade, sa\u00fade e rela\u00e7\u00f5es sociais eleva o bem-estar. Barulho, tr\u00e2nsito e brigas com familiares o reduzem.\u201d<br \/>\nH\u00e9lio Schwartsman \u2013 Folha de S.Paulo, 15\/04\/2012<\/p>\n<p>\u201cFomos acostumados desde tempos imemoriais \u00e0 ideia de que existe uma ortodoxia sexual da qual apenas os pervertidos, os loucos e enfermos se afastam e vimos transmitindo esse absurdo monstruoso para nossos filhos, netos e bisnetos, auxiliados pelos dogmas da religi\u00e3o, os c\u00f3digos morais e os h\u00e1bitos instaurados. Temos medo do sexo e nos custa aceitar que, neste incerto dom\u00ednio, h\u00e1 op\u00e7\u00f5es e variantes que devam ser aceitas como manifesta\u00e7\u00f5es da diversidade humana.\u201d<br \/>\nMario Vargas Llosa &#8211; \u2013 O Estado de S. Paulo, 15\/04\/2012<\/p>\n<p>\u201cNunca a informa\u00e7\u00e3o foi t\u00e3o acess\u00edvel como agora. Mas ainda continua sendo dif\u00edcil ver al\u00e9m dos dados. Nossa avalia\u00e7\u00e3o \u00e9 sempre bastante fr\u00e1gil. [&#8230;] Sociedades envelhecidas n\u00e3o t\u00eam capacidade de ousar e inovar. Os velhos, carregados de experi\u00eancia e maturidade, s\u00e3o bons gestores. Mas o motor de um pa\u00eds \u00e9 a ousadia. E o atrevimento n\u00e3o tem cabelos brancos. [&#8230;] Conseguir enriquecer como pa\u00eds antes de envelhecer. Estamos numa corrida contra o tempo. Queremos sucumbir ao inverno demogr\u00e1fico ou estamos dispostos a abrir a janela da renova\u00e7\u00e3o? Gente n\u00e3o \u00e9 problema. \u00c9 solu\u00e7\u00e3o.\u201d<br \/>\nCarlos Alberto di Franco \u2013 O Estado de S. Paulo, 16\/04\/2012<\/p>\n<p>\u201cCada vez mais plugados e cada vez mais solit\u00e1rios. Na sociedade contempor\u00e2nea, a solid\u00e3o \u00e9 como uma epidemia fora de controle. O Facebook \u00e9 a plataforma ideal para autopromo\u00e7\u00e3o delirante e infla\u00e7\u00e3o do ego via aceita\u00e7\u00e3o de um n\u00famero gigantesco de \u2018amigos\u2019 irreais.\u201d<br \/>\nLuiz Felipe Pond\u00e9 \u2013 Folha de S.Paulo, 16\/04\/2012<\/p>\n<p>\u201c \u2018N\u00e3o adianta achar\u2019, afirma Juli\u00e1n Lichtmann, s\u00f3cio diretor da Ingouville, Nelson &#038; Associados, \u2018que promover algu\u00e9m a cargo de gest\u00e3o far\u00e1 dele l\u00edder.\u2019 Um dos principais problemas, segundo Monteath, da Robert Half, \u00e9 \u2018a promo\u00e7\u00e3o precoce de profissionais a cargos de gest\u00e3o sem o devido preparo\u2019. Chefes imaturos e inseguros t\u00eam maior dificuldade de admitir seu despreparo nas avalia\u00e7\u00f5es internas anuais. Nem todos os l\u00edderes \u2018nascem prontos\u2019, diz o consultor Lichtmann. Lideran\u00e7a tamb\u00e9m se aprende, e as melhores empresas investem em treinamento. Mas h\u00e1 os que n\u00e3o aprendem nunca: \u2018Um l\u00edder \u00e9 reconhecido pela forma como age, n\u00e3o pelo que fala\u2019. Para um subordinado inteligente, \u00e9 mole sacar o l\u00edder \u2018artificial ou amb\u00edguo\u2019. N\u00e3o basta amar o que se faz. \u00c9 preciso gostar de pessoas para ser l\u00edder.\u201d<br \/>\nRuth Aquino, Revista \u00c9poca &#8211; 16\/04\/2012<\/p>\n<p>\u201cA multiplica\u00e7\u00e3o espantosa de canais e m\u00eddias, marca dessa era da comunica\u00e7\u00e3o, gera apetite infinito por conte\u00fado, e o cinema \u00e9 o rei do conte\u00fado, a grande s\u00edntese de m\u00fasica, literatura, dramaturgia, artes pl\u00e1sticas&#8230;\u201d<br \/>\nNizan Guanaes \u2013 Folha de S.Paulo, 17\/04\/2012<\/p>\n<p>\u201cO Minist\u00e9rio do Meio Ambiente tem apenas pouco mais de 0,5% do Or\u00e7amento federal. Como fiscalizar? Como cobrar multas, mesmo quando aplicadas? [&#8230;] Recursos naturais s\u00e3o hoje o fator escasso no mundo. E o Brasil poderia valer-se disso, pela situa\u00e7\u00e3o excepcional que desfruta. Mas, ao que parece, continuaremos apenas pensando em lucros imediatos.\u201d<br \/>\nWashington Novaes \u2013 O Estado de S. Paulo, 20\/04\/2012<\/p>\n<p>\u201cEm tempos de comunica\u00e7\u00e3o viral, em que as informa\u00e7\u00f5es e novidades s\u00e3o transmitidas como numa epidemia, a muta\u00e7\u00e3o \u00e9 constante. \u00c9 algo que extrapola o mundo virtual e modifica a forma de nos relacionarmos, de vivermos e de trabalharmos. [&#8230;] As vantagens desse novo tempo s\u00e3o incont\u00e1veis, assim como as pol\u00eamicas sobre para onde caminhamos. Alguns dizem que as redes sociais eliminam o contato pessoal e que esse &#8220;mundo paralelo&#8221; da internet sacrifica nosso afeto, tempo e criatividade. Outros acreditam no contr\u00e1rio: conectadas o tempo todo, as pessoas s\u00e3o mais informadas, produtivas, al\u00e9m de estabelecer maior leque de rela\u00e7\u00f5es.\u201d<br \/>\nMarta Suplicy \u2013 Folha de S.Paulo, 21\/04\/2012<\/p>\n<p>\u201cOs religiosos que t\u00eam dificuldade para entender como algu\u00e9m pode discordar de sua cosmovis\u00e3o devem pensar que eles tamb\u00e9m s\u00e3o ateus quando confrontados com cren\u00e7as alheias. [&#8230;] O fervor religioso \u00e9 uma arma assustadora, sempre disposta a disparar contra os que pensam de modo diverso. [&#8230;] Fui educado para respeitar as cren\u00e7as de todos, por mais bizarras que a mim pare\u00e7am. Se a religi\u00e3o ajuda uma pessoa a enfrentar suas contradi\u00e7\u00f5es existenciais, seja bem-vinda, desde que n\u00e3o a torne intolerante, autorit\u00e1ria ou violenta. Quanto aos religiosos, leitor, n\u00e3o os considero iluminados nem cr\u00e9dulos, superiores ou inferiores, os anos me ensinaram a julgar os homens por suas a\u00e7\u00f5es, n\u00e3o pelas convic\u00e7\u00f5es que apregoam.\u201d<br \/>\nDrauzio Varella \u2013 Folha de S.Paulo, 21\/04\/2012<\/p>\n<p>\u201cO mais prov\u00e1vel \u00e9 que a maioria das ideias se cristalize na forma de inten\u00e7\u00e3o. E inten\u00e7\u00e3o sem a\u00e7\u00e3o vira enrola\u00e7\u00e3o. O mundo est\u00e1 cheio de boas inten\u00e7\u00f5es, mas n\u00e3o tem mais paci\u00eancia com os enroladores.\u201d<br \/>\nEugenio Mussak, Revista Vida Simples \u2013 abril de 2012<\/p>\n","protected":false},"excerpt":{"rendered":"<p>\u201cNo altar, um orador mulato, de 1,90 metro e 92 quilos, anuncia: \u2018Aqui tem milagre. O paral\u00edtico que saiu andando da cadeira de rodas. O cego que come\u00e7ou a enxergar. Aids, c\u00e2ncer. Tudo que na UTI n\u00e3o tiver mais jeito, aqui tem\u2019. [&#8230;] O orador \u00e9 o ap\u00f3stolo Valdemiro Santiago, 48. Ex-bispo da Igreja Universal [&hellip;]<\/p>\n","protected":false},"author":14,"featured_media":0,"comment_status":"open","ping_status":"open","sticky":false,"template":"","format":"standard","meta":{"ngg_post_thumbnail":0,"footnotes":""},"categories":[4778],"tags":[8458,5938,7642,8442],"class_list":["post-592","post","type-post","status-publish","format-standard","hentry","category-contando-os-dias","tag-relacionamentos","tag-religiao","tag-sociedade","tag-vida-digital","count-0","even alt","author-taismachado","last"],"_links":{"self":[{"href":"https:\/\/ultimato.com.br\/sites\/taismachado\/wp-json\/wp\/v2\/posts\/592","targetHints":{"allow":["GET"]}}],"collection":[{"href":"https:\/\/ultimato.com.br\/sites\/taismachado\/wp-json\/wp\/v2\/posts"}],"about":[{"href":"https:\/\/ultimato.com.br\/sites\/taismachado\/wp-json\/wp\/v2\/types\/post"}],"author":[{"embeddable":true,"href":"https:\/\/ultimato.com.br\/sites\/taismachado\/wp-json\/wp\/v2\/users\/14"}],"replies":[{"embeddable":true,"href":"https:\/\/ultimato.com.br\/sites\/taismachado\/wp-json\/wp\/v2\/comments?post=592"}],"version-history":[{"count":1,"href":"https:\/\/ultimato.com.br\/sites\/taismachado\/wp-json\/wp\/v2\/posts\/592\/revisions"}],"predecessor-version":[{"id":593,"href":"https:\/\/ultimato.com.br\/sites\/taismachado\/wp-json\/wp\/v2\/posts\/592\/revisions\/593"}],"wp:attachment":[{"href":"https:\/\/ultimato.com.br\/sites\/taismachado\/wp-json\/wp\/v2\/media?parent=592"}],"wp:term":[{"taxonomy":"category","embeddable":true,"href":"https:\/\/ultimato.com.br\/sites\/taismachado\/wp-json\/wp\/v2\/categories?post=592"},{"taxonomy":"post_tag","embeddable":true,"href":"https:\/\/ultimato.com.br\/sites\/taismachado\/wp-json\/wp\/v2\/tags?post=592"}],"curies":[{"name":"wp","href":"https:\/\/api.w.org\/{rel}","templated":true}]}}