{"id":590,"date":"2012-04-15T19:06:49","date_gmt":"2012-04-15T19:06:49","guid":{"rendered":"http:\/\/ultimato.com.br\/sites\/taismachado\/?p=590"},"modified":"2012-04-17T19:09:54","modified_gmt":"2012-04-17T19:09:54","slug":"15a-semana-de-2012","status":"publish","type":"post","link":"https:\/\/ultimato.com.br\/sites\/taismachado\/2012\/04\/15\/15a-semana-de-2012\/","title":{"rendered":"15\u00aa semana de 2012"},"content":{"rendered":"<p>\u201cS\u00f3 progrediremos moralmente como esp\u00e9cie quando tornarmos a prote\u00e7\u00e3o da vida um lema.\u201d<br \/>\n Marcelo Gleiser \u2013 Folha de S.Paulo, 08\/04\/2012<\/p>\n<p>\u201cPara os crist\u00e3os, a P\u00e1scoa celebra a liberdade da alma diante das v\u00e1rias escravid\u00f5es da vida. [&#8230;] Crist\u00e3os comem o corpo e bebem o sangue de Cristo, um inocente. E &#8220;n\u00f3s&#8221; o matamos ou voc\u00ea duvida de qual lado voc\u00ea estaria na hist\u00f3ria?\u201d<br \/>\nLuiz Felipe Pond\u00e9 \u2013 Folha de S.Paulo, 09\/04\/2012<\/p>\n<p>\u201cEles precisam viver no mundo como ele \u00e9, viver nos mesmos espa\u00e7os p\u00fablicos que todos, inclusive o espa\u00e7o escolar, e conviver com todo tipo de pessoa, n\u00e3o apenas com aqueles que tamb\u00e9m portam diferen\u00e7as aparentes. Todos somos diferentes. Se n\u00e3o respeitarmos as diferen\u00e7as, se n\u00e3o aprendermos a conviver com a diferen\u00e7a, isso recair\u00e1, uma hora ou outra, contra n\u00f3s e contra nossos filhos.\u201d<br \/>\nRosely Say\u00e3o \u2013 Folha de S.Paulo, 10\/04\/2012<\/p>\n<p>\u201cO Brasil enfrenta hoje um grande desafio geopol\u00edtico e geoecon\u00f4mico. Temos de sair de uma posi\u00e7\u00e3o defensiva nas pol\u00edticas econ\u00f4mica e externa e decidir que pa\u00eds queremos ser.\u201d<br \/>\nRubens Barbosa \u2013 O Estado de S. Paulo, 10\/04\/2012<\/p>\n<p>\u201cNo Brasil, muitas pessoas ainda acreditam que viver s\u00f3 n\u00e3o \u00e9 uma escolha leg\u00edtima para a mulher. Em uma cultura que considera ter um marido como um capital, as mulheres sozinhas s\u00e3o vistas como p\u00e1rias. Enquanto em outras culturas viver s\u00f3 \u00e9 uma op\u00e7\u00e3o cada vez mais desej\u00e1vel, aqui ainda \u00e9 sin\u00f4nimo de exclus\u00e3o social e de fracasso pessoal.\u201d<br \/>\nMirian Goldenberg \u2013 Folha de S.Paulo, 10\/04\/2012<\/p>\n<p>\u201cJ\u00e1 quase a metade dos brasileiros (48,5%) est\u00e1 com excesso de peso. Isso \u00e9 um problema s\u00e9rio. Ao que parece, seguimos a mesma rota dos EUA, onde a epidemia de obesidade teve in\u00edcio e a propor\u00e7\u00e3o de gordos j\u00e1 beira os 75%. [&#8230;] A obesidade \u00e9 uma doen\u00e7a cr\u00f4nica, incur\u00e1vel e intrat\u00e1vel porque venc\u00ea-la exige passar por cima de todos os nossos instintos alimentares.\u201d<br \/>\nH\u00e9lio Schwartsman \u2013 Folha de S.Paulo, 11\/04\/2012<\/p>\n<p>\u201c\u00c9 imposs\u00edvel deter as Cachoeiras de desejos, sobretudo quando s\u00e3o proibidos por lei, mas aceitos placidamente pelos costumes da terra, como a amizade e a malandragem. Essas coisas que viciam, como disse um deputado mineiro que construiu um castelo feudal. E, mais que isso, a certeza de que o governo tem muito mais do que pode administrar. Principalmente quando se sabe que aquilo que \u00e9 de todos (ainda) n\u00e3o \u00e9 de ningu\u00e9m. Como prender bandidos num pa\u00eds onde mentir em causa pr\u00f3pria \u00e9 um princ\u00edpio constitutivo do sistema legal?\u201d<br \/>\nRoberto DaMatta \u2013 O Estado de S. Paulo, 11\/04\/2012<\/p>\n<p>\u201cAl\u00e9m de ser um direito, a educa\u00e7\u00e3o inclusiva \u00e9 uma resposta inteligente \u00e0s demandas do mundo contempor\u00e2neo. Incentiva uma pedagogia n\u00e3o homogeneizadora e desenvolve compet\u00eancias interpessoais. A sala de aula deveria espelhar a diversidade humana, n\u00e3o escond\u00ea-la. Claro que isso gera novas tens\u00f5es e conflitos, mas tamb\u00e9m estimula as habilidades morais para a conviv\u00eancia democr\u00e1tica. O resultado final, desfocado pela miopia de alguns, \u00e9 uma educa\u00e7\u00e3o melhor para todos.\u201d<br \/>\nRodrigo Mendes \u2013 Folha de S.Paulo, 12\/04\/2012<\/p>\n<p>\u201cQuando todas as portas est\u00e3o fechadas, os perdedores t\u00eam ao menos a sabedoria dos que foram profundamente feridos e que lhes permite reconhecer e sentir a dor e vulnerabilidade dos outros. Isso explica que saibam dar a ternura e amizade que jamais receberam.\u201d<br \/>\n Antonio Sk\u00e1rmeta \u2013 O Estado de S. Paulo, 14\/04\/2012<\/p>\n<p>\u201cNo fundo, o centralizador faz do controle uma forma de suprir o poder que, na verdade, n\u00e3o tem.\u201d<br \/>\nFabio Steinberg, Revista Alfa \u2013 abril de 2012<\/p>\n<p>\u201cMuita gente pensa que aprendizado \u00e9 s\u00f3 o que voc\u00ea consegue apresentar, colocar no papel. Mas \u00e9 muito mais. No trabalho, as pessoas lidam com problemas mais complexos. Para solucion\u00e1-los, \u00e9 necess\u00e1rio muitas vezes recorrer a diferentes tipos de conhecimento e experi\u00eancias, ser capaz de reuni-los e aplic\u00e1-los. Esse tipo de compet\u00eancia \u00e9 pouco ensinado e avaliado nas escolas. Os profissionais aprendem mais na pr\u00e1tica e geralmente nem conseguem explicar como e onde aprenderam.\u201d<br \/>\nMichel Eraut, Revista Voc\u00eas\/a \u2013 abril de 2012<\/p>\n","protected":false},"excerpt":{"rendered":"<p>\u201cS\u00f3 progrediremos moralmente como esp\u00e9cie quando tornarmos a prote\u00e7\u00e3o da vida um lema.\u201d Marcelo Gleiser \u2013 Folha de S.Paulo, 08\/04\/2012 \u201cPara os crist\u00e3os, a P\u00e1scoa celebra a liberdade da alma diante das v\u00e1rias escravid\u00f5es da vida. [&#8230;] Crist\u00e3os comem o corpo e bebem o sangue de Cristo, um inocente. E &#8220;n\u00f3s&#8221; o matamos ou voc\u00ea [&hellip;]<\/p>\n","protected":false},"author":14,"featured_media":0,"comment_status":"open","ping_status":"open","sticky":false,"template":"","format":"standard","meta":{"ngg_post_thumbnail":0,"footnotes":""},"categories":[4778],"tags":[5295,5296,131,5780,7642],"class_list":["post-590","post","type-post","status-publish","format-standard","hentry","category-contando-os-dias","tag-brasil","tag-brasileiro","tag-educacao","tag-mulheres","tag-sociedade","count-0","even alt","author-taismachado","last"],"_links":{"self":[{"href":"https:\/\/ultimato.com.br\/sites\/taismachado\/wp-json\/wp\/v2\/posts\/590","targetHints":{"allow":["GET"]}}],"collection":[{"href":"https:\/\/ultimato.com.br\/sites\/taismachado\/wp-json\/wp\/v2\/posts"}],"about":[{"href":"https:\/\/ultimato.com.br\/sites\/taismachado\/wp-json\/wp\/v2\/types\/post"}],"author":[{"embeddable":true,"href":"https:\/\/ultimato.com.br\/sites\/taismachado\/wp-json\/wp\/v2\/users\/14"}],"replies":[{"embeddable":true,"href":"https:\/\/ultimato.com.br\/sites\/taismachado\/wp-json\/wp\/v2\/comments?post=590"}],"version-history":[{"count":1,"href":"https:\/\/ultimato.com.br\/sites\/taismachado\/wp-json\/wp\/v2\/posts\/590\/revisions"}],"predecessor-version":[{"id":591,"href":"https:\/\/ultimato.com.br\/sites\/taismachado\/wp-json\/wp\/v2\/posts\/590\/revisions\/591"}],"wp:attachment":[{"href":"https:\/\/ultimato.com.br\/sites\/taismachado\/wp-json\/wp\/v2\/media?parent=590"}],"wp:term":[{"taxonomy":"category","embeddable":true,"href":"https:\/\/ultimato.com.br\/sites\/taismachado\/wp-json\/wp\/v2\/categories?post=590"},{"taxonomy":"post_tag","embeddable":true,"href":"https:\/\/ultimato.com.br\/sites\/taismachado\/wp-json\/wp\/v2\/tags?post=590"}],"curies":[{"name":"wp","href":"https:\/\/api.w.org\/{rel}","templated":true}]}}