{"id":588,"date":"2012-04-08T00:40:04","date_gmt":"2012-04-08T00:40:04","guid":{"rendered":"http:\/\/ultimato.com.br\/sites\/taismachado\/?p=588"},"modified":"2012-04-15T00:43:42","modified_gmt":"2012-04-15T00:43:42","slug":"14a-semana-de-2012","status":"publish","type":"post","link":"https:\/\/ultimato.com.br\/sites\/taismachado\/2012\/04\/08\/14a-semana-de-2012\/","title":{"rendered":"14\u00aa semana de 2012"},"content":{"rendered":"<p>\u201cO n\u00famero de brasileiros que diz ter lido pelo menos um livro em um per\u00edodo de tr\u00eas meses diminuiu em rela\u00e7\u00e3o a 2007, segundo a pesquisa &#8220;Retratos da Leitura no Brasil&#8221;, feita pelo Ibope Intelig\u00eancia com o Instituto Pr\u00f3-Livro. Em 2007, eles eram 55% da popula\u00e7\u00e3o (ou 95,6 milh\u00f5es de pessoas). No resultado apresentado ontem em Bras\u00edlia, o \u00edndice caiu para 50% da popula\u00e7\u00e3o (88,2 milh\u00f5es). O n\u00famero de livros lidos por ano, que inclui as obras indicadas pelas escolas, tamb\u00e9m caiu -de 4,7 por pessoa em 2007 para 4 em 2011. [&#8230;]O MinC incluiu no Plano Nacional de Cultura a meta de que, at\u00e9 2020, os brasileiros leiam quatro livros por ano fora do aprendizado formal.\u201d<br \/>\nN\u00e1dia Guerlenda \u2013 Folha de S.Paulo, 29\/03\/2012<\/p>\n<p>\u201cNa seculariza\u00e7\u00e3o, Deus n\u00e3o \u00e9 pronunciado, o que n\u00e3o significa que esteja ausente. Ele est\u00e1 presente sob o nome de justi\u00e7a, amor, retid\u00e3o, boa consci\u00eancia, solidariedade e compaix\u00e3o. Ilus\u00e3o dos crist\u00e3os pensarem que Deus esteja presente somente onde seu nome \u00e9 pronunciado, pois muitos se d\u00e3o por piedosos e comportarem-se como malfeitores. Nosso mundo pol\u00edtico est\u00e1 cheio deles. J\u00e1 o \u2018secularismo\u2019 \u00e9 a patologia da seculariza\u00e7\u00e3o  ao afirmar que s\u00f3 existe este mundo e qualquer aceno a algo que o transcenda \u00e9 ilus\u00e3o ou aliena\u00e7\u00e3o.\u201d<br \/>\nLeonardo Boff, O Estado de S. Paulo \u2013 01\/04\/2012<\/p>\n<p>\u201cO conselho que tenho para oferecer aos l\u00edderes \u00e9 a import\u00e2ncia da empatia no desenvolvimento da humildade, a import\u00e2ncia de compreender as situa\u00e7\u00f5es pelas quais as pessoas que trabalham na empresa est\u00e3o passando. Se o objetivo \u00e9 envolv\u00ea-los no trabalho, \u00e9 fundamental compreend\u00ea-los de fato, bem como os desafios que enfrentam.\u201d<br \/>\nJaimes Champy, O Estado de S. Paulo \u2013 01\/04\/2012<\/p>\n<p>\u201cPergunte-se a um grupo de m\u00e9dicos qual o \u00f3rg\u00e3o mais importante do corpo humano e certamente assistiremos a di\u00e1logos intermin\u00e1veis e inconclusos. O f\u00edgado \u00e9 o filtro, o cora\u00e7\u00e3o \u00e9 a bomba, o c\u00e9rebro toma decis\u00f5es, cada um com sua fatal indispensabilidade. Imposs\u00edvel o funcionamento aceit\u00e1vel do corpo sem o concurso dessas pe\u00e7as. Cora\u00e7\u00e3o sem f\u00edgado envenena-se, f\u00edgado sem c\u00e9rebro desgoverna-se, c\u00e9rebro sem cora\u00e7\u00e3o morre de inani\u00e7\u00e3o e, dizem os poetas, de falta de emo\u00e7\u00e3o&#8230; Sustentabilidade urbana, conceito complexo e mal conhecido, apresenta tamb\u00e9m seus tr\u00eas componentes org\u00e2nicos essenciais, inexor\u00e1veis e indispens\u00e1veis: o espa\u00e7o ambiental e cultural, o desenvolvimento econ\u00f4mico e a responsabilidade social. In\u00fatil privilegiar um deles em detrimento de qualquer dos outros.\u201d<br \/>\nJo\u00e3o Crestana, O Estado de S. Paulo \u2013 04\/04\/2012<\/p>\n<p>\u201cOs fundamentalistas s\u00e3o todos iguais: &#8216;apenas&#8217; querem que a lei de seu deus seja mandat\u00f3ria para todos os demais.\u201d<br \/>\nContardo Calligaris \u2013 Folha de S.Paulo, 05\/04\/2012<\/p>\n<p>\u201cA corrup\u00e7\u00e3o \u00e9 o capital sem lei. Todos os que a invocam, ainda que marginalmente, viram seus servidores. Sem exce\u00e7\u00e3o. Sem uma \u00fanica exce\u00e7\u00e3o.\u201d<br \/>\nEug\u00eanio Bucci, O Estado de S. Paulo \u2013 05\/04\/2012<\/p>\n<p>\u201cConcordo em g\u00eanero, n\u00famero e caso com dom Tarc\u00edsio Scaramussa, da CNBB, quando ele afirma que n\u00e3o faz sentido nem obrigar uma pessoa a rezar nem proibi-la de faz\u00ea-lo. [&#8230;]Como ateu, n\u00e3o abra\u00e7o nenhuma religi\u00e3o, mas, como liberal, n\u00e3o pretendo que todos pensem do mesmo modo. [&#8230;] A minha impress\u00e3o \u00e9 a de que n\u00e3o faltam oportunidades para conhecer as mais diversas mensagens religiosas, onipresentes em r\u00e1dios, TVs e tamb\u00e9m nas ruas. Na cidade de S\u00e3o Paulo, por exemplo, existem mais templos (algo em torno de 4.000) do que escolas p\u00fablicas (cerca de 1.700).\u201d<br \/>\nH\u00e9lio Schwartsman \u2013 Folha de S.Paulo, 06\/04\/2012<\/p>\n<p>\u201cSentimos nostalgia das coisas que est\u00e3o desaparecendo da vida contempor\u00e2nea. Quando eu era crian\u00e7a, a fam\u00edlia s\u00f3 tinha um aparelho de telefone, a torradeira durava 25 anos. [&#8230;] Fiz 65 anos em fevereiro. Nos Estados Unidos, sou oficialmente um cidad\u00e3o que entrou na velhice. \u00c9 um choque. O avan\u00e7o dos anos come\u00e7a a tomar conta de voc\u00ea. Tanta gente importante para mim tem morrido. [&#8230;] Voc\u00ea se pergunta: como aquele menino ficou t\u00e3o velho? [&#8230;] Me irrita, \u00e0s vezes, ficar ouvindo a fala\u00e7\u00e3o incessante de jovens com t\u00e3o pouca hist\u00f3ria de vida.\u201d<br \/>\nPaul Auster, O Estado de S. Paulo \u2013 06\/04\/2012<\/p>\n<p>\u201cA evolu\u00e7\u00e3o do c\u00e9rebro humano esteve associada \u00e0s demandas da complexidade do ambiente social. [&#8230;] Surgiram evid\u00eancias de que certas regi\u00f5es do c\u00e9rebro s\u00e3o mais desenvolvidas em pessoas que mant\u00eam contato com maior n\u00famero de parentes, amigos e colegas de trabalho. [&#8230;] Est\u00e1 cada vez mais evidente que o c\u00e9rebro \u00e9 uma ferramenta social.\u201d<br \/>\nDrauzio Varella \u2013 Folha de S.Paulo, 07\/04\/2012<\/p>\n","protected":false},"excerpt":{"rendered":"<p>\u201cO n\u00famero de brasileiros que diz ter lido pelo menos um livro em um per\u00edodo de tr\u00eas meses diminuiu em rela\u00e7\u00e3o a 2007, segundo a pesquisa &#8220;Retratos da Leitura no Brasil&#8221;, feita pelo Ibope Intelig\u00eancia com o Instituto Pr\u00f3-Livro. Em 2007, eles eram 55% da popula\u00e7\u00e3o (ou 95,6 milh\u00f5es de pessoas). No resultado apresentado ontem [&hellip;]<\/p>\n","protected":false},"author":14,"featured_media":0,"comment_status":"open","ping_status":"open","sticky":false,"template":"","format":"standard","meta":{"ngg_post_thumbnail":0,"footnotes":""},"categories":[4778],"tags":[5296,5357,13732,5536,5938],"class_list":["post-588","post","type-post","status-publish","format-standard","hentry","category-contando-os-dias","tag-brasileiro","tag-ciencia","tag-envelhecer","tag-fe","tag-religiao","count-0","even alt","author-taismachado","last"],"_links":{"self":[{"href":"https:\/\/ultimato.com.br\/sites\/taismachado\/wp-json\/wp\/v2\/posts\/588","targetHints":{"allow":["GET"]}}],"collection":[{"href":"https:\/\/ultimato.com.br\/sites\/taismachado\/wp-json\/wp\/v2\/posts"}],"about":[{"href":"https:\/\/ultimato.com.br\/sites\/taismachado\/wp-json\/wp\/v2\/types\/post"}],"author":[{"embeddable":true,"href":"https:\/\/ultimato.com.br\/sites\/taismachado\/wp-json\/wp\/v2\/users\/14"}],"replies":[{"embeddable":true,"href":"https:\/\/ultimato.com.br\/sites\/taismachado\/wp-json\/wp\/v2\/comments?post=588"}],"version-history":[{"count":1,"href":"https:\/\/ultimato.com.br\/sites\/taismachado\/wp-json\/wp\/v2\/posts\/588\/revisions"}],"predecessor-version":[{"id":589,"href":"https:\/\/ultimato.com.br\/sites\/taismachado\/wp-json\/wp\/v2\/posts\/588\/revisions\/589"}],"wp:attachment":[{"href":"https:\/\/ultimato.com.br\/sites\/taismachado\/wp-json\/wp\/v2\/media?parent=588"}],"wp:term":[{"taxonomy":"category","embeddable":true,"href":"https:\/\/ultimato.com.br\/sites\/taismachado\/wp-json\/wp\/v2\/categories?post=588"},{"taxonomy":"post_tag","embeddable":true,"href":"https:\/\/ultimato.com.br\/sites\/taismachado\/wp-json\/wp\/v2\/tags?post=588"}],"curies":[{"name":"wp","href":"https:\/\/api.w.org\/{rel}","templated":true}]}}