{"id":584,"date":"2012-03-26T09:48:02","date_gmt":"2012-03-26T09:48:02","guid":{"rendered":"http:\/\/ultimato.com.br\/sites\/taismachado\/?p=584"},"modified":"2012-03-26T13:50:23","modified_gmt":"2012-03-26T13:50:23","slug":"12a-semana-de-2012","status":"publish","type":"post","link":"https:\/\/ultimato.com.br\/sites\/taismachado\/2012\/03\/26\/12a-semana-de-2012\/","title":{"rendered":"12\u00aa semana de 2012"},"content":{"rendered":"<p>\u201cO programa El Sistema absorve milhares de jovens venezuelanos, oferecendo uma intensa forma\u00e7\u00e3o musical como ant\u00eddoto para os males da pobreza, uma realidade apesar da riqueza petrol\u00edfera da Venezuela. Segundo Jos\u00e9 Antonio Abreu, o programa funciona contra a viol\u00eancia. \u2018Quando nos apresentamos no exterior, somos mensageiros da paz, mas tamb\u00e9m da justi\u00e7a social\u2019, afirmou. A viol\u00eancia \u00e9 um problema global, disse. \u2018Orquestras e corais s\u00e3o instrumentos incrivelmente eficazes contra a viol\u00eancia\u2019, afirmou. [&#8230;] \u2018Tenho dedicado todos os meus esfor\u00e7os para que os mais pobres, os mais exclu\u00eddos, tenham acesso \u00e0 educa\u00e7\u00e3o musical\u2019, acrescentou. [&#8230;] Abreu, 73, \u00e9 formado em teclado e composi\u00e7\u00e3o e estudou reg\u00eancia. Seguiu uma carreira paralela como economista e foi parlamentar, consultor econ\u00f4mico e ministro da Cultura em governos anteriores do pa\u00eds. \u00c9 solteiro e leva uma vista asc\u00e9tica. Se descreve como um cat\u00f3lico devoto, &#8220;um sacerdote, um humilde servo de Jesus Cristo&#8221;, que aspira a ser \u2018um servo ideal, nobre e invenc\u00edvel de Deus\u2019.\u201d<br \/>\nDaniel J. Wakin \u2013 Folha de S.Paulo, 19\/03\/2012<\/p>\n<p>\u201cOs jovens t\u00eam vida de gente grande desde o in\u00edcio da adolesc\u00eancia. Vida social, pelo menos. Mas ser\u00e1 que na vida pessoal eles amadurecem? Temos ind\u00edcios de que n\u00e3o. Depois de conversar com v\u00e1rios jovens dessa idade, constatei um ponto interessante: os jovens manifestam uma dificuldade de dialogar com os adultos. Eles falam com os adultos: exp\u00f5em suas pol\u00eamicas opini\u00f5es a respeito dos assuntos em pauta, t\u00eam sempre bons argumentos para convencer os mais velhos a aceitarem seus pedidos, sabem comunicar o que querem. Entretanto, em situa\u00e7\u00f5es de conflito, principalmente quando essas envolvem algum aspecto de suas vidas, n\u00e3o sabem como se comportar, n\u00e3o conseguem enfrentar a situa\u00e7\u00e3o, perdem toda a seguran\u00e7a que tentam mostrar que t\u00eam.\u201d<br \/>\nRosely Say\u00e3o \u2013 Folha de S.Paulo, 20\/03\/2012<\/p>\n<p>\u201cO racismo, longe de ser uma patologia, parece-me um problema essencialmente \u00e9tico -a atitude de considerar inferior quem se encara como diferente.\u201d<br \/>\nJo\u00e3o Pereira Coutinho \u2013 Folha de S.Paulo, 20\/03\/2012<\/p>\n<p>\u201cO Brasil \u00e9 o pa\u00eds em que os blogs s\u00e3o mais acessados pelos usu\u00e1rios de internet no mundo. A conclus\u00e3o \u00e9 de um estudo apresentado ontem pela consultoria comScore, que analisou h\u00e1bitos e tend\u00eancias de usu\u00e1rios da internet em 44 mercados. Segundo o relat\u00f3rio, 95,9% do total de visitantes brasileiros acessaram algum blog em dezembro de 2011, o maior percentual entre os pa\u00edses analisados pela consultoria. A m\u00e9dia mundial \u00e9 de 58,9%. Redes sociais, sites de compras coletivas e de envio de mensagens instant\u00e2neas s\u00e3o outras categorias em que o acesso dos brasileiros superou a m\u00e9dia de outros pa\u00edses. Em 2011, o Brasil ultrapassou a Fran\u00e7a e se tornou o s\u00e9timo maior mercado de internet do mundo, com 46,3 milh\u00f5es de acessos de computadores em casa ou no trabalho. O n\u00famero n\u00e3o considera acessos de locais p\u00fablicos -LAN houses e bibliotecas. Os brasileiros ficaram 26,7 horas conectados em dezembro, a quinta maior m\u00e9dia mundial. S\u00f3 americanos, brit\u00e2nicos, sul-coreanos e franceses superam essa marca. Segundo o relat\u00f3rio, quase um quarto do tempo (23%) foi gasto em redes sociais, com o Facebook agora \u00e0 frente. Em 2010, 16% do tempo era dedicado \u00e0s redes sociais. O Brasil \u00e9 o mercado em que a rede criada por Mark Zuckerberg teve o seu segundo maior crescimento em 2011, de 187%, s\u00f3 perdendo para o Vietn\u00e3, onde o servi\u00e7o se expandiu 198% no per\u00edodo. Cada brasileiro gastou 4,8 horas no site em dezembro.\u201d<br \/>\nMarianna Arag\u00e3o \u2013 Folha de S.Paulo, 22\/03\/2012<\/p>\n<p>\u201cHoje, 884 milh\u00f5es de pessoas no mundo n\u00e3o t\u00eam acesso a \u00e1gua pot\u00e1vel segura e 2,6 bilh\u00f5es de pessoas (40% da popula\u00e7\u00e3o mundial) n\u00e3o t\u00eam acesso a saneamento b\u00e1sico. Portanto, temos um longo caminho para colocar a resolu\u00e7\u00e3o da ONU em pr\u00e1tica. No Brasil, h\u00e1 uma boa cobertura de distribui\u00e7\u00e3o de \u00e1gua tratada. Em rela\u00e7\u00e3o ao saneamento, no entanto, os n\u00fameros s\u00e3o vergonhosos. Apenas 44,5% da popula\u00e7\u00e3o est\u00e3o conectados a redes de esgoto -do esgoto coletado, somente 38% \u00e9 tratado. Isso significa que menos de 20% da popula\u00e7\u00e3o t\u00eam acesso a esgoto tratado, o que implica no lan\u00e7amento de grandes quantidades de material org\u00e2nico em nossos rios e no mar, no caso das cidades litor\u00e2neas.\u201d<br \/>\nMarina Silva \u2013 Folha de S.Paulo, 23\/03\/2012<\/p>\n<p>\u201cPara navegar em meio as ambiguidades sociais, acabamos desenvolvendo nosso senso moral. Jonathan Haidt sugere que ele pode ser decomposto em seis sentimentos b\u00e1sicos: prote\u00e7\u00e3o, justi\u00e7a, lealdade, autoridade, pureza e liberdade, que constituiriam uma esp\u00e9cie de tabela peri\u00f3dica do instinto moral. O mapa \u00e9tico de cada indiv\u00edduo seria uma combina\u00e7\u00e3o de diferentes propor\u00e7\u00f5es desses \u2018ingredientes\u2019.\u201d<br \/>\nH\u00e9lio Schwartsman \u2013 Folha de S.Paulo, 23\/03\/2012<\/p>\n<p>\u201cO c\u00e2ncer infantil representa hoje a segunda causa de mortalidade entre crian\u00e7as e adolescentes de at\u00e9 19 anos no Brasil-s\u00f3 perde para acidentes e viol\u00eancia. S\u00e3o 11 mil casos novos por ano, com taxas de 70% de cura, em m\u00e9dia. As neoplasias mais frequentes na inf\u00e2ncia s\u00e3o as leucemias (gl\u00f3bulos brancos), tumores do sistema nervoso central e linfomas (sistema linf\u00e1tico).\u201d<br \/>\nCl\u00e1udia Collucci \u2013 Folha de S.Paulo, 24\/03\/2012<\/p>\n<p>\u201cA verdade \u00e9 que os membros de nossa esp\u00e9cie, a\u00ed inclu\u00eddos os especialistas, temos dificuldades terr\u00edveis para sermos objetivos. Quem evidencia isso muito bem \u00e9 Paul Slovic, em suas investiga\u00e7\u00f5es na &#8216;heur\u00edstica do afeto&#8217;. O nome \u00e9 complicado, mas a ideia por tr\u00e1s dele n\u00e3o: as pessoas tomam decis\u00f5es consultando mais suas emo\u00e7\u00f5es do que dados e c\u00e1lculos racionais.\u201d<br \/>\nH\u00e9lio Schwartsman \u2013 Folha de S.Paulo, 24\/03\/2012<\/p>\n<p>\u201cSe me emocionasse fazendo um discurso e ficasse com olhos cheios d\u2019\u00e1gua, era porque eu era hist\u00e9rica, n\u00e3o sabia controlar as emo\u00e7\u00f5es. J\u00e1 meu antecessor, era um \u2018homem muito sens\u00edvel\u2019. Eu sempre era a gorda malvestida. E os homens mais cheinhos, eram os fortes, poderosos. Quando entrei para o governo, uma das coisas que mais me impressionou foi um artigo de uma revista feminina dizendo; \u2018Inacredit\u00e1vel: a presidente do Chile usou o mesmo vestido duas vezes na mesma semana\u2019. [&#8230;] O que mais me faz chorar \u00e9 a injusti\u00e7a. Ver uma mulher ou uma crian\u00e7a serem maltratadas me destr\u00f3i. \u00c9 indescrit\u00edvel minha sensa\u00e7\u00e3o de impot\u00eancia ao ver que mesmo a sociedade tendo evolu\u00eddo tanto, ainda morrem de fome 12 crian\u00e7as por minuto&#8230; isso \u00e9 horr\u00edvel.\u201d<br \/>\nMichelle Bachelet, 61, diretor executiva da ONU Mulheres, ex-presidente do Chile, Revisa Marie Claire \u2013 mar\u00e7o de 2012<\/p>\n","protected":false},"excerpt":{"rendered":"<p>\u201cO programa El Sistema absorve milhares de jovens venezuelanos, oferecendo uma intensa forma\u00e7\u00e3o musical como ant\u00eddoto para os males da pobreza, uma realidade apesar da riqueza petrol\u00edfera da Venezuela. Segundo Jos\u00e9 Antonio Abreu, o programa funciona contra a viol\u00eancia. \u2018Quando nos apresentamos no exterior, somos mensageiros da paz, mas tamb\u00e9m da justi\u00e7a social\u2019, afirmou. A [&hellip;]<\/p>\n","protected":false},"author":14,"featured_media":0,"comment_status":"open","ping_status":"open","sticky":false,"template":"","format":"standard","meta":{"ngg_post_thumbnail":0,"footnotes":""},"categories":[4778],"tags":[33,5357,15,157,165,5780,8400,8442],"class_list":["post-584","post","type-post","status-publish","format-standard","hentry","category-contando-os-dias","tag-arte","tag-ciencia","tag-criancas","tag-juventude","tag-meio-ambiente","tag-mulheres","tag-saude","tag-vida-digital","count-0","even alt","author-taismachado","last"],"_links":{"self":[{"href":"https:\/\/ultimato.com.br\/sites\/taismachado\/wp-json\/wp\/v2\/posts\/584","targetHints":{"allow":["GET"]}}],"collection":[{"href":"https:\/\/ultimato.com.br\/sites\/taismachado\/wp-json\/wp\/v2\/posts"}],"about":[{"href":"https:\/\/ultimato.com.br\/sites\/taismachado\/wp-json\/wp\/v2\/types\/post"}],"author":[{"embeddable":true,"href":"https:\/\/ultimato.com.br\/sites\/taismachado\/wp-json\/wp\/v2\/users\/14"}],"replies":[{"embeddable":true,"href":"https:\/\/ultimato.com.br\/sites\/taismachado\/wp-json\/wp\/v2\/comments?post=584"}],"version-history":[{"count":1,"href":"https:\/\/ultimato.com.br\/sites\/taismachado\/wp-json\/wp\/v2\/posts\/584\/revisions"}],"predecessor-version":[{"id":585,"href":"https:\/\/ultimato.com.br\/sites\/taismachado\/wp-json\/wp\/v2\/posts\/584\/revisions\/585"}],"wp:attachment":[{"href":"https:\/\/ultimato.com.br\/sites\/taismachado\/wp-json\/wp\/v2\/media?parent=584"}],"wp:term":[{"taxonomy":"category","embeddable":true,"href":"https:\/\/ultimato.com.br\/sites\/taismachado\/wp-json\/wp\/v2\/categories?post=584"},{"taxonomy":"post_tag","embeddable":true,"href":"https:\/\/ultimato.com.br\/sites\/taismachado\/wp-json\/wp\/v2\/tags?post=584"}],"curies":[{"name":"wp","href":"https:\/\/api.w.org\/{rel}","templated":true}]}}