{"id":579,"date":"2012-03-15T12:06:05","date_gmt":"2012-03-15T12:06:05","guid":{"rendered":"http:\/\/ultimato.com.br\/sites\/taismachado\/?p=579"},"modified":"2012-03-15T16:08:56","modified_gmt":"2012-03-15T16:08:56","slug":"10a-semana-de-2012","status":"publish","type":"post","link":"https:\/\/ultimato.com.br\/sites\/taismachado\/2012\/03\/15\/10a-semana-de-2012\/","title":{"rendered":"10\u00aa semana de 2012"},"content":{"rendered":"<p>\u201cErrar e admitir o erro s\u00e3o passos essenciais na busca pela verdade.\u201d<br \/>\n Marcelo Gleiser \u2013 Folha de S.Paulo, 04\/03\/2012<\/p>\n<p>\u201cUm estudo em janeiro na revista \u2018Cyberpsychology, Behavior and Social Networking\u2019 descobriu que quanto mais tempo as pessoas passam no Facebook, mais elas acham que seus amigos s\u00e3o felizes e, em consequ\u00eancia, se sentem mais tristes.\u201d<br \/>\nAnita Patil \u2013 Folha de S.Paulo, 05\/03\/2012<\/p>\n<p>\u201cO c\u00e2ncer n\u00e3o \u00e9 uma doen\u00e7a, mas muitas. Podemos chamar todas da mesma maneira porque compartilham uma caracter\u00edstica fundamental: o crescimento anormal das c\u00e9lulas. \u00c9 um exagero dizer que a guerra contra o c\u00e2ncer est\u00e1 perdida, mas tamb\u00e9m n\u00e3o \u00e9 realista dizer que essa \u00e9 uma guerra que pode ser completamente vencida.\u201d<br \/>\nSiddhartha Mukherjee, Revista \u00c9poca \u2013 05\/03\/2012<\/p>\n<p>\u201cA inviolabilidade da crian\u00e7a sempre me pareceu superior \u00e0 autonomia dos pais, exceto nos casos em que a gravidez representa amea\u00e7a para a sa\u00fade f\u00edsica ou ps\u00edquica da m\u00e3e. S\u00f3 quando duas vidas est\u00e3o em conflito \u00e9 poss\u00edvel decidir salvar uma delas.\u201d<br \/>\nJo\u00e3o Pereira Coutinho \u2013 Folha de S.Paulo, 06\/03\/2012<\/p>\n<p>\u201cA mulher \u00e9 guerreira, mas ela n\u00e3o vai \u00e0 guerra como os homens, para destruir inimigos. Ela vai \u00e0 guerra para construir, para proteger e para nutrir os seus. Existe um consenso entre os ativistas sociais de que a mulher \u00e9 o vetor mais eficiente de propaga\u00e7\u00e3o de prosperidade, seguran\u00e7a familiar, sa\u00fade e educa\u00e7\u00e3o\u201d<br \/>\n Nizan Guanaes \u2013 Folha de S.Paulo, 06\/03\/2012<\/p>\n<p>\u201cA globaliza\u00e7\u00e3o e as novas tecnologias nos conectaram uns aos outros e abriram novas formas de ser, pensar, sentir e agir. Consumo respons\u00e1vel, alimenta\u00e7\u00e3o saud\u00e1vel, respeito \u00e0s diversidades, saber ouvir e participar da vida social e pol\u00edtica, criatividade e inova\u00e7\u00e3o poder\u00e3o ser os novos pilares da sociedade contempor\u00e2nea -e o Brasil tem todas as condi\u00e7\u00f5es para trilhar esse caminho. Resta saber se teremos a maturidade e as condi\u00e7\u00f5es para a constru\u00e7\u00e3o e a afirma\u00e7\u00e3o de novos valores.\u201d<br \/>\nMaria Alice Setubal \u2013 Folha de S.Paulo, 06\/03\/2012<\/p>\n<p>\u201cO corpo tem de dar lucro. As mulheres querem ser disputadas, consumidas, como um bom eletrodom\u00e9stico. [&#8230;] Sempre que chega esse Dia Internacional, n\u00f3s machistas elogiamos o lado &#8220;abstrato&#8221; das f\u00eameas, sua delicadeza, sua capacidade de perd\u00e3o (sic), sua coragem, em textos de hipocrisia paternalista, como se fal\u00e1ssemos de pobres, de crian\u00e7as ou de v\u00edtimas. Claro que na Hist\u00f3ria, as mulheres foram e s\u00e3o oprimidas, estupradas na alma e corpo. Mas n\u00e3o \u00e9 como v\u00edtimas que devemos lament\u00e1-las ou louv\u00e1-las . Sua import\u00e2ncia \u00e9 afirmativa, pois elas est\u00e3o muito mais pr\u00f3ximas que n\u00f3s da realidade deste mundo aberto, sem futuro ou significado. Elas n\u00e3o caminham em busca de um &#8220;sentido&#8221; \u00fanico, de um poder brutal. N\u00e3o \u00e9 que sejam &#8220;incompreens\u00edveis&#8221;; elas s\u00e3o mais complexas, imprevis\u00edveis como a natureza. O homem se cr\u00ea acima do mist\u00e9rio, mas as mulheres est\u00e3o dentro. S\u00e3o impalp\u00e1veis como a realidade que o homem &#8220;pensa&#8221; que controla. A mulher pensa por met\u00e1foras. O homem por meton\u00edmias. Entenderam? Claro que n\u00e3o. Digo melhor, a mulher comp\u00f5e quadros mentais que se montam em um conjunto simb\u00f3lico, como a arte. O homem quer princ\u00edpio, meio e fim.\u201d<br \/>\nArnaldo Jabor &#8211; O Estado de S. Paulo, 07\/03\/2012<\/p>\n<p>\u201cPergunto se n\u00e3o seria uma urg\u00eancia urgent\u00edssima fazer uma campanha maci\u00e7a, dura e realista, mostrando claramente a nossa resist\u00eancia \u00e0 cordialidade que sem d\u00favida \u00e9 nossa, mas que deve ultrapassar as fronteiras da casa e do cora\u00e7\u00e3o, para ser aplicada ao mundo da rua e a todos os que conosco compartilham o espa\u00e7o urbano. Tal extens\u00e3o do respeito pelo outro no mundo p\u00fablico chama-se igualdade! Esse valor a ser implementado pela pol\u00edcia e pela lei, mas ao lado de uma conscientiza\u00e7\u00e3o de nossas alergias \u00e0s situa\u00e7\u00f5es igualit\u00e1rias e o nosso pendor \u00e0s diferencia\u00e7\u00f5es que excluem os &#8220;homens bons&#8221; ou a &#8220;gente boa&#8221; das regras, sendo a marca de quem det\u00e9m alguma forma de fama, celebridade, &#8220;voc\u00ea sabe com quem est\u00e1 falando?&#8221; e, bem acima de tudo, poder pol\u00edtico!\u201d<br \/>\nRoberto DaMatta &#8211; O Estado de S. Paulo, 07\/03\/2012<\/p>\n<p>\u201cH\u00e1 homens impotentes que se esfregam contra mulheres no metr\u00f4 lotado: esperam confirmar sua virilidade duvidosa gra\u00e7as \u00e0 rea\u00e7\u00e3o indignada que eles suscitam.\u201d<br \/>\nContardo Calligaris \u2013 Folha de S.Paulo, 08\/03\/2012<\/p>\n<p>\u201cO Brasil \u00e9 tetracampe\u00e3o em felicidade no ranking de uma pesquisa feita pela FGV (Funda\u00e7\u00e3o Get\u00falio Vargas) em parceria com a consultoria Gallup, na qual a S\u00edria aparece em \u00faltimo lugar. Feita com cerca de 200 mil pessoas em 158 pa\u00edses, a pesquisa realizada em 2011 buscou saber a expectativa de felicidade das pessoas nos pr\u00f3ximos cinco anos e tamb\u00e9m no presente. O Brasil vence nos dois. Depois do Brasil, no quesito &#8220;pa\u00edses mais felizes&#8221; aparecem Panam\u00e1, Costa Rica, Col\u00f4mbia, Qatar, Su\u00ed\u00e7a e Dinamarca. Entre os brasileiros, a pesquisa constatou tamb\u00e9m que as mulheres s\u00e3o mais felizes que os homens, o que Neri atribui ao maior n\u00edvel de educa\u00e7\u00e3o conquistado pelas mulheres nos \u00faltimos anos. De acordo com Neri, a educa\u00e7\u00e3o traz felicidade porque se traduz em renda e, consequentemente, em uma vida melhor. Outra constata\u00e7\u00e3o da pesquisa \u00e9 a de que as mulheres solteiras s\u00e3o mais felizes que as casadas no mundo inteiro, mas o \u00edndice cai \u00e0 medida que a mulher envelhece. As que t\u00eam filhos menores de 15 anos tamb\u00e9m s\u00e3o mais felizes do que as que n\u00e3o t\u00eam filhos, indicou a pesquisa.\u201d<br \/>\nDenise Luna \u2013 Folha de S.Paulo, 08\/03\/2012<\/p>\n<p>\u201cApenas 4,2% dos estudantes que conclu\u00edam o ensino m\u00e9dio da rede estadual paulista em 2011 tinham um conhecimento adequado em matem\u00e1tica. Seis em cada dez n\u00e3o sabiam nem o b\u00e1sico do que era esperado para a s\u00e9rie na mesma disciplina. A informa\u00e7\u00e3o faz parte do balan\u00e7o do Saresp, exame do governo paulista que avalia anualmente o conhecimento de matem\u00e1tica e portugu\u00eas de estudantes do 5\u00ba e 9\u00ba anos do ensino fundamental e do 3\u00ba ano do ensino m\u00e9dio. [&#8230;] O balan\u00e7o mostra que 58,4% dos alunos do 3\u00ba ano do ensino m\u00e9dio tiveram desempenho considerado &#8220;abaixo do b\u00e1sico&#8221; (insuficiente) em matem\u00e1tica, no conceito adotado pelo Estado.\u201d<br \/>\nTalita Bedinelli \u2013 Folha de S.Paulo, 08\/03\/2012<\/p>\n<p>\u201cAdemais, dados da OMS mostram que as taxas de filhos escolarizados s\u00e3o 40% maiores quando a m\u00e3e \u00e9 alfabetizada, em contraposi\u00e7\u00e3o ao pai alfabetizado. Comprovam tamb\u00e9m que para cada ano de escolariza\u00e7\u00e3o da m\u00e3e a mortalidade infantil fica nove em cada mil nascimentos menor.\u201d<br \/>\nMiguel Srougi \u2013 Folha de S.Paulo, 09\/03\/2012<\/p>\n<p>\u201cSe n\u00e3o priorizarmos o transporte coletivo, o transporte individual ir\u00e1 tomar todo o espa\u00e7o que dermos, e n\u00e3o ser\u00e1 suficiente. Seus usu\u00e1rios ainda ir\u00e3o reclamar como crian\u00e7as &#8220;birrentas&#8221; at\u00e9 espumar de raiva, levantando a bandeira do direito adquirido do uso do transporte individual, baseada na individualidade e no ego\u00edsmo do uso do espa\u00e7o p\u00fablico. Quem viver ver\u00e1.\u201d<br \/>\nHor\u00e1cio Augusto Figueira \u2013 Folha de S.Paulo, 10\/03\/2012<\/p>\n<p>\u201cAchava que tudo tinha de ser do meu jeito e ponto. Era muito dif\u00edcil mudar meu ponto de vista. Por mais que diziam para n\u00e3o entrar no crime, estava certo de que deveria entrar nesse mundo. [&#8230;] Se eu disser que roubei por necessidade, \u2018t\u00f4\u2019 mentindo. N\u00e3o passava fome, minha m\u00e3e me criava bem. [&#8230;] A mudan\u00e7a s\u00f3 aconteceu quando eu vim para a Funda\u00e7\u00e3o Casa. Tive alguns professores que come\u00e7aram a colocar d\u00favidas em minha mente. Eles me perguntavam o que eu queria para mim. A m\u00fasica, o surfe ou o crime? Sempre gostei dos tr\u00eas. Fiquei um pouco indeciso, o crime ainda estava em mim. Acabei descartando o crime pouco a pouco. N\u00e3o d\u00e1 para fingir que n\u00e3o fez parte da minha vida. A\u00ed, passei a gostar de mim. Aprendi a tocar percuss\u00e3o, compus can\u00e7\u00f5es e decidi pela m\u00fasica. [&#8230;] Ningu\u00e9m l\u00e1 em casa tem faculdade, por isso minha fam\u00edlia ficou supercontente. Falaram: \u2018Voc\u00ea mudou\u2019. Eles disseram que aprendi a ouvir os outros. Voc\u00ea me pergunta se eu acho que mudei? N\u00e3o acho, porque se achasse ainda teria d\u00favida. Tenho certeza de que mudei.\u201d<br \/>\nAfonso Benites \u2013 Folha de S.Paulo, 10\/03\/2012<\/p>\n","protected":false},"excerpt":{"rendered":"<p>\u201cErrar e admitir o erro s\u00e3o passos essenciais na busca pela verdade.\u201d Marcelo Gleiser \u2013 Folha de S.Paulo, 04\/03\/2012 \u201cUm estudo em janeiro na revista \u2018Cyberpsychology, Behavior and Social Networking\u2019 descobriu que quanto mais tempo as pessoas passam no Facebook, mais elas acham que seus amigos s\u00e3o felizes e, em consequ\u00eancia, se sentem mais tristes.\u201d [&hellip;]<\/p>\n","protected":false},"author":14,"featured_media":0,"comment_status":"open","ping_status":"open","sticky":false,"template":"","format":"standard","meta":{"ngg_post_thumbnail":0,"footnotes":""},"categories":[4778],"tags":[5357,131,5780,7642,10592,8442],"class_list":["post-579","post","type-post","status-publish","format-standard","hentry","category-contando-os-dias","tag-ciencia","tag-educacao","tag-mulheres","tag-sociedade","tag-transformacao","tag-vida-digital","count-0","even alt","author-taismachado","last"],"_links":{"self":[{"href":"https:\/\/ultimato.com.br\/sites\/taismachado\/wp-json\/wp\/v2\/posts\/579","targetHints":{"allow":["GET"]}}],"collection":[{"href":"https:\/\/ultimato.com.br\/sites\/taismachado\/wp-json\/wp\/v2\/posts"}],"about":[{"href":"https:\/\/ultimato.com.br\/sites\/taismachado\/wp-json\/wp\/v2\/types\/post"}],"author":[{"embeddable":true,"href":"https:\/\/ultimato.com.br\/sites\/taismachado\/wp-json\/wp\/v2\/users\/14"}],"replies":[{"embeddable":true,"href":"https:\/\/ultimato.com.br\/sites\/taismachado\/wp-json\/wp\/v2\/comments?post=579"}],"version-history":[{"count":1,"href":"https:\/\/ultimato.com.br\/sites\/taismachado\/wp-json\/wp\/v2\/posts\/579\/revisions"}],"predecessor-version":[{"id":580,"href":"https:\/\/ultimato.com.br\/sites\/taismachado\/wp-json\/wp\/v2\/posts\/579\/revisions\/580"}],"wp:attachment":[{"href":"https:\/\/ultimato.com.br\/sites\/taismachado\/wp-json\/wp\/v2\/media?parent=579"}],"wp:term":[{"taxonomy":"category","embeddable":true,"href":"https:\/\/ultimato.com.br\/sites\/taismachado\/wp-json\/wp\/v2\/categories?post=579"},{"taxonomy":"post_tag","embeddable":true,"href":"https:\/\/ultimato.com.br\/sites\/taismachado\/wp-json\/wp\/v2\/tags?post=579"}],"curies":[{"name":"wp","href":"https:\/\/api.w.org\/{rel}","templated":true}]}}