{"id":550,"date":"2011-12-31T18:14:09","date_gmt":"2011-12-31T18:14:09","guid":{"rendered":"http:\/\/ultimato.com.br\/sites\/taismachado\/?p=550"},"modified":"2011-12-31T21:15:14","modified_gmt":"2011-12-31T21:15:14","slug":"a-ignorancia-nos-acompanha","status":"publish","type":"post","link":"https:\/\/ultimato.com.br\/sites\/taismachado\/2011\/12\/31\/a-ignorancia-nos-acompanha\/","title":{"rendered":"A IGNOR\u00c2NCIA NOS ACOMPANHA"},"content":{"rendered":"<p>         Hoje acordei com a triste not\u00edcia da morte do jornalista Daniel Piza, v\u00edtima de um AVC quando estava com os familiares em Minas Gerais. Seu pai, m\u00e9dico, ainda tentou socorr\u00ea-lo, mas em v\u00e3o.<br \/>\n\tEle tinha 41 anos, era casado, pai de tr\u00eas filhos, um bom jornalista e colunista no 2\u00ba maior jornal do Brasil (\u201cO Estad\u00e3o de S\u00e3o Paulo\u201d). Suas colunas dominicais traziam reflex\u00f5es interessantes. Gostava de acompanhar. Inclusive, no dia anterior, havia postado na coluna \u201cContando os dias\u201d (onde aproveito para repartir not\u00edcias da semana que sa\u00edram na m\u00eddia impressa e podem contribuir para nossas reflex\u00f5es), parte de um texto dele, escrito naquela que seria sua \u00faltima coluna.<br \/>\n\tEm seu blog no \u201cestad\u00e3o\u201d, deixou seu \u00faltimo post: \u201cparada de fim de ano. Volto no dia 11. Feliz 2012 para todos n\u00f3s\u201d. Ele n\u00e3o poderia esperar, gozando de boa sa\u00fade, no vigor de seus 41 anos, que teria, de repente, um AVC fulminante. Seu conhecimento vasto, seus recursos materiais, m\u00e9dicos na pr\u00f3pria fam\u00edlia, por perto, nada disso foi suficiente. Havia chegado sua hora.<br \/>\n\tPiza n\u00e3o imaginava que suas \u00faltimas linhas p\u00fablicas, em seu blog (exerc\u00edcio da profiss\u00e3o), na express\u00e3o de seu desejo e o comunicado que fez, seria o que de fato aconteceria. A parada de fim de ano era para ele, na verdade, uma parada definitiva nesta vida. Disse que voltaria, n\u00e3o voltar\u00e1. De minha parte, junto-me a uma enorme quantidade de pessoas que lamentam sua morte. Far\u00e1 falta suas reflex\u00f5es e a qualidade de seus textos.<br \/>\n\tLembro-me, contudo, das palavras de Jesus: \u201cQuem de voc\u00eas, por mais que se preocupe, pode acrescentar uma hora que seja \u00e0 sua vida?\u201d (Mt 6.27). \u00c0s vezes nem precisamos estar preocupados, estamos apenas distra\u00eddos, o fato \u00e9 que ignoramos muito mais do que imaginamos de nossa pr\u00f3pria vida.<br \/>\n\tDurante boa parte da vida passamos tentando nos proteger, contudo, n\u00e3o sabemos quando, como, podemos ser surpreendidos fatalmente.<br \/>\n\tMeu desejo \u00e9 que em 2012 a sabedoria de quem amplia a consci\u00eancia de sua pr\u00f3pria ignor\u00e2ncia, cres\u00e7a. Que a f\u00e9 no provocador Jesus se aprofunde, nos levando a novos e bons questionamentos, e ao mesmo tempo, ao descanso que a nova alian\u00e7a propiciada por ele nos traz.<br \/>\n\tEntre tantas ignor\u00e2ncias, que estejamos atentos para n\u00e3o ignorar o amor de Deus.<br \/>\nE aproveitemos para celebrar o presente que temos, com ternura, alegria e gratid\u00e3o. N\u00e3o sabemos at\u00e9 onde iremos, n\u00e3o sabemos quando deixaremos essa vida, mas temos esse instante que pode ser vivido de uma melhor maneira.<\/p>\n","protected":false},"excerpt":{"rendered":"<p>Hoje acordei com a triste not\u00edcia da morte do jornalista Daniel Piza, v\u00edtima de um AVC quando estava com os familiares em Minas Gerais. Seu pai, m\u00e9dico, ainda tentou socorr\u00ea-lo, mas em v\u00e3o. Ele tinha 41 anos, era casado, pai de tr\u00eas filhos, um bom jornalista e colunista no 2\u00ba maior jornal do Brasil (\u201cO [&hellip;]<\/p>\n","protected":false},"author":14,"featured_media":0,"comment_status":"open","ping_status":"open","sticky":false,"template":"","format":"standard","meta":{"ngg_post_thumbnail":0,"footnotes":""},"categories":[114],"tags":[161],"class_list":["post-550","post","type-post","status-publish","format-standard","hentry","category-artigos","tag-morte","count-0","even alt","author-taismachado","last"],"_links":{"self":[{"href":"https:\/\/ultimato.com.br\/sites\/taismachado\/wp-json\/wp\/v2\/posts\/550","targetHints":{"allow":["GET"]}}],"collection":[{"href":"https:\/\/ultimato.com.br\/sites\/taismachado\/wp-json\/wp\/v2\/posts"}],"about":[{"href":"https:\/\/ultimato.com.br\/sites\/taismachado\/wp-json\/wp\/v2\/types\/post"}],"author":[{"embeddable":true,"href":"https:\/\/ultimato.com.br\/sites\/taismachado\/wp-json\/wp\/v2\/users\/14"}],"replies":[{"embeddable":true,"href":"https:\/\/ultimato.com.br\/sites\/taismachado\/wp-json\/wp\/v2\/comments?post=550"}],"version-history":[{"count":1,"href":"https:\/\/ultimato.com.br\/sites\/taismachado\/wp-json\/wp\/v2\/posts\/550\/revisions"}],"predecessor-version":[{"id":551,"href":"https:\/\/ultimato.com.br\/sites\/taismachado\/wp-json\/wp\/v2\/posts\/550\/revisions\/551"}],"wp:attachment":[{"href":"https:\/\/ultimato.com.br\/sites\/taismachado\/wp-json\/wp\/v2\/media?parent=550"}],"wp:term":[{"taxonomy":"category","embeddable":true,"href":"https:\/\/ultimato.com.br\/sites\/taismachado\/wp-json\/wp\/v2\/categories?post=550"},{"taxonomy":"post_tag","embeddable":true,"href":"https:\/\/ultimato.com.br\/sites\/taismachado\/wp-json\/wp\/v2\/tags?post=550"}],"curies":[{"name":"wp","href":"https:\/\/api.w.org\/{rel}","templated":true}]}}